{"id":58976,"date":"2023-05-11T20:37:10","date_gmt":"2023-05-11T23:37:10","guid":{"rendered":"https:\/\/vocesparalelas.com.ar\/sitio\/?p=58976"},"modified":"2023-05-12T00:37:23","modified_gmt":"2023-05-12T03:37:23","slug":"refuerzo-alimentario-para-los-alumnos-de-las-escuelas-de-san-juan","status":"publish","type":"post","link":"https:\/\/vocesparalelas.com.ar\/sitio\/refuerzo-alimentario-para-los-alumnos-de-las-escuelas-de-san-juan\/","title":{"rendered":"Refuerzo alimentario para los alumnos de las Escuelas de San Juan"},"content":{"rendered":"<p>Estado presente es garantizar igualdad de oportunidades, restituci\u00f3n y protecci\u00f3n de derechos e inclusi\u00f3n social para cada uno de los habitantes de la provincia. En ese orden, el Gobierno de San Juan implementa pol\u00edticas p\u00fablicas orientadas a que cada ni\u00f1o, ni\u00f1a y adolescente pueda tener acceso a una alimentaci\u00f3n saludable durante su jornada educativa, lo que contribuye a mejorar su rendimiento acad\u00e9mico y su calidad de vida en general.<\/p>\n<p>Esto se da en el marco de las herramientas pedag\u00f3gicas y estructurales que el Estado provee a la educaci\u00f3n, el dise\u00f1o de pol\u00edticas sociales que acompa\u00f1en la formaci\u00f3n contribuyendo a los procesos de aprendizaje y generando condiciones para que aquellos sectores de mayor vulnerabilidad, aseguren el acceso igualitario y equitativo a los beneficios de la educaci\u00f3n.<\/p>\n<p>En ese sentido, desde el Ministerio de Desarrollo Humano y Promoci\u00f3n Social del Gobierno de San Juan, a trav\u00e9s de la Direcci\u00f3n de Pol\u00edticas Alimentarias, lleva adelante el Programa de Refuerzo Alimentario, cuyo fin es realizar un aporte nutricional adecuado para quienes asisten diariamente a los establecimientos educativos de los 19 departamentos.<\/p>\n<p>El refuerzo alimentario es una herramienta fundamental para reducir la deserci\u00f3n escolar, especialmente en zonas vulnerables. Adem\u00e1s, esta pol\u00edtica promueve una alimentaci\u00f3n saludable y equilibrada, lo que a su vez ayuda a prevenir enfermedades y mejorar la salud de los estudiantes.<\/p>\n<p>De esta manera, para este ciclo lectivo 2023, la cartera social llevar\u00e1 adelante esta acci\u00f3n de inclusi\u00f3n en 806 establecimientos, alcanzando un total de 156.834 titulares de derecho y que incluir\u00e1 desayunos y\/o meriendas, dependiendo del caso. Adem\u00e1s, 39.128 chicos y chicas formar\u00e1n parte de comedores en 248 escuelas.<\/p>\n<p>Es importante destacar que la continuidad de estas pol\u00edticas es clave para garantizar la igualdad de oportunidades y el acceso a la educaci\u00f3n para todos los ni\u00f1os, ni\u00f1as y adolescentes de la provincia. Adem\u00e1s, estas medidas contribuyen a reducir la brecha educativa, fortaleciendo el tejido social y econ\u00f3mico de la provincia en su conjunto. Por lo tanto, es fundamental que el Gobierno de San Juan contin\u00fae llevando adelante estas pol\u00edticas de inclusi\u00f3n social y educativa, para seguir avanzando en la construcci\u00f3n de una sociedad m\u00e1s justa e igualitaria.<\/p>\n","protected":false},"excerpt":{"rendered":"<p>Estado presente es garantizar igualdad de oportunidades, restituci\u00f3n y protecci\u00f3n de derechos e inclusi\u00f3n social para cada uno de los<\/p>\n","protected":false},"author":3,"featured_media":58979,"comment_status":"closed","ping_status":"closed","sticky":false,"template":"","format":"standard","meta":{"_acf_changed":false,"_seopress_robots_primary_cat":"none","_seopress_titles_title":"","_seopress_titles_desc":"","_seopress_robots_index":"","colormag_page_container_layout":"default_layout","colormag_page_sidebar_layout":"default_layout","footnotes":""},"categories":[1],"tags":[],"class_list":["post-58976","post","type-post","status-publish","format-standard","has-post-thumbnail","hentry","category-destacadas"],"acf":[],"_links":{"self":[{"href":"https:\/\/vocesparalelas.com.ar\/sitio\/wp-json\/wp\/v2\/posts\/58976","targetHints":{"allow":["GET"]}}],"collection":[{"href":"https:\/\/vocesparalelas.com.ar\/sitio\/wp-json\/wp\/v2\/posts"}],"about":[{"href":"https:\/\/vocesparalelas.com.ar\/sitio\/wp-json\/wp\/v2\/types\/post"}],"author":[{"embeddable":true,"href":"https:\/\/vocesparalelas.com.ar\/sitio\/wp-json\/wp\/v2\/users\/3"}],"replies":[{"embeddable":true,"href":"https:\/\/vocesparalelas.com.ar\/sitio\/wp-json\/wp\/v2\/comments?post=58976"}],"version-history":[{"count":1,"href":"https:\/\/vocesparalelas.com.ar\/sitio\/wp-json\/wp\/v2\/posts\/58976\/revisions"}],"predecessor-version":[{"id":58980,"href":"https:\/\/vocesparalelas.com.ar\/sitio\/wp-json\/wp\/v2\/posts\/58976\/revisions\/58980"}],"wp:featuredmedia":[{"embeddable":true,"href":"https:\/\/vocesparalelas.com.ar\/sitio\/wp-json\/wp\/v2\/media\/58979"}],"wp:attachment":[{"href":"https:\/\/vocesparalelas.com.ar\/sitio\/wp-json\/wp\/v2\/media?parent=58976"}],"wp:term":[{"taxonomy":"category","embeddable":true,"href":"https:\/\/vocesparalelas.com.ar\/sitio\/wp-json\/wp\/v2\/categories?post=58976"},{"taxonomy":"post_tag","embeddable":true,"href":"https:\/\/vocesparalelas.com.ar\/sitio\/wp-json\/wp\/v2\/tags?post=58976"}],"curies":[{"name":"wp","href":"https:\/\/api.w.org\/{rel}","templated":true}]}}