{"id":58960,"date":"2023-05-11T22:22:41","date_gmt":"2023-05-12T01:22:41","guid":{"rendered":"https:\/\/vocesparalelas.com.ar\/sitio\/?p=58960"},"modified":"2023-05-12T22:55:51","modified_gmt":"2023-05-13T01:55:51","slug":"inscripcion-en-tecnicaturas-gratuitas-en-los-departamentos-de-ullum-y-caucete-de-san-juan","status":"publish","type":"post","link":"https:\/\/vocesparalelas.com.ar\/sitio\/inscripcion-en-tecnicaturas-gratuitas-en-los-departamentos-de-ullum-y-caucete-de-san-juan\/","title":{"rendered":"Inscripci\u00f3n en Tecnicaturas gratuitas en los Departamentos de Ullum y Caucete de San Juan"},"content":{"rendered":"<p>La Direcci\u00f3n de Educaci\u00f3n Superior del Ministerio de Educaci\u00f3n del Gobierno de San Juan informa el cronograma de inscripciones para las tecnicaturas en los Departamentos de Ullum y Caucete.<\/p>\n<p><span style=\"color: #339966;\"><strong>Departamento Ullum<\/strong><\/span><\/p>\n<p><span style=\"color: #339966;\"><strong>Tecnicatura Superior en Administraci\u00f3n de Empresas<\/strong><\/span><\/p>\n<ul>\n<li>El cupo es de 40 vacantes titulares y 20 suplentes.<\/li>\n<\/ul>\n<p><span style=\"color: #339966;\"><strong>Inscripci\u00f3n<\/strong><\/span><\/p>\n<ul>\n<li>El 10 al 19 de Mayo, de 18 a 20 horas, en la Preceptor\u00eda de la Escuela Elvira de la Riestra de L\u00e1inez, Valent\u00edn Ruiz s\/n, Villa Ib\u00e1\u00f1ez, Departamento Ullum.<\/li>\n<\/ul>\n<p><span style=\"color: #339966;\"><strong>Documentaci\u00f3n<\/strong><\/span><\/p>\n<ul>\n<li>Fotocopia legalizada del t\u00edtulo de secundario,<\/li>\n<li>Fotocopia de DNI de cara y reverso.<\/li>\n<li>Dos fotos tipo carnet<\/li>\n<li>Certificado de domicilio<\/li>\n<li>Folio Oficio<\/li>\n<li>Carpeta oficio pl\u00e1stica<\/li>\n<\/ul>\n<p><span style=\"color: #339966;\"><strong>Departamento Caucete<\/strong><\/span><\/p>\n<p><span style=\"color: #339966;\"><strong>Tecnicatura Superior en Turismo, Gu\u00eda y Hoteler\u00eda<\/strong>\u00a0\/\u00a0<strong>Tecnicatura Superior en Exploraci\u00f3n y Prospecci\u00f3n Minera<\/strong><\/span><\/p>\n<ul>\n<li>El cupo es para 40 lugares titulares y 20 suplentes por cada tecnicatura. El promedio de secundaria base para el ingreso es mayor a 8.<\/li>\n<\/ul>\n<p><span style=\"color: #339966;\"><strong>Inscripci\u00f3n<\/strong><\/span><\/p>\n<ul>\n<li>El Martes, 16 y el Mi\u00e9rcoles, 17 de Mayo, de 18 a 20:30 horas, en la Escuela Normal Superior General Manuel Belgrano, 9 de Julio 964, Departamento Caucete<\/li>\n<\/ul>\n<p><span style=\"color: #339966;\"><strong>Documentaci\u00f3n<\/strong><\/span><\/p>\n<ul>\n<li>Fotocopia legalizada del t\u00edtulo de secundario,<\/li>\n<li>Fotocopia de DNI de cara y reverso.<\/li>\n<\/ul>\n<p>El criterio para el orden de preselecci\u00f3n de los aspirantes a las tecnicaturas se tendr\u00e1 como base que el promedio del secundario que sea mayor a 8 (ocho).<\/p>\n<p><span style=\"color: #339966;\"><strong>Tecnicatura Superior en Enolog\u00eda<\/strong><\/span><\/p>\n<ul>\n<li>El cupo es de 40 vacantes titulares y 20 suplentes.<\/li>\n<\/ul>\n<p><span style=\"color: #339966;\"><strong>Inscripci\u00f3n<\/strong><\/span><\/p>\n<ul>\n<li>10 de mayo, de 14 a 17 horas, en la Escuela Agrot\u00e9cnica Gonzalo A Doblas, ubicada en calle Divisoria s\/n, Departamento Caucete.<\/li>\n<\/ul>\n<p><span style=\"color: #339966;\"><strong>Documentaci\u00f3n<\/strong><\/span><\/p>\n<ul>\n<li>Fotocopia legalizada del certificado anal\u00edtico de secundario<\/li>\n<li>Fotocopia de DNI de cara y reverso.<\/li>\n<li>Dos fotos tipo carnet<\/li>\n<li>Folio Oficio<\/li>\n<li>Carpeta oficio colgante<\/li>\n<li>Fotocopia partida nacimiento<\/li>\n<\/ul>\n","protected":false},"excerpt":{"rendered":"<p>La Direcci\u00f3n de Educaci\u00f3n Superior del Ministerio de Educaci\u00f3n del Gobierno de San Juan informa el cronograma de inscripciones para<\/p>\n","protected":false},"author":3,"featured_media":28629,"comment_status":"closed","ping_status":"closed","sticky":false,"template":"","format":"standard","meta":{"_acf_changed":false,"_seopress_robots_primary_cat":"none","_seopress_titles_title":"","_seopress_titles_desc":"","_seopress_robots_index":"","colormag_page_container_layout":"default_layout","colormag_page_sidebar_layout":"default_layout","footnotes":""},"categories":[9],"tags":[],"class_list":["post-58960","post","type-post","status-publish","format-standard","has-post-thumbnail","hentry","category-cursos"],"acf":[],"_links":{"self":[{"href":"https:\/\/vocesparalelas.com.ar\/sitio\/wp-json\/wp\/v2\/posts\/58960","targetHints":{"allow":["GET"]}}],"collection":[{"href":"https:\/\/vocesparalelas.com.ar\/sitio\/wp-json\/wp\/v2\/posts"}],"about":[{"href":"https:\/\/vocesparalelas.com.ar\/sitio\/wp-json\/wp\/v2\/types\/post"}],"author":[{"embeddable":true,"href":"https:\/\/vocesparalelas.com.ar\/sitio\/wp-json\/wp\/v2\/users\/3"}],"replies":[{"embeddable":true,"href":"https:\/\/vocesparalelas.com.ar\/sitio\/wp-json\/wp\/v2\/comments?post=58960"}],"version-history":[{"count":1,"href":"https:\/\/vocesparalelas.com.ar\/sitio\/wp-json\/wp\/v2\/posts\/58960\/revisions"}],"predecessor-version":[{"id":58963,"href":"https:\/\/vocesparalelas.com.ar\/sitio\/wp-json\/wp\/v2\/posts\/58960\/revisions\/58963"}],"wp:featuredmedia":[{"embeddable":true,"href":"https:\/\/vocesparalelas.com.ar\/sitio\/wp-json\/wp\/v2\/media\/28629"}],"wp:attachment":[{"href":"https:\/\/vocesparalelas.com.ar\/sitio\/wp-json\/wp\/v2\/media?parent=58960"}],"wp:term":[{"taxonomy":"category","embeddable":true,"href":"https:\/\/vocesparalelas.com.ar\/sitio\/wp-json\/wp\/v2\/categories?post=58960"},{"taxonomy":"post_tag","embeddable":true,"href":"https:\/\/vocesparalelas.com.ar\/sitio\/wp-json\/wp\/v2\/tags?post=58960"}],"curies":[{"name":"wp","href":"https:\/\/api.w.org\/{rel}","templated":true}]}}