{"id":58945,"date":"2023-05-11T18:42:56","date_gmt":"2023-05-11T21:42:56","guid":{"rendered":"https:\/\/vocesparalelas.com.ar\/sitio\/?p=58945"},"modified":"2023-05-11T18:42:56","modified_gmt":"2023-05-11T21:42:56","slug":"sesion-ordinaria-anual-de-la-asamblea-universitaria-de-la-unsj","status":"publish","type":"post","link":"https:\/\/vocesparalelas.com.ar\/sitio\/sesion-ordinaria-anual-de-la-asamblea-universitaria-de-la-unsj\/","title":{"rendered":"Sesi\u00f3n ordinaria anual de la Asamblea Universitaria de la UNSJ"},"content":{"rendered":"<p>En el hall del Edificio Central de la UNSJ se desarroll\u00f3 la sesi\u00f3n ordinaria anual de la Asamblea Universitaria, cuyo objetivo es dar a conocer la Memoria del \u00faltimo a\u00f1o por parte de rectorado y de las unidades acad\u00e9micas.<\/p>\n<p>Al inicio de la reuni\u00f3n, se propuso a los asamble\u00edstas Cinthia De Luca y Mario Fern\u00e1ndez para la firma del acta correspondiente.<\/p>\n<p>Seguidamente, el rector\u00a0 y presidente de la Asamblea, Ing. Tadeo Berenguer realiz\u00f3 un pormenorizado detalle de las acciones desarrolladas desde rectorado y vicerrectorado, con un resumen de lo realizado por cada secretar\u00eda, como as\u00ed tambi\u00e9n lo realizado por el Consejo Superior.<\/p>\n<p>Luego, la exposici\u00f3n de cada facultad, tarea que cumplieron sus m\u00e1ximas autoridades, al tiempo que iban exponiendo presentaciones en la pantalla principal del hall central.<\/p>\n<p>A su turno, hablaron el Ing. Mario Fern\u00e1ndez, decano de la Facultad de Ingenier\u00eda; el Ing. Rodolfo Bloch, decano de la Facultad de Ciencias Exactas, F\u00edsicas y Naturales; el Dr. Marcelo Lucero, decano de la Facultad de Ciencias Sociales; la Mg. Myriam Arrabal, decana de la Facultad de Filosof\u00eda, Humanidades y Artes; el Arq. Guillermo Velasco, decano de la Facultad de Arquitectura, Urbanismo y Dise\u00f1o y el Lic. \u00c1ngel Pinto, director de la Escuela Universitaria de Ciencias de la Salud.<\/p>\n<p>Al t\u00e9rmino de la sesi\u00f3n ordinaria, estuvo prevista la realizaci\u00f3n de una asamblea extraordinaria, que debi\u00f3 ser suspendida por no contar con el quorum suficiente para sesionar.<\/p>\n<p><img loading=\"lazy\" decoding=\"async\" class=\"alignnone size-full wp-image-53945\" src=\"https:\/\/vocesparalelas.com.ar\/sitio\/wp-content\/uploads\/2022\/10\/UNSJ-LOGO-50-FINAL.jpg\" alt=\"\" width=\"800\" height=\"476\" srcset=\"https:\/\/vocesparalelas.com.ar\/sitio\/wp-content\/uploads\/2022\/10\/UNSJ-LOGO-50-FINAL.jpg 800w, https:\/\/vocesparalelas.com.ar\/sitio\/wp-content\/uploads\/2022\/10\/UNSJ-LOGO-50-FINAL-300x179.jpg 300w, https:\/\/vocesparalelas.com.ar\/sitio\/wp-content\/uploads\/2022\/10\/UNSJ-LOGO-50-FINAL-768x457.jpg 768w\" sizes=\"auto, (max-width: 800px) 100vw, 800px\" \/><\/p>\n<p><img loading=\"lazy\" decoding=\"async\" class=\"alignnone size-full wp-image-54035\" src=\"https:\/\/vocesparalelas.com.ar\/sitio\/wp-content\/uploads\/2022\/11\/UNSJ-LOGO-10.jpg\" alt=\"\" width=\"800\" height=\"533\" srcset=\"https:\/\/vocesparalelas.com.ar\/sitio\/wp-content\/uploads\/2022\/11\/UNSJ-LOGO-10.jpg 800w, https:\/\/vocesparalelas.com.ar\/sitio\/wp-content\/uploads\/2022\/11\/UNSJ-LOGO-10-300x200.jpg 300w, https:\/\/vocesparalelas.com.ar\/sitio\/wp-content\/uploads\/2022\/11\/UNSJ-LOGO-10-768x512.jpg 768w\" sizes=\"auto, (max-width: 800px) 100vw, 800px\" \/><\/p>\n","protected":false},"excerpt":{"rendered":"<p>En el hall del Edificio Central de la UNSJ se desarroll\u00f3 la sesi\u00f3n ordinaria anual de la Asamblea Universitaria, cuyo<\/p>\n","protected":false},"author":3,"featured_media":58948,"comment_status":"closed","ping_status":"closed","sticky":false,"template":"","format":"standard","meta":{"_acf_changed":false,"_seopress_robots_primary_cat":"none","_seopress_titles_title":"","_seopress_titles_desc":"","_seopress_robots_index":"","colormag_page_container_layout":"default_layout","colormag_page_sidebar_layout":"default_layout","footnotes":""},"categories":[1],"tags":[],"class_list":["post-58945","post","type-post","status-publish","format-standard","has-post-thumbnail","hentry","category-destacadas"],"acf":[],"_links":{"self":[{"href":"https:\/\/vocesparalelas.com.ar\/sitio\/wp-json\/wp\/v2\/posts\/58945","targetHints":{"allow":["GET"]}}],"collection":[{"href":"https:\/\/vocesparalelas.com.ar\/sitio\/wp-json\/wp\/v2\/posts"}],"about":[{"href":"https:\/\/vocesparalelas.com.ar\/sitio\/wp-json\/wp\/v2\/types\/post"}],"author":[{"embeddable":true,"href":"https:\/\/vocesparalelas.com.ar\/sitio\/wp-json\/wp\/v2\/users\/3"}],"replies":[{"embeddable":true,"href":"https:\/\/vocesparalelas.com.ar\/sitio\/wp-json\/wp\/v2\/comments?post=58945"}],"version-history":[{"count":1,"href":"https:\/\/vocesparalelas.com.ar\/sitio\/wp-json\/wp\/v2\/posts\/58945\/revisions"}],"predecessor-version":[{"id":58949,"href":"https:\/\/vocesparalelas.com.ar\/sitio\/wp-json\/wp\/v2\/posts\/58945\/revisions\/58949"}],"wp:featuredmedia":[{"embeddable":true,"href":"https:\/\/vocesparalelas.com.ar\/sitio\/wp-json\/wp\/v2\/media\/58948"}],"wp:attachment":[{"href":"https:\/\/vocesparalelas.com.ar\/sitio\/wp-json\/wp\/v2\/media?parent=58945"}],"wp:term":[{"taxonomy":"category","embeddable":true,"href":"https:\/\/vocesparalelas.com.ar\/sitio\/wp-json\/wp\/v2\/categories?post=58945"},{"taxonomy":"post_tag","embeddable":true,"href":"https:\/\/vocesparalelas.com.ar\/sitio\/wp-json\/wp\/v2\/tags?post=58945"}],"curies":[{"name":"wp","href":"https:\/\/api.w.org\/{rel}","templated":true}]}}