{"id":58916,"date":"2023-05-10T18:04:56","date_gmt":"2023-05-10T21:04:56","guid":{"rendered":"https:\/\/vocesparalelas.com.ar\/sitio\/?p=58916"},"modified":"2023-05-10T20:05:13","modified_gmt":"2023-05-10T23:05:13","slug":"cta-repudia-la-intervencion-de-la-corte-suprema-de-justicia-de-la-nacion","status":"publish","type":"post","link":"https:\/\/vocesparalelas.com.ar\/sitio\/cta-repudia-la-intervencion-de-la-corte-suprema-de-justicia-de-la-nacion\/","title":{"rendered":"CTA repudia la intervenci\u00f3n de la Corte Suprema de Justicia de la Naci\u00f3n"},"content":{"rendered":"<p>Desde la CTA de los trabajadores y las trabajadoras repudiamos la intervenci\u00f3n de la Corte Suprema en el proceso democr\u00e1tico de las provincias de San Juan y Tucum\u00e1n, ya que es un hecho grav\u00edsimo que constituye un claro acto de desestabilizaci\u00f3n. Esta misma Corte, que duerme causas durante a\u00f1os, es la que ahora elige con clara intencionalidad pol\u00edtico partidaria dos provincias para suspender la elecci\u00f3n.<\/p>\n<p>Mientras la Comisi\u00f3n de Juicio Pol\u00edtico eval\u00faa su posible mal desempe\u00f1o, reuniendo pruebas y testimonios que incriminan a sus integrantes, los investigados dan un golpe a la democracia a pr\u00e1cticamente cinco d\u00edas de los comicios impidiendo en los hechos la posibilidad de que las ciudadanas y ciudadanos ejerzan su derecho al voto.<\/p>\n<p>Lo hace sugestivamente unas horas despu\u00e9s de que Mauricio Macri despreciara los resultados electorales de tres provincias argentinas a las que calific\u00f3 de \u00abpoco representativas\u00bb y de \u00abfeudos\u00bb. Luego, la presidenta y precandidata del PRO, Patricia Bullrich en un verdadero sincericidio se hizo cargo de la decisi\u00f3n de la Corte empleando el \u00abnosotros\u00bb involucrando como parte de una misma cosa a los miembros de la Corte y a la fuerza pol\u00edtica que ella preside.<\/p>\n<p>Esta intromisi\u00f3n, adem\u00e1s de desestabilizar, amenaza con la posibilidad de interferir en el proce- so electoral a nivel nacional. Ya han puesto en marcha un proceso para proscribir a Cristina Fern\u00e1ndez de Kirchner. Ahora le suman este gesto mafioso porque saben que avanzan investigaciones sobre su desempe\u00f1o y necesitan amedrentar a los representantes pol\u00edticos que no aceptan las imposiciones del poder f\u00e1ctico.<\/p>\n<p>Desde esta central respaldaremos todas las iniciativas que adopten nuestras organizaciones de San Juan y Tucum\u00e1n para, junto a sus comprovincianos, llevar adelante el proceso electoral y no dejar que cuatro personas sin autoridad moral les arrebaten su derecho al voto.<\/p>\n<p>&nbsp;<\/p>\n<p style=\"text-align: right;\">Hugo Yasky Secretario General<\/p>\n<p style=\"text-align: right;\">Enrique Rositto Secretario de Comunicaci\u00f3n<\/p>\n","protected":false},"excerpt":{"rendered":"<p>Desde la CTA de los trabajadores y las trabajadoras repudiamos la intervenci\u00f3n de la Corte Suprema en el proceso democr\u00e1tico<\/p>\n","protected":false},"author":3,"featured_media":12751,"comment_status":"closed","ping_status":"closed","sticky":false,"template":"","format":"standard","meta":{"_acf_changed":false,"_seopress_robots_primary_cat":"none","_seopress_titles_title":"","_seopress_titles_desc":"","_seopress_robots_index":"","colormag_page_container_layout":"default_layout","colormag_page_sidebar_layout":"default_layout","footnotes":""},"categories":[1],"tags":[],"class_list":["post-58916","post","type-post","status-publish","format-standard","has-post-thumbnail","hentry","category-destacadas"],"acf":[],"_links":{"self":[{"href":"https:\/\/vocesparalelas.com.ar\/sitio\/wp-json\/wp\/v2\/posts\/58916","targetHints":{"allow":["GET"]}}],"collection":[{"href":"https:\/\/vocesparalelas.com.ar\/sitio\/wp-json\/wp\/v2\/posts"}],"about":[{"href":"https:\/\/vocesparalelas.com.ar\/sitio\/wp-json\/wp\/v2\/types\/post"}],"author":[{"embeddable":true,"href":"https:\/\/vocesparalelas.com.ar\/sitio\/wp-json\/wp\/v2\/users\/3"}],"replies":[{"embeddable":true,"href":"https:\/\/vocesparalelas.com.ar\/sitio\/wp-json\/wp\/v2\/comments?post=58916"}],"version-history":[{"count":1,"href":"https:\/\/vocesparalelas.com.ar\/sitio\/wp-json\/wp\/v2\/posts\/58916\/revisions"}],"predecessor-version":[{"id":58919,"href":"https:\/\/vocesparalelas.com.ar\/sitio\/wp-json\/wp\/v2\/posts\/58916\/revisions\/58919"}],"wp:featuredmedia":[{"embeddable":true,"href":"https:\/\/vocesparalelas.com.ar\/sitio\/wp-json\/wp\/v2\/media\/12751"}],"wp:attachment":[{"href":"https:\/\/vocesparalelas.com.ar\/sitio\/wp-json\/wp\/v2\/media?parent=58916"}],"wp:term":[{"taxonomy":"category","embeddable":true,"href":"https:\/\/vocesparalelas.com.ar\/sitio\/wp-json\/wp\/v2\/categories?post=58916"},{"taxonomy":"post_tag","embeddable":true,"href":"https:\/\/vocesparalelas.com.ar\/sitio\/wp-json\/wp\/v2\/tags?post=58916"}],"curies":[{"name":"wp","href":"https:\/\/api.w.org\/{rel}","templated":true}]}}