{"id":58895,"date":"2023-05-10T12:59:02","date_gmt":"2023-05-10T15:59:02","guid":{"rendered":"https:\/\/vocesparalelas.com.ar\/sitio\/?p=58895"},"modified":"2023-05-12T00:12:31","modified_gmt":"2023-05-12T03:12:31","slug":"elecciones-del-domingo-14-de-mayo-de-2023-en-san-juan","status":"publish","type":"post","link":"https:\/\/vocesparalelas.com.ar\/sitio\/elecciones-del-domingo-14-de-mayo-de-2023-en-san-juan\/","title":{"rendered":"Elecciones del Domingo, 14 de Mayo de 2023 en San Juan"},"content":{"rendered":"<p>El Domingo, 14 de Mayo de 2023, se celebran en la provincia de San Juan unas nuevas Elecciones Generales, al cumplirse 40 a\u00f1os del retorno de la Democracia, bajo el Sistema de Participaci\u00f3n Democr\u00e1tica Abierta &#8211; SIPAD &#8211; determinado tras las reforma electoral impulsada en Septiembre de 2022 en San Juan que elimin\u00f3 las Primarias, Abiertas, Simult\u00e1neas y Obligatorias &#8211; PASO.<\/p>\n<p>Es importante recordar que la Corte Suprema de Justicia de la Naci\u00f3n suspendi\u00f3 la Elecci\u00f3n de Gobernador y Vicegobernador, hasta que se defina la situaci\u00f3n sobre el tema.<\/p>\n<p>Por lo tanto, en los comicios se eligen 17 diputados proporcionales, 19 diputados departamentales y 19 intendentes departamentales con sus respectivos concejales.<\/p>\n<p>Con un total de 603.276 electores habilitados, las elecciones se desarrollar\u00e1n en 1.795 mesas distribuidas en 270 escuelas en toda la geograf\u00eda provincial.<\/p>\n<p>Para esta cantidad de mesas son necesarias 3.590 autoridades.<\/p>\n<p>Los frentes que participan son cuatro:<\/p>\n<ul>\n<li>San Juan por Todos,<\/li>\n<li>Unidos por San Juan,<\/li>\n<li>Desarrollo y Libertad y<\/li>\n<li>el Frente de Izquierda y Trabajadores.<\/li>\n<\/ul>\n<p>Para garantizar el normal desarrollo del acto eleccionario, la Secretar\u00eda de Estado de Seguridad en conjunto con el Tribunal Electoral y la Polic\u00eda de San Juan, pondr\u00e1n en marcha un importante dispositivo estrat\u00e9gico de prevenci\u00f3n y seguridad en las elecciones provinciales y municipales del 14 de mayo.<\/p>\n<p>El operativo de seguridad, adem\u00e1s del d\u00eda de los comicios, se desarrolla el 13 de mayo, durante el traslado de las urnas, y tambi\u00e9n los d\u00edas posteriores referidos al escrutinio definitivo que se va a realizar en la sede del Tribunal Electoral.<\/p>\n<p>En este dispositivo est\u00e1n afectados 3.331 efectivos policiales en forma directa y otros 2.000 que est\u00e1n en forma indirecta afectados al operativo de log\u00edstica y de custodia en toda la provincia de San Juan.<\/p>\n<p><img loading=\"lazy\" decoding=\"async\" class=\"alignnone size-large wp-image-25833\" src=\"https:\/\/vocesparalelas.com.ar\/sitio\/wp-content\/uploads\/2019\/12\/SAN-JUAN-CIUDAD-800x600.jpg\" alt=\"\" width=\"800\" height=\"600\" srcset=\"https:\/\/vocesparalelas.com.ar\/sitio\/wp-content\/uploads\/2019\/12\/SAN-JUAN-CIUDAD.jpg 800w, https:\/\/vocesparalelas.com.ar\/sitio\/wp-content\/uploads\/2019\/12\/SAN-JUAN-CIUDAD-300x225.jpg 300w, https:\/\/vocesparalelas.com.ar\/sitio\/wp-content\/uploads\/2019\/12\/SAN-JUAN-CIUDAD-768x576.jpg 768w\" sizes=\"auto, (max-width: 800px) 100vw, 800px\" \/><\/p>\n","protected":false},"excerpt":{"rendered":"<p>El Domingo, 14 de Mayo de 2023, se celebran en la provincia de San Juan unas nuevas Elecciones Generales, al<\/p>\n","protected":false},"author":3,"featured_media":6451,"comment_status":"closed","ping_status":"closed","sticky":false,"template":"","format":"standard","meta":{"_acf_changed":false,"_seopress_robots_primary_cat":"none","_seopress_titles_title":"","_seopress_titles_desc":"","_seopress_robots_index":"","colormag_page_container_layout":"default_layout","colormag_page_sidebar_layout":"default_layout","footnotes":""},"categories":[6],"tags":[],"class_list":["post-58895","post","type-post","status-publish","format-standard","has-post-thumbnail","hentry","category-eventos"],"acf":[],"_links":{"self":[{"href":"https:\/\/vocesparalelas.com.ar\/sitio\/wp-json\/wp\/v2\/posts\/58895","targetHints":{"allow":["GET"]}}],"collection":[{"href":"https:\/\/vocesparalelas.com.ar\/sitio\/wp-json\/wp\/v2\/posts"}],"about":[{"href":"https:\/\/vocesparalelas.com.ar\/sitio\/wp-json\/wp\/v2\/types\/post"}],"author":[{"embeddable":true,"href":"https:\/\/vocesparalelas.com.ar\/sitio\/wp-json\/wp\/v2\/users\/3"}],"replies":[{"embeddable":true,"href":"https:\/\/vocesparalelas.com.ar\/sitio\/wp-json\/wp\/v2\/comments?post=58895"}],"version-history":[{"count":1,"href":"https:\/\/vocesparalelas.com.ar\/sitio\/wp-json\/wp\/v2\/posts\/58895\/revisions"}],"predecessor-version":[{"id":58898,"href":"https:\/\/vocesparalelas.com.ar\/sitio\/wp-json\/wp\/v2\/posts\/58895\/revisions\/58898"}],"wp:featuredmedia":[{"embeddable":true,"href":"https:\/\/vocesparalelas.com.ar\/sitio\/wp-json\/wp\/v2\/media\/6451"}],"wp:attachment":[{"href":"https:\/\/vocesparalelas.com.ar\/sitio\/wp-json\/wp\/v2\/media?parent=58895"}],"wp:term":[{"taxonomy":"category","embeddable":true,"href":"https:\/\/vocesparalelas.com.ar\/sitio\/wp-json\/wp\/v2\/categories?post=58895"},{"taxonomy":"post_tag","embeddable":true,"href":"https:\/\/vocesparalelas.com.ar\/sitio\/wp-json\/wp\/v2\/tags?post=58895"}],"curies":[{"name":"wp","href":"https:\/\/api.w.org\/{rel}","templated":true}]}}