{"id":58879,"date":"2023-05-09T20:47:33","date_gmt":"2023-05-09T23:47:33","guid":{"rendered":"https:\/\/vocesparalelas.com.ar\/sitio\/?p=58879"},"modified":"2023-05-10T20:14:45","modified_gmt":"2023-05-10T23:14:45","slug":"taller-de-teatro-juego-y-compromiso-en-san-juan","status":"publish","type":"post","link":"https:\/\/vocesparalelas.com.ar\/sitio\/taller-de-teatro-juego-y-compromiso-en-san-juan\/","title":{"rendered":"Taller de Teatro \u00abJuego y Compromiso\u00bb en San Juan"},"content":{"rendered":"<p>El Ministerio de Turismo y Cultura del Gobierno de San Juan, a trav\u00e9s del Teatro del Bicentenario, abri\u00f3 las inscripciones para participar del \u201cTaller de Teatro: Juego y Compromiso\u201d que dicta\u00a0 Federico Buso. La actividad se desarrolla el 31 de Mayo y 1 de Junio de 2023, de\u00a014:30 a 16 hs, en el\u00a0Teatro del Bicentenario.<\/p>\n<p>El actor y director Federico Buso estudi\u00f3 Comedia Musical en la Escuela de Ricky Pashkus y teatro con Julio Ordano, adem\u00e1s se desempe\u00f1\u00f3 en cine, teatro y televisi\u00f3n como actor y director. En el marco de la presentaci\u00f3n de la obra NOS, llega a San Juan el 7 de junio en Sala Audit\u00f3rium del TB.<\/p>\n<p>El \u201cTaller de Teatro: Juego y Compromiso\u201d, est\u00e1\u00a0destinado a actores formados o en formaci\u00f3n, y se trata de una oportunidad para mejorar la disponibilidad actoral durante una serie de entrenamientos. La propuesta apunta a desarrollar contenidos como la mutaci\u00f3n y la arbitrariedad a la hora de actuar, la importancia de la verdad emocional y la complicidad como eje a la hora de construir una escena.<\/p>\n<p>Quienes est\u00e9n interesados pueden inscribirse hasta el lunes 22 de mayo, a las 12 hs<\/p>\n<p><a href=\"https:\/\/docs.google.com\/forms\/d\/e\/1FAIpQLScpPxQp6_GYJf42-Wi4txRTQXS8Yqe2nCZrKT7zn_ZzcOW1VQ\/viewform\">https:\/\/docs.google.com\/forms\/d\/e\/1FAIpQLScpPxQp6_GYJf42-Wi4txRTQXS8Yqe2nCZrKT7zn_ZzcOW1VQ\/viewform<\/a><\/p>\n<p><img loading=\"lazy\" decoding=\"async\" class=\"alignnone size-large wp-image-21666\" src=\"https:\/\/vocesparalelas.com.ar\/sitio\/wp-content\/uploads\/2019\/06\/TEATRO-BICENTENARIO-10-800x600.jpg\" alt=\"\" width=\"800\" height=\"600\" srcset=\"https:\/\/vocesparalelas.com.ar\/sitio\/wp-content\/uploads\/2019\/06\/TEATRO-BICENTENARIO-10-800x600.jpg 800w, https:\/\/vocesparalelas.com.ar\/sitio\/wp-content\/uploads\/2019\/06\/TEATRO-BICENTENARIO-10-300x225.jpg 300w, https:\/\/vocesparalelas.com.ar\/sitio\/wp-content\/uploads\/2019\/06\/TEATRO-BICENTENARIO-10-768x576.jpg 768w, https:\/\/vocesparalelas.com.ar\/sitio\/wp-content\/uploads\/2019\/06\/TEATRO-BICENTENARIO-10.jpg 1000w\" sizes=\"auto, (max-width: 800px) 100vw, 800px\" \/><\/p>\n","protected":false},"excerpt":{"rendered":"<p>El Ministerio de Turismo y Cultura del Gobierno de San Juan, a trav\u00e9s del Teatro del Bicentenario, abri\u00f3 las inscripciones<\/p>\n","protected":false},"author":3,"featured_media":37509,"comment_status":"closed","ping_status":"closed","sticky":false,"template":"","format":"standard","meta":{"_acf_changed":false,"_seopress_robots_primary_cat":"none","_seopress_titles_title":"","_seopress_titles_desc":"","_seopress_robots_index":"","colormag_page_container_layout":"default_layout","colormag_page_sidebar_layout":"default_layout","footnotes":""},"categories":[9],"tags":[],"class_list":["post-58879","post","type-post","status-publish","format-standard","has-post-thumbnail","hentry","category-cursos"],"acf":[],"_links":{"self":[{"href":"https:\/\/vocesparalelas.com.ar\/sitio\/wp-json\/wp\/v2\/posts\/58879","targetHints":{"allow":["GET"]}}],"collection":[{"href":"https:\/\/vocesparalelas.com.ar\/sitio\/wp-json\/wp\/v2\/posts"}],"about":[{"href":"https:\/\/vocesparalelas.com.ar\/sitio\/wp-json\/wp\/v2\/types\/post"}],"author":[{"embeddable":true,"href":"https:\/\/vocesparalelas.com.ar\/sitio\/wp-json\/wp\/v2\/users\/3"}],"replies":[{"embeddable":true,"href":"https:\/\/vocesparalelas.com.ar\/sitio\/wp-json\/wp\/v2\/comments?post=58879"}],"version-history":[{"count":1,"href":"https:\/\/vocesparalelas.com.ar\/sitio\/wp-json\/wp\/v2\/posts\/58879\/revisions"}],"predecessor-version":[{"id":58882,"href":"https:\/\/vocesparalelas.com.ar\/sitio\/wp-json\/wp\/v2\/posts\/58879\/revisions\/58882"}],"wp:featuredmedia":[{"embeddable":true,"href":"https:\/\/vocesparalelas.com.ar\/sitio\/wp-json\/wp\/v2\/media\/37509"}],"wp:attachment":[{"href":"https:\/\/vocesparalelas.com.ar\/sitio\/wp-json\/wp\/v2\/media?parent=58879"}],"wp:term":[{"taxonomy":"category","embeddable":true,"href":"https:\/\/vocesparalelas.com.ar\/sitio\/wp-json\/wp\/v2\/categories?post=58879"},{"taxonomy":"post_tag","embeddable":true,"href":"https:\/\/vocesparalelas.com.ar\/sitio\/wp-json\/wp\/v2\/tags?post=58879"}],"curies":[{"name":"wp","href":"https:\/\/api.w.org\/{rel}","templated":true}]}}