{"id":58848,"date":"2023-05-09T19:18:59","date_gmt":"2023-05-09T22:18:59","guid":{"rendered":"https:\/\/vocesparalelas.com.ar\/sitio\/?p=58848"},"modified":"2023-05-09T19:18:59","modified_gmt":"2023-05-09T22:18:59","slug":"comunicado-subagrupacion-vamos-san-juan","status":"publish","type":"post","link":"https:\/\/vocesparalelas.com.ar\/sitio\/comunicado-subagrupacion-vamos-san-juan\/","title":{"rendered":"Comunicado Subagrupaci\u00f3n \u00abVamos San Juan\u00bb"},"content":{"rendered":"<p>El Frente San Juan por Todos, subagrupaci\u00f3n \u00abVamos San Juan\u00bb, comunica que tras la medida cautelar dispuesta por la Corte Suprema de Justicia de la Naci\u00f3n referida a las elecciones provinciales para gobernador y vicegobernador previstas para el Domingo, 14 de Mayo de 2023, corresponde la intervenci\u00f3n del Tribunal Electoral Provincial y el fiscal de Estado, autoridades competentes en la materia. Por esta raz\u00f3n, el Frente evitar\u00e1 pronunciarse sobre el mismo antes de dicho an\u00e1lisis.<\/p>\n","protected":false},"excerpt":{"rendered":"<p>El Frente San Juan por Todos, subagrupaci\u00f3n \u00abVamos San Juan\u00bb, comunica que tras la medida cautelar dispuesta por la Corte<\/p>\n","protected":false},"author":3,"featured_media":58851,"comment_status":"closed","ping_status":"closed","sticky":false,"template":"","format":"standard","meta":{"_acf_changed":false,"_seopress_robots_primary_cat":"none","_seopress_titles_title":"","_seopress_titles_desc":"","_seopress_robots_index":"","colormag_page_container_layout":"default_layout","colormag_page_sidebar_layout":"default_layout","footnotes":""},"categories":[1],"tags":[],"class_list":["post-58848","post","type-post","status-publish","format-standard","has-post-thumbnail","hentry","category-destacadas"],"acf":[],"_links":{"self":[{"href":"https:\/\/vocesparalelas.com.ar\/sitio\/wp-json\/wp\/v2\/posts\/58848","targetHints":{"allow":["GET"]}}],"collection":[{"href":"https:\/\/vocesparalelas.com.ar\/sitio\/wp-json\/wp\/v2\/posts"}],"about":[{"href":"https:\/\/vocesparalelas.com.ar\/sitio\/wp-json\/wp\/v2\/types\/post"}],"author":[{"embeddable":true,"href":"https:\/\/vocesparalelas.com.ar\/sitio\/wp-json\/wp\/v2\/users\/3"}],"replies":[{"embeddable":true,"href":"https:\/\/vocesparalelas.com.ar\/sitio\/wp-json\/wp\/v2\/comments?post=58848"}],"version-history":[{"count":1,"href":"https:\/\/vocesparalelas.com.ar\/sitio\/wp-json\/wp\/v2\/posts\/58848\/revisions"}],"predecessor-version":[{"id":58852,"href":"https:\/\/vocesparalelas.com.ar\/sitio\/wp-json\/wp\/v2\/posts\/58848\/revisions\/58852"}],"wp:featuredmedia":[{"embeddable":true,"href":"https:\/\/vocesparalelas.com.ar\/sitio\/wp-json\/wp\/v2\/media\/58851"}],"wp:attachment":[{"href":"https:\/\/vocesparalelas.com.ar\/sitio\/wp-json\/wp\/v2\/media?parent=58848"}],"wp:term":[{"taxonomy":"category","embeddable":true,"href":"https:\/\/vocesparalelas.com.ar\/sitio\/wp-json\/wp\/v2\/categories?post=58848"},{"taxonomy":"post_tag","embeddable":true,"href":"https:\/\/vocesparalelas.com.ar\/sitio\/wp-json\/wp\/v2\/tags?post=58848"}],"curies":[{"name":"wp","href":"https:\/\/api.w.org\/{rel}","templated":true}]}}