{"id":58832,"date":"2023-05-08T22:44:03","date_gmt":"2023-05-09T01:44:03","guid":{"rendered":"https:\/\/vocesparalelas.com.ar\/sitio\/?p=58832"},"modified":"2023-05-09T00:44:20","modified_gmt":"2023-05-09T03:44:20","slug":"51-aniversario-del-instituto-nacional-de-prevencion-sismica","status":"publish","type":"post","link":"https:\/\/vocesparalelas.com.ar\/sitio\/51-aniversario-del-instituto-nacional-de-prevencion-sismica\/","title":{"rendered":"51\u00b0 aniversario del Instituto Nacional de Prevenci\u00f3n S\u00edsmica"},"content":{"rendered":"<div class=\"itemFullText jbintrotext\">\n<p>El vicegobernador CPN Roberto Gattoni particip\u00f3 junto a autoridades nacionales de la ceremonia de conmemoraci\u00f3n del 51\u00b0 aniversario del Instituto Nacional de Prevenci\u00f3n S\u00edsmica &#8211; INPRES -, en el marco del D\u00eda Nacional de la Prevenci\u00f3n S\u00edsmica.<\/p>\n<\/div>\n<div class=\"itemFullText\">\n<p>En la oportunidad, estuvieron presentes el subgerente del Instituto Nacional del Agua, Ra\u00fal Tello; la secretaria de Investigaci\u00f3n, Pol\u00edtica, Industrial y Producci\u00f3n para la Defensa, Daniela Castro; el presidente del Organismo Regulador de Seguridad de Presas (ORSEP), Adriano Bor\u00fas; la subsecretaria de Planificaci\u00f3n y Coordinaci\u00f3n Territorial de la Obra P\u00fablica del Ministerio de Obras P\u00fablicas de la Naci\u00f3n, Cecilia Larivera; el director Nacional de Prevenci\u00f3n y Reducci\u00f3n de Riesgo de Desastre, Claudio Schbib.<\/p>\n<p>En tal sentido, el director nacional del INPRES, Rodolfo Garc\u00eda recibi\u00f3 a los invitados y los acompa\u00f1\u00f3 hasta el sal\u00f3n auditorio del instituto donde fue desarrollado el acto que comenz\u00f3 con la entonaci\u00f3n de los Himnos Nacional Argentino y a las Malvinas, tras lo cual fueron le\u00eddas algunas misivas enviadas como la del gobernador Sergio U\u00f1ac quien envi\u00f3 saludos y felicitaciones y se dispens\u00f3 por no poder asistir.<\/p>\n<p>En primer t\u00e9rmino hizo uso de la palabra el director Nacional de Prevenci\u00f3n y Reducci\u00f3n de Riesgo de Desastre, Claudio Schbib, quien destac\u00f3 la importancia de la prevenci\u00f3n en situaciones de emergencia y la necesidad de coordinar esfuerzos entre los diferentes entes involucrados en la gesti\u00f3n de emergencias.<\/p>\n<p>Luego hizo lo propio, el presidente del Organismo Regulador de Seguridad de Presas (ORSEP), Adriano Bor\u00fas, quien puso de manifiesto el trabajo del \u00e1rea a su cargo de fiscalizar el an\u00e1lisis de riesgo y seguridad de las presas.<\/p>\n<p>A continuaci\u00f3n, expres\u00f3 unos conceptos la subsecretaria de Planificaci\u00f3n y Coordinaci\u00f3n Territorial de la Obra P\u00fablica del Ministerio de Obras P\u00fablicas de la Naci\u00f3n, Cecilia Larivera, quien puso de manifiesto la labor del \u00e1rea a su cargo en el sentido de ofrecer asistencia t\u00e9cnica y la articulaci\u00f3n con distintos organismos y verificar las estructuras sismoresistentes, la planificaci\u00f3n estrat\u00e9gica, la evaluaci\u00f3n y el desarrollo de planes, proyectos y obras en materia de salud, educaci\u00f3n, cultura, patrimonio, culto, accesibilidad, restauro, desarrollo social, seguridad y vialidad urbana y a la vez transmiti\u00f3 los saludos del ministro de Obras y Servicios P\u00fablicos de la Naci\u00f3n, Gabriel Katopodis.<\/p>\n<p>En tanto que la secretaria de Investigaci\u00f3n, Pol\u00edtica, Industrial y Producci\u00f3n para la Defensa, Daniela Castro, habl\u00f3 de poner en valor todo el trabajo, la vocaci\u00f3n y el esfuerzo que despliega en forma permanente el personal del INPRES, como tambi\u00e9n transmitir los saludos del ministro de Defensa, Jorge Taiana y de los responsables del Instituto Geogr\u00e1fico Nacional y el Servicio de Hidrograf\u00eda Naval.<\/p>\n<p>A su turno, el director nacional del INPRES, Rodolfo Garc\u00eda, habl\u00f3 de valorar lo logrado y resalt\u00f3 que desde el organismo hab\u00edan alcanzado a realizar muchos hechos de prestigio a lo largo de los a\u00f1os.<\/p>\n<p>Finalmente, cerr\u00f3 los discursos el vicegobernador Roberto Gattoni, quien salud\u00f3 al director nacional del INPRES y a las autoridades nacionales y transmiti\u00f3 las disculpas del gobernador por no poder asistir y al mismo tiempo destac\u00f3 la trascendente labor del INPRES a lo largo de sus cincuenta y un a\u00f1os de una vasta trayectoria en la que ha realizado aportes sustanciales.<\/p>\n<p>Tras las palabras, las autoridades se trasladaron hasta el ingreso del edificio para descubrir una placa recordatoria del 51\u00b0 aniversario de creaci\u00f3n del INPRES.<\/p>\n<\/div>\n","protected":false},"excerpt":{"rendered":"<p>El vicegobernador CPN Roberto Gattoni particip\u00f3 junto a autoridades nacionales de la ceremonia de conmemoraci\u00f3n del 51\u00b0 aniversario del Instituto<\/p>\n","protected":false},"author":3,"featured_media":58835,"comment_status":"closed","ping_status":"closed","sticky":false,"template":"","format":"standard","meta":{"_acf_changed":false,"_seopress_robots_primary_cat":"none","_seopress_titles_title":"","_seopress_titles_desc":"","_seopress_robots_index":"","colormag_page_container_layout":"default_layout","colormag_page_sidebar_layout":"default_layout","footnotes":""},"categories":[1],"tags":[],"class_list":["post-58832","post","type-post","status-publish","format-standard","has-post-thumbnail","hentry","category-destacadas"],"acf":[],"_links":{"self":[{"href":"https:\/\/vocesparalelas.com.ar\/sitio\/wp-json\/wp\/v2\/posts\/58832","targetHints":{"allow":["GET"]}}],"collection":[{"href":"https:\/\/vocesparalelas.com.ar\/sitio\/wp-json\/wp\/v2\/posts"}],"about":[{"href":"https:\/\/vocesparalelas.com.ar\/sitio\/wp-json\/wp\/v2\/types\/post"}],"author":[{"embeddable":true,"href":"https:\/\/vocesparalelas.com.ar\/sitio\/wp-json\/wp\/v2\/users\/3"}],"replies":[{"embeddable":true,"href":"https:\/\/vocesparalelas.com.ar\/sitio\/wp-json\/wp\/v2\/comments?post=58832"}],"version-history":[{"count":1,"href":"https:\/\/vocesparalelas.com.ar\/sitio\/wp-json\/wp\/v2\/posts\/58832\/revisions"}],"predecessor-version":[{"id":58836,"href":"https:\/\/vocesparalelas.com.ar\/sitio\/wp-json\/wp\/v2\/posts\/58832\/revisions\/58836"}],"wp:featuredmedia":[{"embeddable":true,"href":"https:\/\/vocesparalelas.com.ar\/sitio\/wp-json\/wp\/v2\/media\/58835"}],"wp:attachment":[{"href":"https:\/\/vocesparalelas.com.ar\/sitio\/wp-json\/wp\/v2\/media?parent=58832"}],"wp:term":[{"taxonomy":"category","embeddable":true,"href":"https:\/\/vocesparalelas.com.ar\/sitio\/wp-json\/wp\/v2\/categories?post=58832"},{"taxonomy":"post_tag","embeddable":true,"href":"https:\/\/vocesparalelas.com.ar\/sitio\/wp-json\/wp\/v2\/tags?post=58832"}],"curies":[{"name":"wp","href":"https:\/\/api.w.org\/{rel}","templated":true}]}}