{"id":58816,"date":"2023-05-08T21:33:53","date_gmt":"2023-05-09T00:33:53","guid":{"rendered":"https:\/\/vocesparalelas.com.ar\/sitio\/?p=58816"},"modified":"2023-05-12T00:46:08","modified_gmt":"2023-05-12T03:46:08","slug":"convocatoria-para-los-juegos-culturales-evita-2023-en-san-juan","status":"publish","type":"post","link":"https:\/\/vocesparalelas.com.ar\/sitio\/convocatoria-para-los-juegos-culturales-evita-2023-en-san-juan\/","title":{"rendered":"Convocatoria para los Juegos Culturales Evita 2023 en San Juan"},"content":{"rendered":"<p>El Ministerio de Turismo y Cultura del Gobierno de San Juan invita a participar, del 8 de Mayo al 30 de Junio, a la convocatoria para los Juegos Culturales Evita 2023 que tiene lugar en la provincia durante Julio.<\/p>\n<p>Dicha competici\u00f3n se realiza, de manera ininterrumpida, desde 2006 y su principal caracter\u00edstica es garantizar una participaci\u00f3n plural, amplia y diversa de ni\u00f1os, ni\u00f1as, j\u00f3venes y adultos mayores en todos los municipios de San Juan y el pa\u00eds.<\/p>\n<p>En cuanto al formato, los Evita Culturales contar\u00e1n con disciplinas dirigidas a j\u00f3venes entre 12 y 18 a\u00f1os y adultos mayores de 60.<\/p>\n<p>En esta l\u00ednea, una de las novedades es que la disciplina \u00abTeatro Unipersonal\u00bb tambi\u00e9n estar\u00e1 disponible en las categor\u00edas Adultos Mayores y Personas con discapacidad.<\/p>\n<p>Por \u00faltimo, es importante destacar que este a\u00f1o habr\u00e1 interesantes viajes como premio: a Mar del Plata (del 20 al 25 de septiembre) para los ganadores de categor\u00edas juveniles y a Termas del R\u00edo Hondo (entre el 11 y 15 de septiembre) para los adultos mayores ganadores.<\/p>\n<p>Todos los interesados en participar de los Juegos Culturales Evita 2023, tanto en disciplinas virtuales como presenciales, deber\u00e1n completar la inscripci\u00f3n, de forma virtual, a trav\u00e9s de<\/p>\n<p><a href=\"https:\/\/sites.google.com\/view\/juegosculturalesevitasanjuan\/inscribite-aqu%C3%AD?authuser=0\">https:\/\/sites.google.com\/view\/juegosculturalesevitasanjuan\/inscribite-aqu%C3%AD?authuser=0<\/a><\/p>\n<p>Para m\u00e1s informaci\u00f3n, visita el sitio web de los <a href=\"https:\/\/sites.google.com\/view\/juegosculturalesevitasanjuan\/\">Juegos Culturales Evita 2023<\/a>.<\/p>\n<p>Email de contacto:\u00a0<span id=\"cloak80ed65c27e721aee6e1efbf5f879fd64\"><a href=\"mailto:juegosculturalesevitasj@gmail.com\">juegosculturalesevitasj@gmail.com<\/a><\/span><\/p>\n<p><span style=\"color: #008000;\"><strong>Categor\u00edas, disciplinas y modalidad de inscripci\u00f3n:<\/strong><\/span><\/p>\n<p><span style=\"color: #008000;\"><strong>Sub-15 y Sub-18:<\/strong><\/span><\/p>\n<ul>\n<li>Disciplinas Virtuales<\/li>\n<li>Fotograf\u00eda &#8211; Pintura\/Dibujo &#8211; Cuento &#8211; Poes\u00eda &#8211; Videominuto<\/li>\n<li>Disciplinas Presenciales<\/li>\n<li>Canto Solista &#8211; Freestyle &#8211; Pareja de Danza<\/li>\n<\/ul>\n<p><span style=\"color: #008000;\"><strong>Categor\u00eda \u00fanica<\/strong><\/span><\/p>\n<ul>\n<li>Disciplina Virtual<\/li>\n<li>Historieta<\/li>\n<li>Disciplinas Presenciales<\/li>\n<li>Conjunto Musical &#8211; Teatro Unipersonal &#8211; Teatro Grupal &#8211; Danza Libre<\/li>\n<\/ul>\n<p><span style=\"color: #008000;\"><strong>Adultos mayores<\/strong><\/span><\/p>\n<ul>\n<li>Disciplinas Virtuales<\/li>\n<li>Fotograf\u00eda &#8211; Pintura\/Dibujo &#8211; Cuento &#8211; Poes\u00eda<\/li>\n<li>Disciplinas Presenciales<\/li>\n<li>Canto Solista &#8211; Pareja de Danza &#8211; Teatro Unipersonal<\/li>\n<\/ul>\n<p><span style=\"color: #008000;\"><strong>Personas con discapacidad<\/strong><\/span><\/p>\n<ul>\n<li>Disciplina Virtual<\/li>\n<li>Fotograf\u00eda<\/li>\n<li>Disciplina Presencial<\/li>\n<li>Teatro Unipersonal<\/li>\n<\/ul>\n","protected":false},"excerpt":{"rendered":"<p>El Ministerio de Turismo y Cultura del Gobierno de San Juan invita a participar, del 8 de Mayo al 30<\/p>\n","protected":false},"author":3,"featured_media":6002,"comment_status":"closed","ping_status":"closed","sticky":false,"template":"","format":"standard","meta":{"_acf_changed":false,"_seopress_robots_primary_cat":"none","_seopress_titles_title":"","_seopress_titles_desc":"","_seopress_robots_index":"","colormag_page_container_layout":"default_layout","colormag_page_sidebar_layout":"default_layout","footnotes":""},"categories":[2],"tags":[],"class_list":["post-58816","post","type-post","status-publish","format-standard","has-post-thumbnail","hentry","category-convocatorias"],"acf":[],"_links":{"self":[{"href":"https:\/\/vocesparalelas.com.ar\/sitio\/wp-json\/wp\/v2\/posts\/58816","targetHints":{"allow":["GET"]}}],"collection":[{"href":"https:\/\/vocesparalelas.com.ar\/sitio\/wp-json\/wp\/v2\/posts"}],"about":[{"href":"https:\/\/vocesparalelas.com.ar\/sitio\/wp-json\/wp\/v2\/types\/post"}],"author":[{"embeddable":true,"href":"https:\/\/vocesparalelas.com.ar\/sitio\/wp-json\/wp\/v2\/users\/3"}],"replies":[{"embeddable":true,"href":"https:\/\/vocesparalelas.com.ar\/sitio\/wp-json\/wp\/v2\/comments?post=58816"}],"version-history":[{"count":1,"href":"https:\/\/vocesparalelas.com.ar\/sitio\/wp-json\/wp\/v2\/posts\/58816\/revisions"}],"predecessor-version":[{"id":58819,"href":"https:\/\/vocesparalelas.com.ar\/sitio\/wp-json\/wp\/v2\/posts\/58816\/revisions\/58819"}],"wp:featuredmedia":[{"embeddable":true,"href":"https:\/\/vocesparalelas.com.ar\/sitio\/wp-json\/wp\/v2\/media\/6002"}],"wp:attachment":[{"href":"https:\/\/vocesparalelas.com.ar\/sitio\/wp-json\/wp\/v2\/media?parent=58816"}],"wp:term":[{"taxonomy":"category","embeddable":true,"href":"https:\/\/vocesparalelas.com.ar\/sitio\/wp-json\/wp\/v2\/categories?post=58816"},{"taxonomy":"post_tag","embeddable":true,"href":"https:\/\/vocesparalelas.com.ar\/sitio\/wp-json\/wp\/v2\/tags?post=58816"}],"curies":[{"name":"wp","href":"https:\/\/api.w.org\/{rel}","templated":true}]}}