{"id":58795,"date":"2023-05-08T23:11:56","date_gmt":"2023-05-09T02:11:56","guid":{"rendered":"https:\/\/vocesparalelas.com.ar\/sitio\/?p=58795"},"modified":"2023-05-09T23:50:12","modified_gmt":"2023-05-10T02:50:12","slug":"lagrimas-de-tinta-de-la-escritora-de-san-juan-ana-paula-nollen-en-la-fil-de-ba","status":"publish","type":"post","link":"https:\/\/vocesparalelas.com.ar\/sitio\/lagrimas-de-tinta-de-la-escritora-de-san-juan-ana-paula-nollen-en-la-fil-de-ba\/","title":{"rendered":"\u00abL\u00e1grimas de Tinta\u00bb de la Escritora de San Juan, Ana Paula Noll\u00e9n en la FIL de BA"},"content":{"rendered":"<p>De represo a San Juan de la escritora Ana Paula Noll\u00e9n despu\u00e9s de presentar el Libro de Poes\u00eda \u00abL\u00e1grimas de Tinta\u00bb en la Feria Internacional del Libro de Buenos Aires, Argentina.<\/p>\n<p>Es importante destacar que Ana Paula Noll\u00e9n naci\u00f3 el 10 de Agosto de 2004, en la provincia de San Juan. Comenz\u00f3 su actividad de escritora a su corta edad de 14 a\u00f1os, donde intent\u00f3 recordar a su abuelo materno, donde se publicaron algunos poemas en el libro.<\/p>\n<p>Adem\u00e1s, finaliz\u00f3 sus estudios secundarios en el 2022 y actualmente, estudia ingl\u00e9s y el Profesorado de Lengua y Literatura.<\/p>\n<p>\u00abL\u00e1grimas de Tinta\u00bb es amor, extra\u00f1ar, nadar en los recuerdos de los que fuimos, ya sea s\u00f3lo o con esa persona que quer\u00e9s un mont\u00f3n. Es un viaje al pasado, as\u00ed se creas o no que todo est\u00e1 escrito, es eso que tanto nos ensa\u00f1a y que nos hace llorar l\u00e1grimas de tinta.<\/p>\n<p>Es el primer libro publicado con un se\u00f1o cumplido para que el lector quede atrapado pero hay que esperar m\u00e1s porque hay m\u00e1s sue\u00f1os que cumplir por parte de Ana Paula Noll\u00e9n.<\/p>\n<p>Voces Paralelas desarroll\u00f3 una entrevista period\u00edstica a Ana Paula Noll\u00e9n, quien cont\u00f3 como nace el escribir siempre con el sue\u00f1o de publicar el libro y lo logr\u00f3. Simplemente son L\u00e1grimas de Tinta.<\/p>\n<p><iframe loading=\"lazy\" title=\"SAN JUAN  ESCRITORA ANA PAULA NOLL\u00c9N\" width=\"800\" height=\"450\" src=\"https:\/\/www.youtube.com\/embed\/uddk1UKcPFY?feature=oembed\" frameborder=\"0\" allow=\"accelerometer; autoplay; clipboard-write; encrypted-media; gyroscope; picture-in-picture; web-share\" allowfullscreen><\/iframe><\/p>\n<p>No s\u00f3lo comparti\u00f3 su experiencia de escritora sino el momento de la presentaci\u00f3n del Libro \u00abL\u00e1grimas de Tinta\u00bb, en el stand de San Juan, en la Feria Internacional del Libro, en Buenos Aires, Argentina.<\/p>\n<p><iframe loading=\"lazy\" title=\"SAN JUAN ESCRITORA ANA PAULA NOLL\u00c9N\" width=\"800\" height=\"450\" src=\"https:\/\/www.youtube.com\/embed\/u0sQFP9JeHk?feature=oembed\" frameborder=\"0\" allow=\"accelerometer; autoplay; clipboard-write; encrypted-media; gyroscope; picture-in-picture; web-share\" allowfullscreen><\/iframe><\/p>\n<figure id=\"attachment_58798\" aria-describedby=\"caption-attachment-58798\" style=\"width: 800px\" class=\"wp-caption alignnone\"><img loading=\"lazy\" decoding=\"async\" class=\"size-full wp-image-58798\" src=\"https:\/\/vocesparalelas.com.ar\/sitio\/wp-content\/uploads\/2023\/05\/ANA-PAULA-NOLLEN-FIL.jpg\" alt=\"\" width=\"800\" height=\"607\" srcset=\"https:\/\/vocesparalelas.com.ar\/sitio\/wp-content\/uploads\/2023\/05\/ANA-PAULA-NOLLEN-FIL.jpg 800w, https:\/\/vocesparalelas.com.ar\/sitio\/wp-content\/uploads\/2023\/05\/ANA-PAULA-NOLLEN-FIL-300x228.jpg 300w, https:\/\/vocesparalelas.com.ar\/sitio\/wp-content\/uploads\/2023\/05\/ANA-PAULA-NOLLEN-FIL-768x583.jpg 768w\" sizes=\"auto, (max-width: 800px) 100vw, 800px\" \/><figcaption id=\"caption-attachment-58798\" class=\"wp-caption-text\">Escritora de San Juan, Ana Paula Noll\u00e9n, en la presentaci\u00f3n del Libro \u00abL\u00e1grimas de Tinta\u00bb en la Feria Internacional del Libro en Buenos Aires, Argentina<\/figcaption><\/figure>\n<p>&nbsp;<\/p>\n<p><iframe loading=\"lazy\" title=\"SAN JUAN ESCRITORA ANA PAULA NOLL\u00c9N\" width=\"800\" height=\"450\" src=\"https:\/\/www.youtube.com\/embed\/fgnGhe8pBFI?feature=oembed\" frameborder=\"0\" allow=\"accelerometer; autoplay; clipboard-write; encrypted-media; gyroscope; picture-in-picture; web-share\" allowfullscreen><\/iframe><\/p>\n<p><img loading=\"lazy\" decoding=\"async\" class=\"size-large wp-image-58799 aligncenter\" src=\"https:\/\/vocesparalelas.com.ar\/sitio\/wp-content\/uploads\/2023\/05\/FIL-BUENOS-AIRES-01-545x800.jpg\" alt=\"\" width=\"545\" height=\"800\" srcset=\"https:\/\/vocesparalelas.com.ar\/sitio\/wp-content\/uploads\/2023\/05\/FIL-BUENOS-AIRES-01-545x800.jpg 545w, https:\/\/vocesparalelas.com.ar\/sitio\/wp-content\/uploads\/2023\/05\/FIL-BUENOS-AIRES-01-204x300.jpg 204w, https:\/\/vocesparalelas.com.ar\/sitio\/wp-content\/uploads\/2023\/05\/FIL-BUENOS-AIRES-01.jpg 697w\" sizes=\"auto, (max-width: 545px) 100vw, 545px\" \/><\/p>\n<p>&nbsp;<\/p>\n<p><img loading=\"lazy\" decoding=\"async\" class=\"size-large wp-image-58800 aligncenter\" src=\"https:\/\/vocesparalelas.com.ar\/sitio\/wp-content\/uploads\/2023\/05\/FIL-BUENOS-AIRES-02-568x800.jpg\" alt=\"\" width=\"568\" height=\"800\" srcset=\"https:\/\/vocesparalelas.com.ar\/sitio\/wp-content\/uploads\/2023\/05\/FIL-BUENOS-AIRES-02-568x800.jpg 568w, https:\/\/vocesparalelas.com.ar\/sitio\/wp-content\/uploads\/2023\/05\/FIL-BUENOS-AIRES-02-213x300.jpg 213w, https:\/\/vocesparalelas.com.ar\/sitio\/wp-content\/uploads\/2023\/05\/FIL-BUENOS-AIRES-02.jpg 727w\" sizes=\"auto, (max-width: 568px) 100vw, 568px\" \/><\/p>\n<p>&nbsp;<\/p>\n<p><img loading=\"lazy\" decoding=\"async\" class=\"size-large wp-image-58801 aligncenter\" src=\"https:\/\/vocesparalelas.com.ar\/sitio\/wp-content\/uploads\/2023\/05\/FIL-BUENOS-AIRES-03-634x800.jpg\" alt=\"\" width=\"634\" height=\"800\" srcset=\"https:\/\/vocesparalelas.com.ar\/sitio\/wp-content\/uploads\/2023\/05\/FIL-BUENOS-AIRES-03-634x800.jpg 634w, https:\/\/vocesparalelas.com.ar\/sitio\/wp-content\/uploads\/2023\/05\/FIL-BUENOS-AIRES-03-238x300.jpg 238w, https:\/\/vocesparalelas.com.ar\/sitio\/wp-content\/uploads\/2023\/05\/FIL-BUENOS-AIRES-03-768x970.jpg 768w, https:\/\/vocesparalelas.com.ar\/sitio\/wp-content\/uploads\/2023\/05\/FIL-BUENOS-AIRES-03.jpg 800w\" sizes=\"auto, (max-width: 634px) 100vw, 634px\" \/><\/p>\n<p>&nbsp;<\/p>\n","protected":false},"excerpt":{"rendered":"<p>De represo a San Juan de la escritora Ana Paula Noll\u00e9n despu\u00e9s de presentar el Libro de Poes\u00eda \u00abL\u00e1grimas de<\/p>\n","protected":false},"author":3,"featured_media":58802,"comment_status":"closed","ping_status":"closed","sticky":false,"template":"","format":"standard","meta":{"_acf_changed":false,"_seopress_robots_primary_cat":"none","_seopress_titles_title":"","_seopress_titles_desc":"","_seopress_robots_index":"","colormag_page_container_layout":"default_layout","colormag_page_sidebar_layout":"default_layout","footnotes":""},"categories":[10,7],"tags":[],"class_list":["post-58795","post","type-post","status-publish","format-standard","has-post-thumbnail","hentry","category-opiniones","category-videos"],"acf":[],"_links":{"self":[{"href":"https:\/\/vocesparalelas.com.ar\/sitio\/wp-json\/wp\/v2\/posts\/58795","targetHints":{"allow":["GET"]}}],"collection":[{"href":"https:\/\/vocesparalelas.com.ar\/sitio\/wp-json\/wp\/v2\/posts"}],"about":[{"href":"https:\/\/vocesparalelas.com.ar\/sitio\/wp-json\/wp\/v2\/types\/post"}],"author":[{"embeddable":true,"href":"https:\/\/vocesparalelas.com.ar\/sitio\/wp-json\/wp\/v2\/users\/3"}],"replies":[{"embeddable":true,"href":"https:\/\/vocesparalelas.com.ar\/sitio\/wp-json\/wp\/v2\/comments?post=58795"}],"version-history":[{"count":1,"href":"https:\/\/vocesparalelas.com.ar\/sitio\/wp-json\/wp\/v2\/posts\/58795\/revisions"}],"predecessor-version":[{"id":58803,"href":"https:\/\/vocesparalelas.com.ar\/sitio\/wp-json\/wp\/v2\/posts\/58795\/revisions\/58803"}],"wp:featuredmedia":[{"embeddable":true,"href":"https:\/\/vocesparalelas.com.ar\/sitio\/wp-json\/wp\/v2\/media\/58802"}],"wp:attachment":[{"href":"https:\/\/vocesparalelas.com.ar\/sitio\/wp-json\/wp\/v2\/media?parent=58795"}],"wp:term":[{"taxonomy":"category","embeddable":true,"href":"https:\/\/vocesparalelas.com.ar\/sitio\/wp-json\/wp\/v2\/categories?post=58795"},{"taxonomy":"post_tag","embeddable":true,"href":"https:\/\/vocesparalelas.com.ar\/sitio\/wp-json\/wp\/v2\/tags?post=58795"}],"curies":[{"name":"wp","href":"https:\/\/api.w.org\/{rel}","templated":true}]}}