{"id":58735,"date":"2023-05-05T20:22:18","date_gmt":"2023-05-05T23:22:18","guid":{"rendered":"https:\/\/vocesparalelas.com.ar\/sitio\/?p=58735"},"modified":"2023-05-09T00:46:53","modified_gmt":"2023-05-09T03:46:53","slug":"sumate-al-festival-musicas-san-juan","status":"publish","type":"post","link":"https:\/\/vocesparalelas.com.ar\/sitio\/sumate-al-festival-musicas-san-juan\/","title":{"rendered":"Sumate al Festival M\u00fasicas San Juan"},"content":{"rendered":"<p>El S\u00e1bado, 6 de Mayo de 2023, a las 21 hs.; en el Cine Teatro Municipal de San Juan se desarrolla el \u201cFestival M\u00fasicas San Juan\u201d.<\/p>\n<p>M\u00fasicas de autor\u00eda propia llenan de sonidos de cielo y tierra, aromadas de cedr\u00f3n y jarilla entreveradas con ritmos de rock del bueno de la mano de las siguientes bandas sanjuaninas:<\/p>\n<ul>\n<li><strong><span style=\"color: #ff6600;\">LEDA DEL REV\u00c9S<\/span> <\/strong>es un tr\u00edo de m\u00fasica folcl\u00f3rica y estilo canci\u00f3n conformado por Gabriela Trad, guitarra, teclado y voz, Beatriz Arnedillo y Ana Jofre. Realizan composiciones propias, desarrollando un repertorio diverso que refleja distintos ritmos latinoamericanos a partir de su propia interpretaci\u00f3n e identidad como mujeres en la m\u00fasica. Buscan contribuir a una mayor diversidad en torno al folclore y la m\u00fasica popular en la provincia en relaci\u00f3n a los cambios y demandas actuales de mayor participaci\u00f3n femenina en los escenarios.<br \/>\nInstagram:\u00a0<a href=\"http:\/\/www.instagram.com\/ledadelreves\">http:\/\/www.instagram.com\/ledadelreves<\/a><\/li>\n<li><strong><span style=\"color: #ff6600;\">LA TIERRA TRIBU<\/span><\/strong> (folklore) es una agrupaci\u00f3n musical que da vida a un selecto repertorio del folclore argentino y latinoamericano, con versiones de autores de este siglo y nuevas obras que van naciendo de sus bombos y guitarras. Brindar\u00e1n un adelanto de temas de su primer EP con obras como \u201cColola\u201d dedicado a Iglesia, departamento de San Juan, de Laura Pasten y la Jardinera como homenaje a Violeta Parra entre otras bellas canciones. Adri\u00e1n Torres en guitarra cl\u00e1sica,el\u00e9ctrica, charango y coros, Nelson Tejada en bajo, guitarra<br \/>\nac\u00fastica, guitarra cl\u00e1sica, percusi\u00f3n y coros y Laura Pasten en voz principal, percusi\u00f3n, guitarra cl\u00e1sica y composiciones forman La Tierra Tribu. Instagram:\u00a0<a href=\"https:\/\/www.instagram.com\/latierratribu\">https:\/\/www.instagram.com\/latierratribu<\/a><\/li>\n<li><strong><span style=\"color: #ff6600;\">SUELO HUARPE<\/span> <\/strong>es la banda que comenz\u00f3 en 2016 y ha recorrido diversos escenarios de la provincia de San Juan. En su forma de composici\u00f3n e interpretaci\u00f3n se nota un gran compromiso con la pr\u00e1ctica musical y el<br \/>\nensayo constante que los ha llevado a la creaci\u00f3n de gran cantidad de temas a lo largo de su carrera que van plasmando en sus 2 (dos) discos editados. Sus integrantes son de la provincia de San Juan, oriundos de J\u00e1chal, Rivadavia, Chimbas y San Juan, lo que le da un esp\u00edritu amplio a sus or\u00edgenes que inspira y se refleja en las canciones. El rock y el desierto se trasluce en sus letras y sus m\u00fasicas. Suelo huarpe es rock de San Juan.<br \/>\nMarcos Quinteros &#8211; voz, coros y primera guitarra, Roberto Guerrero &#8211; bajo, coros, Mauricio Figueroa &#8211; voz, coros, arm\u00f3nica, Juli\u00e1n Morales &#8211; voz, coros y segunda guitarra y Facundo Gonz\u00e1lez &#8211; bater\u00eda forman Suelo Huarpe. <a href=\"https:\/\/www.instagram.com\/suelo_huarpe\/\">https:\/\/www.instagram.com\/suelo_huarpe\/<\/a><br \/>\n<a href=\"http:\/\/www.suelohuarpesj.wixsite.com\/suelohuarpe\">http:\/\/www.suelohuarpesj.wixsite.com\/suelohuarpe<\/a><\/li>\n<li><strong><span style=\"color: #ff6600;\">ANIMAL NATIVO<\/span><\/strong> (rock) fue fundado hace ya 10 a\u00f1os, por una banda de amigos que se encontraron a hacer<br \/>\ncanciones de rock con diversas influencias. Mezclan voces e instrumentos en forma de texturas que evocan los diversos paisajes de la regi\u00f3n. Est\u00e1 formado por Facundo Gim\u00e9nez en bater\u00eda, Mauro Espejo en bajo, Mat\u00edas D\u00edaz en guitarra el\u00e9ctrica y 2da voz, Leandro Cabrera en Guitarra ac\u00fastica y 1era Voz y Anisi en coros. En esta presentaci\u00f3n, la banda estar\u00e1 adelantando temas de su primer trabajo discogr\u00e1fico \u201cLa Realidad de Hoy\u201d pronto a salir en todas las plataformas digitales. <a href=\"https:\/\/www.facebook.com\/profile.php?id=100011274842991\">https:\/\/www.facebook.com\/profile.php?id=100011274842991<\/a><\/li>\n<\/ul>\n<p><strong><span style=\"color: #ff6600;\">Cronograma<\/span><\/strong><\/p>\n<ul>\n<li>18 hs &#8211; Abre boleter\u00eda para retirar entradas y comprar tickets en la puerta<\/li>\n<li>20 hs &#8211; Workshop de Chacarera en el hall del Cine Teatro Municipal a cargo de Prof. Laura Pasten<\/li>\n<li>20.30 hs &#8211; Ingreso a sala<\/li>\n<li>21.00 hs &#8211; Comienza concierto<\/li>\n<li>23.20 hs &#8211; Finaliza concierto<\/li>\n<\/ul>\n<p>Direcci\u00f3n: Mitre Este 41 San Juan<\/p>\n<p>Valor entrada: $500<\/p>\n<p><span style=\"color: #ff6600;\"><strong>Sobre el Festival M\u00fasicas San Juan<\/strong><\/span><\/p>\n<p>FMS naci\u00f3 en 2021. En 2022 se realiz\u00f3 en la Ciudad de Caucete. El esp\u00edritu de este festival, desde sus comienzos, es celebrar las nuevas m\u00fasicas de la mano de sus creadores en un encuentro inolvidable que promete ser una experiencia \u00fanica: la m\u00fasica en vivo, las m\u00fasicas en directo, una comuni\u00f3n irrepetible que sucede en el aire de un concierto.<\/p>\n<p>FMS visita distintos departamentos de la provincia de San Juan en forma presencial y virtual durante todo 2023.<\/p>\n<p>Venta Tickets:\u00a0<a href=\"http:\/\/bit.ly\/FMSCTM6MAYO23\">http:\/\/bit.ly\/FMSCTM6MAYO23<\/a><\/p>\n<p>Instagram:\u00a0<a href=\"http:\/\/www.instagram.com\/asociacionmusicassanjuan\">http:\/\/www.instagram.com\/asociacionmusicassanjuan<\/a><\/p>\n","protected":false},"excerpt":{"rendered":"<p>El S\u00e1bado, 6 de Mayo de 2023, a las 21 hs.; en el Cine Teatro Municipal de San Juan se<\/p>\n","protected":false},"author":3,"featured_media":58738,"comment_status":"closed","ping_status":"closed","sticky":false,"template":"","format":"standard","meta":{"_acf_changed":false,"_seopress_robots_primary_cat":"none","_seopress_titles_title":"","_seopress_titles_desc":"","_seopress_robots_index":"","colormag_page_container_layout":"default_layout","colormag_page_sidebar_layout":"default_layout","footnotes":""},"categories":[20],"tags":[],"class_list":["post-58735","post","type-post","status-publish","format-standard","has-post-thumbnail","hentry","category-cartelera"],"acf":[],"_links":{"self":[{"href":"https:\/\/vocesparalelas.com.ar\/sitio\/wp-json\/wp\/v2\/posts\/58735","targetHints":{"allow":["GET"]}}],"collection":[{"href":"https:\/\/vocesparalelas.com.ar\/sitio\/wp-json\/wp\/v2\/posts"}],"about":[{"href":"https:\/\/vocesparalelas.com.ar\/sitio\/wp-json\/wp\/v2\/types\/post"}],"author":[{"embeddable":true,"href":"https:\/\/vocesparalelas.com.ar\/sitio\/wp-json\/wp\/v2\/users\/3"}],"replies":[{"embeddable":true,"href":"https:\/\/vocesparalelas.com.ar\/sitio\/wp-json\/wp\/v2\/comments?post=58735"}],"version-history":[{"count":1,"href":"https:\/\/vocesparalelas.com.ar\/sitio\/wp-json\/wp\/v2\/posts\/58735\/revisions"}],"predecessor-version":[{"id":58739,"href":"https:\/\/vocesparalelas.com.ar\/sitio\/wp-json\/wp\/v2\/posts\/58735\/revisions\/58739"}],"wp:featuredmedia":[{"embeddable":true,"href":"https:\/\/vocesparalelas.com.ar\/sitio\/wp-json\/wp\/v2\/media\/58738"}],"wp:attachment":[{"href":"https:\/\/vocesparalelas.com.ar\/sitio\/wp-json\/wp\/v2\/media?parent=58735"}],"wp:term":[{"taxonomy":"category","embeddable":true,"href":"https:\/\/vocesparalelas.com.ar\/sitio\/wp-json\/wp\/v2\/categories?post=58735"},{"taxonomy":"post_tag","embeddable":true,"href":"https:\/\/vocesparalelas.com.ar\/sitio\/wp-json\/wp\/v2\/tags?post=58735"}],"curies":[{"name":"wp","href":"https:\/\/api.w.org\/{rel}","templated":true}]}}