{"id":58665,"date":"2023-05-03T22:23:57","date_gmt":"2023-05-04T01:23:57","guid":{"rendered":"https:\/\/vocesparalelas.com.ar\/sitio\/?p=58665"},"modified":"2023-05-12T00:48:29","modified_gmt":"2023-05-12T03:48:29","slug":"curso-practicas-culturales-en-el-arbolado-publico-en-san-juan","status":"publish","type":"post","link":"https:\/\/vocesparalelas.com.ar\/sitio\/curso-practicas-culturales-en-el-arbolado-publico-en-san-juan\/","title":{"rendered":"Curso \u00abPr\u00e1cticas culturales en el arbolado p\u00fablico\u00bb en San Juan"},"content":{"rendered":"<p>Con el objetivo de capacitar en el correcto manejo de la poda del arbolado urbano y concientizar sobre el valor del arbolado, la Direcci\u00f3n de Arbolado P\u00fablico de la Secretar\u00eda de Estado de Ambiente, organiza una capacitaci\u00f3n sobre Pr\u00e1cticas Culturales en el Arbolado P\u00fablico.<\/p>\n<p>La misma est\u00e1 destinada a empresas, municipios que realicen labores sobre el arbolado de alineaci\u00f3n y brindar\u00e1 conocimientos sobre las funciones, beneficios y servicios de los \u00e1rboles en el sistema urbano capacitar en buenas pr\u00e1cticas de manejo, en especial sobre t\u00e9cnicas de intervenci\u00f3n (poda) sobre el arbolado urbano.<\/p>\n<p>El curso se dicta el Mi\u00e9rcoles, 10 y el Jueves, 11 de Mayo, en el Sal\u00f3n Anexo de la Legislatura Emar Acosta, de 8 a 12:30 horas.<\/p>\n<p>En el 2023, el curso tiene la particularidad de dictarse de manera presencial y asincr\u00f3nica, transmitido v\u00eda streaming y Youtube, en esta \u00faltima modalidad no se entrega certificado.<\/p>\n<p>Los interesados en participar deben registrar su inscripci\u00f3n completando el siguiente\u00a0Formulario<\/p>\n<p><a href=\"https:\/\/docs.google.com\/forms\/d\/e\/1FAIpQLSeJPtVSxK5zyIXNeO5xb2H8SMN4bLbImLgd50PICTRnd2B_hA\/viewform\">https:\/\/docs.google.com\/forms\/d\/e\/1FAIpQLSeJPtVSxK5zyIXNeO5xb2H8SMN4bLbImLgd50PICTRnd2B_hA\/viewform<\/a><\/p>\n<p>o por v\u00eda telef\u00f3nica al 4305947.<\/p>\n<p>La provincia de San Juan se caracteriza por tener un clima \u00e1rido con gran amplitud t\u00e9rmica, veranos muy c\u00e1lidos e inviernos muy fr\u00edos, escasas precipitaciones.<\/p>\n<p>Estas caracter\u00edsticas influyen y determinan la presencia de flora y fauna, el paisaje natural modificado para satisfacer las necesidades de la sociedad presentan \u00e1rboles que se encuentran en alineaci\u00f3n en veredas y espacios verdes. Por esto resulta de suma importancia conocer y realizar labores sobre el mismo, respecto a poda, vivero y riego, temas a desarrollar en cada uno de los m\u00f3dulos que componen la capacitaci\u00f3n.<\/p>\n<p>&nbsp;<\/p>\n<p>&nbsp;<\/p>\n","protected":false},"excerpt":{"rendered":"<p>Con el objetivo de capacitar en el correcto manejo de la poda del arbolado urbano y concientizar sobre el valor<\/p>\n","protected":false},"author":3,"featured_media":58723,"comment_status":"closed","ping_status":"closed","sticky":false,"template":"","format":"standard","meta":{"_acf_changed":false,"_seopress_robots_primary_cat":"none","_seopress_titles_title":"","_seopress_titles_desc":"","_seopress_robots_index":"","colormag_page_container_layout":"default_layout","colormag_page_sidebar_layout":"default_layout","footnotes":""},"categories":[9],"tags":[],"class_list":["post-58665","post","type-post","status-publish","format-standard","has-post-thumbnail","hentry","category-cursos"],"acf":[],"_links":{"self":[{"href":"https:\/\/vocesparalelas.com.ar\/sitio\/wp-json\/wp\/v2\/posts\/58665","targetHints":{"allow":["GET"]}}],"collection":[{"href":"https:\/\/vocesparalelas.com.ar\/sitio\/wp-json\/wp\/v2\/posts"}],"about":[{"href":"https:\/\/vocesparalelas.com.ar\/sitio\/wp-json\/wp\/v2\/types\/post"}],"author":[{"embeddable":true,"href":"https:\/\/vocesparalelas.com.ar\/sitio\/wp-json\/wp\/v2\/users\/3"}],"replies":[{"embeddable":true,"href":"https:\/\/vocesparalelas.com.ar\/sitio\/wp-json\/wp\/v2\/comments?post=58665"}],"version-history":[{"count":3,"href":"https:\/\/vocesparalelas.com.ar\/sitio\/wp-json\/wp\/v2\/posts\/58665\/revisions"}],"predecessor-version":[{"id":58670,"href":"https:\/\/vocesparalelas.com.ar\/sitio\/wp-json\/wp\/v2\/posts\/58665\/revisions\/58670"}],"wp:featuredmedia":[{"embeddable":true,"href":"https:\/\/vocesparalelas.com.ar\/sitio\/wp-json\/wp\/v2\/media\/58723"}],"wp:attachment":[{"href":"https:\/\/vocesparalelas.com.ar\/sitio\/wp-json\/wp\/v2\/media?parent=58665"}],"wp:term":[{"taxonomy":"category","embeddable":true,"href":"https:\/\/vocesparalelas.com.ar\/sitio\/wp-json\/wp\/v2\/categories?post=58665"},{"taxonomy":"post_tag","embeddable":true,"href":"https:\/\/vocesparalelas.com.ar\/sitio\/wp-json\/wp\/v2\/tags?post=58665"}],"curies":[{"name":"wp","href":"https:\/\/api.w.org\/{rel}","templated":true}]}}