{"id":58659,"date":"2023-05-03T22:10:27","date_gmt":"2023-05-04T01:10:27","guid":{"rendered":"https:\/\/vocesparalelas.com.ar\/sitio\/?p=58659"},"modified":"2023-05-05T00:22:42","modified_gmt":"2023-05-05T03:22:42","slug":"espacios-de-consultas-por-la-liquidacion-de-sueldo-docentes-de-san-juan","status":"publish","type":"post","link":"https:\/\/vocesparalelas.com.ar\/sitio\/espacios-de-consultas-por-la-liquidacion-de-sueldo-docentes-de-san-juan\/","title":{"rendered":"Espacios de consultas por la liquidaci\u00f3n de sueldo docentes de San Juan"},"content":{"rendered":"<p>El Ministerio de Educaci\u00f3n del Gobierno de San Juan informa que en virtud de las consultas recibidas por dudas suscitadas con los recibos de haberes del personal docente de distintos niveles, se destin\u00f3 personal capacitado para atender estas consultas individuales en la isla de este ministerio ubicada en la Planta Baja del Centro C\u00edvico.<\/p>\n<p>El personal est\u00e1 disponible de Lunes a Viernes, de 8 a 17 horas, en la planta baja del Centro C\u00edvico se habilit\u00f3 un espacio destinado a informar a los docentes acerca de su liquidaci\u00f3n de sueldo.<\/p>\n<p>Asimismo, para quienes no puedan acercarse hasta el edificio, se habilit\u00f3 una direcci\u00f3n de correo electr\u00f3nico:\u00a0 <a href=\"mailto:consultasueldo@sanjuan.edu.ar\">consultasueldo@sanjuan.edu.ar<\/a> para responder cualquier duda que los docentes tengan acerca de su liquidaci\u00f3n de haberes.<\/p>\n<p>&nbsp;<\/p>\n","protected":false},"excerpt":{"rendered":"<p>El Ministerio de Educaci\u00f3n del Gobierno de San Juan informa que en virtud de las consultas recibidas por dudas suscitadas<\/p>\n","protected":false},"author":3,"featured_media":5706,"comment_status":"closed","ping_status":"closed","sticky":false,"template":"","format":"standard","meta":{"_acf_changed":false,"_seopress_robots_primary_cat":"none","_seopress_titles_title":"","_seopress_titles_desc":"","_seopress_robots_index":"","colormag_page_container_layout":"default_layout","colormag_page_sidebar_layout":"default_layout","footnotes":""},"categories":[6],"tags":[],"class_list":["post-58659","post","type-post","status-publish","format-standard","has-post-thumbnail","hentry","category-eventos"],"acf":[],"_links":{"self":[{"href":"https:\/\/vocesparalelas.com.ar\/sitio\/wp-json\/wp\/v2\/posts\/58659","targetHints":{"allow":["GET"]}}],"collection":[{"href":"https:\/\/vocesparalelas.com.ar\/sitio\/wp-json\/wp\/v2\/posts"}],"about":[{"href":"https:\/\/vocesparalelas.com.ar\/sitio\/wp-json\/wp\/v2\/types\/post"}],"author":[{"embeddable":true,"href":"https:\/\/vocesparalelas.com.ar\/sitio\/wp-json\/wp\/v2\/users\/3"}],"replies":[{"embeddable":true,"href":"https:\/\/vocesparalelas.com.ar\/sitio\/wp-json\/wp\/v2\/comments?post=58659"}],"version-history":[{"count":3,"href":"https:\/\/vocesparalelas.com.ar\/sitio\/wp-json\/wp\/v2\/posts\/58659\/revisions"}],"predecessor-version":[{"id":58664,"href":"https:\/\/vocesparalelas.com.ar\/sitio\/wp-json\/wp\/v2\/posts\/58659\/revisions\/58664"}],"wp:featuredmedia":[{"embeddable":true,"href":"https:\/\/vocesparalelas.com.ar\/sitio\/wp-json\/wp\/v2\/media\/5706"}],"wp:attachment":[{"href":"https:\/\/vocesparalelas.com.ar\/sitio\/wp-json\/wp\/v2\/media?parent=58659"}],"wp:term":[{"taxonomy":"category","embeddable":true,"href":"https:\/\/vocesparalelas.com.ar\/sitio\/wp-json\/wp\/v2\/categories?post=58659"},{"taxonomy":"post_tag","embeddable":true,"href":"https:\/\/vocesparalelas.com.ar\/sitio\/wp-json\/wp\/v2\/tags?post=58659"}],"curies":[{"name":"wp","href":"https:\/\/api.w.org\/{rel}","templated":true}]}}