{"id":58651,"date":"2023-05-03T21:08:17","date_gmt":"2023-05-04T00:08:17","guid":{"rendered":"https:\/\/vocesparalelas.com.ar\/sitio\/?p=58651"},"modified":"2023-05-05T00:24:05","modified_gmt":"2023-05-05T03:24:05","slug":"rivadavia-capacita-2023","status":"publish","type":"post","link":"https:\/\/vocesparalelas.com.ar\/sitio\/rivadavia-capacita-2023\/","title":{"rendered":"\u00abRivadavia Capacita 2023\u00bb"},"content":{"rendered":"<p>La Municipalidad de Rivadavia informa que el 3 de Mayo habilita las inscripciones para los diferentes cursos de formaci\u00f3n y capacitaci\u00f3n de la escuela laboral \u201cRivadavia Capacita\u201d.<\/p>\n<p><strong><span style=\"color: #339966;\">Capacitaciones<\/span><\/strong><\/p>\n<ul>\n<li>Mozo<\/li>\n<li>Barista<\/li>\n<li>Oratoria y T\u00e9cnicas de Expresi\u00f3n<\/li>\n<li>Higiene y Seguridad Laboral (Curso inclusivo, con interprete en Lengua de Se\u00f1as)<\/li>\n<li>Mucama<\/li>\n<li>Enoturismo<\/li>\n<li>Recepcionista de Hotel (Curso inclusivo, con interprete en Lengua de Se\u00f1as)<\/li>\n<li>Lengua de Se\u00f1as para Atenci\u00f3n al P\u00fablico<\/li>\n<li>Finanzas Personales<\/li>\n<li>Como iniciar y hacer crecer m\u00ed negocio<\/li>\n<li>Organizador de Eventos<\/li>\n<li>Auxiliar Materno Infantil<\/li>\n<li>Panader\u00eda<\/li>\n<li>Conservas, arom\u00e1ticas y deshidratados<\/li>\n<li>Ayudante de Cocina<\/li>\n<li>Peluquer\u00eda<\/li>\n<li>Carpinter\u00eda<\/li>\n<li>Pasteler\u00eda (Curso inclusivo, con interprete en Lengua de Se\u00f1as)<\/li>\n<li>Iniciaci\u00f3n Ap\u00edcola<\/li>\n<li>Electricidad<\/li>\n<li>Zapater\u00eda<\/li>\n<li>Est\u00e9tica<\/li>\n<li>Jardiner\u00eda<\/li>\n<\/ul>\n<p><strong><span style=\"color: #339966;\">Inscripciones<\/span><\/strong><\/p>\n<p>3, 4 y 5 de Mayo o hasta completar cupos, en Secretar\u00eda de Gobierno- Avenida Libertador 5141(o)- de 8 a 12:30 hs. Cupos Limitados.<\/p>\n<p><strong><span style=\"color: #339966;\">Inicio de cursos<\/span><\/strong><\/p>\n<p>01 de Junio de 2023<\/p>\n<p><span style=\"color: #339966;\"><strong>Requisitos<\/strong><\/span><\/p>\n<p>Presentar DNI y fotocopia del mismo<\/p>\n<p><span style=\"color: #339966;\"><strong>M\u00e1s informaci\u00f3n <\/strong><\/span><\/p>\n<p>Al 264-6751988<\/p>\n<p><img loading=\"lazy\" decoding=\"async\" class=\"alignnone size-large wp-image-42675\" src=\"https:\/\/vocesparalelas.com.ar\/sitio\/wp-content\/uploads\/2021\/10\/RIVADAVIA-LOGO-800x600.jpg\" alt=\"\" width=\"800\" height=\"600\" srcset=\"https:\/\/vocesparalelas.com.ar\/sitio\/wp-content\/uploads\/2021\/10\/RIVADAVIA-LOGO-800x600.jpg 800w, https:\/\/vocesparalelas.com.ar\/sitio\/wp-content\/uploads\/2021\/10\/RIVADAVIA-LOGO-300x225.jpg 300w, https:\/\/vocesparalelas.com.ar\/sitio\/wp-content\/uploads\/2021\/10\/RIVADAVIA-LOGO-768x576.jpg 768w, https:\/\/vocesparalelas.com.ar\/sitio\/wp-content\/uploads\/2021\/10\/RIVADAVIA-LOGO.jpg 1024w\" sizes=\"auto, (max-width: 800px) 100vw, 800px\" \/><\/p>\n","protected":false},"excerpt":{"rendered":"<p>La Municipalidad de Rivadavia informa que el 3 de Mayo habilita las inscripciones para los diferentes cursos de formaci\u00f3n y<\/p>\n","protected":false},"author":3,"featured_media":27131,"comment_status":"closed","ping_status":"closed","sticky":false,"template":"","format":"standard","meta":{"_acf_changed":false,"_seopress_robots_primary_cat":"none","_seopress_titles_title":"","_seopress_titles_desc":"","_seopress_robots_index":"","colormag_page_container_layout":"default_layout","colormag_page_sidebar_layout":"default_layout","footnotes":""},"categories":[9],"tags":[],"class_list":["post-58651","post","type-post","status-publish","format-standard","has-post-thumbnail","hentry","category-cursos"],"acf":[],"_links":{"self":[{"href":"https:\/\/vocesparalelas.com.ar\/sitio\/wp-json\/wp\/v2\/posts\/58651","targetHints":{"allow":["GET"]}}],"collection":[{"href":"https:\/\/vocesparalelas.com.ar\/sitio\/wp-json\/wp\/v2\/posts"}],"about":[{"href":"https:\/\/vocesparalelas.com.ar\/sitio\/wp-json\/wp\/v2\/types\/post"}],"author":[{"embeddable":true,"href":"https:\/\/vocesparalelas.com.ar\/sitio\/wp-json\/wp\/v2\/users\/3"}],"replies":[{"embeddable":true,"href":"https:\/\/vocesparalelas.com.ar\/sitio\/wp-json\/wp\/v2\/comments?post=58651"}],"version-history":[{"count":1,"href":"https:\/\/vocesparalelas.com.ar\/sitio\/wp-json\/wp\/v2\/posts\/58651\/revisions"}],"predecessor-version":[{"id":58654,"href":"https:\/\/vocesparalelas.com.ar\/sitio\/wp-json\/wp\/v2\/posts\/58651\/revisions\/58654"}],"wp:featuredmedia":[{"embeddable":true,"href":"https:\/\/vocesparalelas.com.ar\/sitio\/wp-json\/wp\/v2\/media\/27131"}],"wp:attachment":[{"href":"https:\/\/vocesparalelas.com.ar\/sitio\/wp-json\/wp\/v2\/media?parent=58651"}],"wp:term":[{"taxonomy":"category","embeddable":true,"href":"https:\/\/vocesparalelas.com.ar\/sitio\/wp-json\/wp\/v2\/categories?post=58651"},{"taxonomy":"post_tag","embeddable":true,"href":"https:\/\/vocesparalelas.com.ar\/sitio\/wp-json\/wp\/v2\/tags?post=58651"}],"curies":[{"name":"wp","href":"https:\/\/api.w.org\/{rel}","templated":true}]}}