{"id":58646,"date":"2023-05-03T21:00:37","date_gmt":"2023-05-04T00:00:37","guid":{"rendered":"https:\/\/vocesparalelas.com.ar\/sitio\/?p=58646"},"modified":"2023-05-03T21:01:28","modified_gmt":"2023-05-04T00:01:28","slug":"se-ultiman-detalles-del-mundial-sub-20-en-argentina-y-san-juan-es-una-de-las-sedes","status":"publish","type":"post","link":"https:\/\/vocesparalelas.com.ar\/sitio\/se-ultiman-detalles-del-mundial-sub-20-en-argentina-y-san-juan-es-una-de-las-sedes\/","title":{"rendered":"Se ultiman detalles del Mundial Sub 20 en Argentina y San Juan es una de las sedes"},"content":{"rendered":"<p>El gobernador de San Juan, Dr. Sergio U\u00f1ac se reuni\u00f3 con el presidente de la AFA, Claudio \u201cChiqui\u201d Tapia, para ultimar detalles del Mundial Sub 20 que se disputa en Argentina el 20 de Mayo de 2023, donde San Juan es una de las cuatro sedes.<\/p>\n<p>El encuentro fue en el predio de AFA y estuvieron presentes adem\u00e1s el representante de la FIFA\u00a0<a class=\"Ui2TZ WCMfob oRJe3d\" tabindex=\"0\" data-ti=\"overview\" data-ved=\"2ahUKEwjy6sWyiNr-AhVgqpUCHeSGBnQQnZMFegQIOBAC\"><span class=\"yKMVIe\">Christian Schm\u00f6lzer; el\u00a0<\/span><\/a>ministro de Turismo y Deporte, Dr. Mat\u00edas Lammens; el gobernador de Santiago del Estero, Gerardo Zamora y el secretario de Estado de Deportes de San Juan, Jorge Chica.<\/p>\n<p>Al salir de la reuni\u00f3n, el gobernador Dr. Sergio U\u00f1ac detall\u00f3 que el encuentro tuvo como objetivo \u201cdiagramar la log\u00edstica y organizaci\u00f3n para el Mundial Sub 20, que nos tendr\u00e1 como sede en varios de sus partidos\u201d.<\/p>\n<p>El mandatario a\u00f1adi\u00f3 que \u00abla realizaci\u00f3n del evento mundialista en la provincia apuntala el crecimiento tur\u00edstico, impulsando la gastronom\u00eda, la hoteler\u00eda y generando empleo local\u00bb.<\/p>\n<p>\u201cEstamos muy contentos de poder recibirlos en San Juan y generar a trav\u00e9s de estos eventos mayor turismo e impacto en la gastronom\u00eda, hoteler\u00eda y empleo para los sanjuaninos\u201d, destac\u00f3 el primer mandatario provincial.<\/p>\n<p><span style=\"color: #008000;\"><strong>Sobre el Mundial Sub 20<\/strong><\/span><\/p>\n<p>El Mundial Sub 20 lo jugar\u00e1n 24 pa\u00edses divididos en 6 grupos. Los clasificados son: Argentina, Brasil, Colombia, Corea del Sur, Ecuador, Eslovaquia, Estados Unidos, Fidji, Francia, Gambia, Guatemala, Honduras, Nigeria, Inglaterra, Irak, Israel, Italia, Jap\u00f3n, Nueva Zelanda, Rep\u00fablica Dominicana, Senegal, T\u00fanez, Uzbekist\u00e1n y Uruguay.<\/p>\n<p><span style=\"color: #008000;\"><strong>Partidos en San Juan<\/strong><\/span><\/p>\n<p><span style=\"color: #008000;\"><strong>S\u00e1bado, 20 de Mayo<\/strong><\/span><\/p>\n<ul>\n<li>Estados Unidos vs Ecuador<\/li>\n<li>Fiji vs Eslovaquia<\/li>\n<\/ul>\n<p><span style=\"color: #008000;\"><strong>Martes, 23 de Mayo<\/strong><\/span><\/p>\n<ul>\n<li>Estados Unidos vs Fiji<\/li>\n<li>Ecuador vs Eslovaquia<\/li>\n<\/ul>\n<p><span style=\"color: #008000;\"><strong>Viernes, 26 de Mayo<\/strong><\/span><\/p>\n<ul>\n<li>Eslovaquia vs Estados Unidos<\/li>\n<li>Nueva Zelanda vs Argentina (Grupo A)<\/li>\n<\/ul>\n<p><span style=\"color: #008000;\"><strong>Mi\u00e9rcoles, 31 de Mayo (octavos de final)<\/strong><\/span><\/p>\n<ul>\n<li>1\u00ba del grupo C vs 3\u00ba grupo A\/B\/F<\/li>\n<li>1\u00ba del grupo A vs 3\u00ba grupo C\/D\/E<\/li>\n<\/ul>\n<p><span style=\"color: #008000;\"><strong>S\u00e1bado, 3 de junio (cuartos de final)<\/strong><\/span><\/p>\n<ul>\n<li>Ganador del partido 37 vs 40<\/li>\n<li>Ganador del partido 42 vs 39<\/li>\n<\/ul>\n<p><img loading=\"lazy\" decoding=\"async\" class=\"alignnone size-full wp-image-43769\" src=\"https:\/\/vocesparalelas.com.ar\/sitio\/wp-content\/uploads\/2021\/11\/ESTADIO-BICENTENARIO.jpg\" alt=\"\" width=\"782\" height=\"440\" srcset=\"https:\/\/vocesparalelas.com.ar\/sitio\/wp-content\/uploads\/2021\/11\/ESTADIO-BICENTENARIO.jpg 782w, https:\/\/vocesparalelas.com.ar\/sitio\/wp-content\/uploads\/2021\/11\/ESTADIO-BICENTENARIO-300x169.jpg 300w, https:\/\/vocesparalelas.com.ar\/sitio\/wp-content\/uploads\/2021\/11\/ESTADIO-BICENTENARIO-768x432.jpg 768w\" sizes=\"auto, (max-width: 782px) 100vw, 782px\" \/><\/p>\n","protected":false},"excerpt":{"rendered":"<p>El gobernador de San Juan, Dr. Sergio U\u00f1ac se reuni\u00f3 con el presidente de la AFA, Claudio \u201cChiqui\u201d Tapia, para<\/p>\n","protected":false},"author":3,"featured_media":58649,"comment_status":"closed","ping_status":"closed","sticky":false,"template":"","format":"standard","meta":{"_acf_changed":false,"_seopress_robots_primary_cat":"none","_seopress_titles_title":"","_seopress_titles_desc":"","_seopress_robots_index":"","colormag_page_container_layout":"default_layout","colormag_page_sidebar_layout":"default_layout","footnotes":""},"categories":[1],"tags":[],"class_list":["post-58646","post","type-post","status-publish","format-standard","has-post-thumbnail","hentry","category-destacadas"],"acf":[],"_links":{"self":[{"href":"https:\/\/vocesparalelas.com.ar\/sitio\/wp-json\/wp\/v2\/posts\/58646","targetHints":{"allow":["GET"]}}],"collection":[{"href":"https:\/\/vocesparalelas.com.ar\/sitio\/wp-json\/wp\/v2\/posts"}],"about":[{"href":"https:\/\/vocesparalelas.com.ar\/sitio\/wp-json\/wp\/v2\/types\/post"}],"author":[{"embeddable":true,"href":"https:\/\/vocesparalelas.com.ar\/sitio\/wp-json\/wp\/v2\/users\/3"}],"replies":[{"embeddable":true,"href":"https:\/\/vocesparalelas.com.ar\/sitio\/wp-json\/wp\/v2\/comments?post=58646"}],"version-history":[{"count":1,"href":"https:\/\/vocesparalelas.com.ar\/sitio\/wp-json\/wp\/v2\/posts\/58646\/revisions"}],"predecessor-version":[{"id":58650,"href":"https:\/\/vocesparalelas.com.ar\/sitio\/wp-json\/wp\/v2\/posts\/58646\/revisions\/58650"}],"wp:featuredmedia":[{"embeddable":true,"href":"https:\/\/vocesparalelas.com.ar\/sitio\/wp-json\/wp\/v2\/media\/58649"}],"wp:attachment":[{"href":"https:\/\/vocesparalelas.com.ar\/sitio\/wp-json\/wp\/v2\/media?parent=58646"}],"wp:term":[{"taxonomy":"category","embeddable":true,"href":"https:\/\/vocesparalelas.com.ar\/sitio\/wp-json\/wp\/v2\/categories?post=58646"},{"taxonomy":"post_tag","embeddable":true,"href":"https:\/\/vocesparalelas.com.ar\/sitio\/wp-json\/wp\/v2\/tags?post=58646"}],"curies":[{"name":"wp","href":"https:\/\/api.w.org\/{rel}","templated":true}]}}