{"id":58631,"date":"2023-05-02T22:33:38","date_gmt":"2023-05-03T01:33:38","guid":{"rendered":"https:\/\/vocesparalelas.com.ar\/sitio\/?p=58631"},"modified":"2023-05-03T01:34:03","modified_gmt":"2023-05-03T04:34:03","slug":"inicia-dos-diplomaturas-de-la-escuela-de-oficios-y-educacion-profesional-de-la-unsj-en-la-fi","status":"publish","type":"post","link":"https:\/\/vocesparalelas.com.ar\/sitio\/inicia-dos-diplomaturas-de-la-escuela-de-oficios-y-educacion-profesional-de-la-unsj-en-la-fi\/","title":{"rendered":"Inicia dos diplomaturas de la Escuela de Oficios y Educaci\u00f3n Profesional de la UNSJ en la FI"},"content":{"rendered":"<p>El Mi\u00e9rcoles, 3 de Mayo, a las 9 hs.; en la Plaza Principal de esa Facultad de Ingenier\u00eda de la Universidad Nacional de San Juan, se desarrolla el acto de inicio de la \u201cDiplomatura en Mantenimiento y Reparaci\u00f3n de Fibra \u00d3ptica\u201d y \u201cDiplomatura en Reparaci\u00f3n de Equipamiento M\u00e9dico\u201d, en el marco de la Escuela de Oficios y Educaci\u00f3n Profesional de la UNSJ.<\/p>\n<p><span style=\"color: #008000;\"><strong>Diplomatura en Instalaci\u00f3n y Mantenimiento de Fibra \u00d3ptica<\/strong><\/span><\/p>\n<p>El objetivo general de esta diplomatura es capacitar a recursos humanos en aspectos t\u00e9cnicos referidos a la instalaci\u00f3n y mantenimiento de redes de datos basadas en transmisi\u00f3n por fibra \u00f3ptica, utilizadas actualmente. Abarca conceptos te\u00f3ricos b\u00e1sicos a aplicarse mediante experiencias pr\u00e1cticas que se desarrollar\u00e1n durante el trayecto formativo.<\/p>\n<ul>\n<li><strong><span style=\"color: #008000;\">Unidad Acad\u00e9mica responsable:<\/span><\/strong> Departamento de Electr\u00f3nica y Autom\u00e1tica<\/li>\n<li><span style=\"color: #008000;\"><strong>Tema<\/strong>\u00a0<\/span>Introducci\u00f3n a la Fibra \u00d3ptica &#8211; Principios de Transmisi\u00f3n por Fibra \u00d3ptica &#8211; Principios B\u00e1sicos de la luz &#8211;\u00a0 Teor\u00eda y caracter\u00edsticas de la fibra \u00f3ptica &#8211; Cables de Fibra \u00d3ptica &#8211; Empalmes en Redes \u00d3pticas &#8211;\u00a0 Conectores de Fibra \u00d3ptica &#8211;\u00a0 Fuentes de luz, transmisores, detectores y receptores &#8211;\u00a0 Instalaci\u00f3n de Redes \u00d3pticas &#8211; Mediciones de cables y enlaces &#8211; Higiene y Seguridad en el trabajo\u00a0 &#8211; Proyecto Final de Diplomatura<\/li>\n<li><span style=\"color: #008000;\"><strong>Lugar de desarrollo:<\/strong><\/span> Departamento de Electr\u00f3nica y Autom\u00e1tica (DEA) \u2013 Facultad de Ingenier\u00eda<\/li>\n<\/ul>\n<p><span style=\"color: #008000;\"><strong>Diplomatura en Reparaci\u00f3n de Equipamiento M\u00e9dico<\/strong><\/span><\/p>\n<p>El objetivo general consiste en capacitar a recursos humanos en aspectos te\u00f3rico-pr\u00e1cticos para realizar tareas de reparaci\u00f3n de dispositivos m\u00e9dicos, generando buenas pr\u00e1cticas de manipulaci\u00f3n, mantenimiento y ensayo de equipos biom\u00e9dicos. La misma abarca conceptos te\u00f3ricos que ser\u00e1n aplicados mediante experiencias pr\u00e1cticas que se desarrollar\u00e1n durante el trayecto formativo.<\/p>\n<ul>\n<li><span style=\"color: #008000;\"><strong>Unidad Acad\u00e9mica responsable:<\/strong><\/span>\u00a0Departamento de Electr\u00f3nica y Autom\u00e1tica. Facultad de Ingenier\u00eda. Universidad Nacional de San Juan.<\/li>\n<li><span style=\"color: #008000;\"><strong>Lugar de desarrollo:<\/strong><\/span> Departamento de Electr\u00f3nica y Autom\u00e1tica de la Facultad de Ingenier\u00eda de la UNSJ.<\/li>\n<\/ul>\n<p><span style=\"color: #008000;\"><strong>Certificados del Diplomado de Marketing<\/strong><\/span><\/p>\n<p>Por otro lado, y tambi\u00e9n en el marco de la Escuela de Oficios y Educaci\u00f3n Profesional, se har\u00e1 entrega este mi\u00e9rcoles 3 de mayo a las 18 hs.; en el Sal\u00f3n de actos de la FACSO de la UNSJ, la entrega de Certificados del Diplomado de Marketing que se dict\u00f3 en la Unidad Acad\u00e9mica.<\/p>\n","protected":false},"excerpt":{"rendered":"<p>El Mi\u00e9rcoles, 3 de Mayo, a las 9 hs.; en la Plaza Principal de esa Facultad de Ingenier\u00eda de la<\/p>\n","protected":false},"author":3,"featured_media":23028,"comment_status":"closed","ping_status":"closed","sticky":false,"template":"","format":"standard","meta":{"_acf_changed":false,"_seopress_robots_primary_cat":"none","_seopress_titles_title":"","_seopress_titles_desc":"","_seopress_robots_index":"","colormag_page_container_layout":"default_layout","colormag_page_sidebar_layout":"default_layout","footnotes":""},"categories":[1],"tags":[],"class_list":["post-58631","post","type-post","status-publish","format-standard","has-post-thumbnail","hentry","category-destacadas"],"acf":[],"_links":{"self":[{"href":"https:\/\/vocesparalelas.com.ar\/sitio\/wp-json\/wp\/v2\/posts\/58631","targetHints":{"allow":["GET"]}}],"collection":[{"href":"https:\/\/vocesparalelas.com.ar\/sitio\/wp-json\/wp\/v2\/posts"}],"about":[{"href":"https:\/\/vocesparalelas.com.ar\/sitio\/wp-json\/wp\/v2\/types\/post"}],"author":[{"embeddable":true,"href":"https:\/\/vocesparalelas.com.ar\/sitio\/wp-json\/wp\/v2\/users\/3"}],"replies":[{"embeddable":true,"href":"https:\/\/vocesparalelas.com.ar\/sitio\/wp-json\/wp\/v2\/comments?post=58631"}],"version-history":[{"count":1,"href":"https:\/\/vocesparalelas.com.ar\/sitio\/wp-json\/wp\/v2\/posts\/58631\/revisions"}],"predecessor-version":[{"id":58634,"href":"https:\/\/vocesparalelas.com.ar\/sitio\/wp-json\/wp\/v2\/posts\/58631\/revisions\/58634"}],"wp:featuredmedia":[{"embeddable":true,"href":"https:\/\/vocesparalelas.com.ar\/sitio\/wp-json\/wp\/v2\/media\/23028"}],"wp:attachment":[{"href":"https:\/\/vocesparalelas.com.ar\/sitio\/wp-json\/wp\/v2\/media?parent=58631"}],"wp:term":[{"taxonomy":"category","embeddable":true,"href":"https:\/\/vocesparalelas.com.ar\/sitio\/wp-json\/wp\/v2\/categories?post=58631"},{"taxonomy":"post_tag","embeddable":true,"href":"https:\/\/vocesparalelas.com.ar\/sitio\/wp-json\/wp\/v2\/tags?post=58631"}],"curies":[{"name":"wp","href":"https:\/\/api.w.org\/{rel}","templated":true}]}}