{"id":58624,"date":"2023-05-02T22:21:27","date_gmt":"2023-05-03T01:21:27","guid":{"rendered":"https:\/\/vocesparalelas.com.ar\/sitio\/?p=58624"},"modified":"2023-05-03T23:06:40","modified_gmt":"2023-05-04T02:06:40","slug":"una-sentada-por-los-alumnos-de-la-enss-de-san-juan","status":"publish","type":"post","link":"https:\/\/vocesparalelas.com.ar\/sitio\/una-sentada-por-los-alumnos-de-la-enss-de-san-juan\/","title":{"rendered":"Una sentada por los alumnos de la ENSS de San Juan"},"content":{"rendered":"<p>La Escuela Normal Superior Sarmiento &#8211; ENSS &#8211; es una instituci\u00f3n educativa de la ciudad de San Juan, emplazada entre Avda. Libertador General San Mart\u00edn, Avda. Leandro Alem, Laprida y Santiago del Estero, frente a la Plaza Laprida, punto de encuentro de los alumnos.<\/p>\n<p>Fue creada a fines del siglo XIX, el 19 de Octubre de 1879, por Domingo Faustino Sarmiento, en el marco de pol\u00edticas destinadas a fortalecer la educaci\u00f3n primaria y, para ello, la formaci\u00f3n de maestros. El establecimiento ofrece en la actualidad todos los niveles educativos, Inicial, primario, secundario y superior no universitario, destinado a la formaci\u00f3n docente.<\/p>\n<p>La Escuela Normal Superior Sarmiento es una instituci\u00f3n muy solicitada por el compromiso de la comunidad educativa. Esto significa que la relaci\u00f3n de pertenencia de los docentes que trabajan para formar ni\u00f1os, adolescentes y adultos formadores es porque fue parte en alg\u00fan momento de su vida parte de ella.<\/p>\n<p>Los alumnos que llegan a formar parte de la ENSS es porque sus generaciones anteriores familiares fueron parte de este tesoro hist\u00f3rico porque fue\u00a0declarado Monumento Hist\u00f3rico Nacional.<\/p>\n<p>La comunidad educativa es parte de esta historia de 144 a\u00f1os de vida al servicio de la educaci\u00f3n de San Juan. El edificio es muy antiguo y las falencias siempre est\u00e1n latentes.<\/p>\n<p>El Martes, 2 de Mayo de 2023, los alumnos de la ENSS hicieron una sentada en el patio central para reclamar agua en algunos sectores de la instituci\u00f3n educativa. Adem\u00e1s, al no haber agua los ba\u00f1os fueron los m\u00e1s perjudicados m\u00e1s que la poblaci\u00f3n sigue aumentando y los servicios que posee la ENNS tan antiguas no son suficientes.<\/p>\n<p><iframe loading=\"lazy\" title=\"ENSS SAN JUAN\" width=\"800\" height=\"450\" src=\"https:\/\/www.youtube.com\/embed\/vn-srju_DYg?feature=oembed\" frameborder=\"0\" allow=\"accelerometer; autoplay; clipboard-write; encrypted-media; gyroscope; picture-in-picture; web-share\" allowfullscreen><\/iframe><\/p>\n<p>Adem\u00e1s, se fueron uniendo m\u00e1s alumnos de la ENSS en forma pac\u00edfica frente a su reclamo cuando el agua es vital para el ser humano.<\/p>\n<p><iframe loading=\"lazy\" title=\"ENSS SAN JUAN\" width=\"800\" height=\"450\" src=\"https:\/\/www.youtube.com\/embed\/mcVySkgm8go?feature=oembed\" frameborder=\"0\" allow=\"accelerometer; autoplay; clipboard-write; encrypted-media; gyroscope; picture-in-picture; web-share\" allowfullscreen><\/iframe><\/p>\n<p>Es comprensible su reclamo que no s\u00f3lo perjudica a los alumnos sino a todos los que trabajan en la querida ENSS que est\u00e1 por cumplir 144 a\u00f1os, el 19 de Octubre donde se festeja su cumplea\u00f1os con las promociones que cumplen las Bodas de Oro y de Plata, aquellas adolescentes que se formaron en estas aulas gigantes llenas de historia donde el reencuentro se torna de felicidad.<\/p>\n<p><img loading=\"lazy\" decoding=\"async\" class=\"alignnone size-full wp-image-58628\" src=\"https:\/\/vocesparalelas.com.ar\/sitio\/wp-content\/uploads\/2023\/05\/ENSS-SENTADA-02.jpg\" alt=\"\" width=\"800\" height=\"600\" srcset=\"https:\/\/vocesparalelas.com.ar\/sitio\/wp-content\/uploads\/2023\/05\/ENSS-SENTADA-02.jpg 800w, https:\/\/vocesparalelas.com.ar\/sitio\/wp-content\/uploads\/2023\/05\/ENSS-SENTADA-02-300x225.jpg 300w, https:\/\/vocesparalelas.com.ar\/sitio\/wp-content\/uploads\/2023\/05\/ENSS-SENTADA-02-768x576.jpg 768w\" sizes=\"auto, (max-width: 800px) 100vw, 800px\" \/><\/p>\n<p><img loading=\"lazy\" decoding=\"async\" class=\"size-large wp-image-58629 aligncenter\" src=\"https:\/\/vocesparalelas.com.ar\/sitio\/wp-content\/uploads\/2023\/05\/ENSS-SENTADA-03-600x800.jpg\" alt=\"\" width=\"600\" height=\"800\" srcset=\"https:\/\/vocesparalelas.com.ar\/sitio\/wp-content\/uploads\/2023\/05\/ENSS-SENTADA-03-600x800.jpg 600w, https:\/\/vocesparalelas.com.ar\/sitio\/wp-content\/uploads\/2023\/05\/ENSS-SENTADA-03-225x300.jpg 225w, https:\/\/vocesparalelas.com.ar\/sitio\/wp-content\/uploads\/2023\/05\/ENSS-SENTADA-03.jpg 768w\" sizes=\"auto, (max-width: 600px) 100vw, 600px\" \/><\/p>\n<p>Las actividades educativas contin\u00faan y las autoridades deben solucionar el problema de la falta de agua en la hist\u00f3rica y querida Escuela Normal Superior Sarmiento.<\/p>\n<p>&nbsp;<\/p>\n","protected":false},"excerpt":{"rendered":"<p>La Escuela Normal Superior Sarmiento &#8211; ENSS &#8211; es una instituci\u00f3n educativa de la ciudad de San Juan, emplazada entre<\/p>\n","protected":false},"author":3,"featured_media":58627,"comment_status":"closed","ping_status":"closed","sticky":false,"template":"","format":"standard","meta":{"_acf_changed":false,"_seopress_robots_primary_cat":"none","_seopress_titles_title":"","_seopress_titles_desc":"","_seopress_robots_index":"","colormag_page_container_layout":"default_layout","colormag_page_sidebar_layout":"default_layout","footnotes":""},"categories":[10,7],"tags":[],"class_list":["post-58624","post","type-post","status-publish","format-standard","has-post-thumbnail","hentry","category-opiniones","category-videos"],"acf":[],"_links":{"self":[{"href":"https:\/\/vocesparalelas.com.ar\/sitio\/wp-json\/wp\/v2\/posts\/58624","targetHints":{"allow":["GET"]}}],"collection":[{"href":"https:\/\/vocesparalelas.com.ar\/sitio\/wp-json\/wp\/v2\/posts"}],"about":[{"href":"https:\/\/vocesparalelas.com.ar\/sitio\/wp-json\/wp\/v2\/types\/post"}],"author":[{"embeddable":true,"href":"https:\/\/vocesparalelas.com.ar\/sitio\/wp-json\/wp\/v2\/users\/3"}],"replies":[{"embeddable":true,"href":"https:\/\/vocesparalelas.com.ar\/sitio\/wp-json\/wp\/v2\/comments?post=58624"}],"version-history":[{"count":1,"href":"https:\/\/vocesparalelas.com.ar\/sitio\/wp-json\/wp\/v2\/posts\/58624\/revisions"}],"predecessor-version":[{"id":58630,"href":"https:\/\/vocesparalelas.com.ar\/sitio\/wp-json\/wp\/v2\/posts\/58624\/revisions\/58630"}],"wp:featuredmedia":[{"embeddable":true,"href":"https:\/\/vocesparalelas.com.ar\/sitio\/wp-json\/wp\/v2\/media\/58627"}],"wp:attachment":[{"href":"https:\/\/vocesparalelas.com.ar\/sitio\/wp-json\/wp\/v2\/media?parent=58624"}],"wp:term":[{"taxonomy":"category","embeddable":true,"href":"https:\/\/vocesparalelas.com.ar\/sitio\/wp-json\/wp\/v2\/categories?post=58624"},{"taxonomy":"post_tag","embeddable":true,"href":"https:\/\/vocesparalelas.com.ar\/sitio\/wp-json\/wp\/v2\/tags?post=58624"}],"curies":[{"name":"wp","href":"https:\/\/api.w.org\/{rel}","templated":true}]}}