{"id":58613,"date":"2023-05-02T22:53:12","date_gmt":"2023-05-03T01:53:12","guid":{"rendered":"https:\/\/vocesparalelas.com.ar\/sitio\/?p=58613"},"modified":"2023-05-04T00:44:39","modified_gmt":"2023-05-04T03:44:39","slug":"mejora-salarial-para-los-residentes-medicos-y-no-medicos-de-san-juan","status":"publish","type":"post","link":"https:\/\/vocesparalelas.com.ar\/sitio\/mejora-salarial-para-los-residentes-medicos-y-no-medicos-de-san-juan\/","title":{"rendered":"Mejora salarial para los residentes m\u00e9dicos y no m\u00e9dicos de San Juan"},"content":{"rendered":"<p>En conferencia de prensa, el secretario administrativo y financiero de Salud P\u00fablica, Lic. Guillermo Benelbaz; el secretario t\u00e9cnico, Dr. Juan Pablo Pacheco y la secretaria de Planificaci\u00f3n, Dra. Alina Almaz\u00e1n brindaron detalles de las dos reuniones realizadas durante el d\u00eda de hoy con los residentes m\u00e9dicos y no m\u00e9dicos.<\/p>\n<p>Salud sigue manteniendo el di\u00e1logo y, en ese sentido, el secretario t\u00e9cnico, Dr. Juan Pablo Pacheco, manifest\u00f3 que \u201cluego de varias reuniones (m\u00e1s de 6 encuentros) no se ha podido llegar a un acuerdo, pero desde Salud estamos en una instancia de di\u00e1logo, esperando que ellos puedan aceptar la \u00faltima propuesta que se les realiz\u00f3\u201d.<\/p>\n<p>El Lic. Guillermo Benelbaz, por su parte, expres\u00f3 que el Estado b\u00e1sicamente ofrece un incremento igual a los empleados del Estado, es decir con los mismos porcentajes de incremento, respetando la equidad del 51,1% a abril, el 10% a partir de julio y el 10% a partir de septiembre, m\u00e1s un pago complementario en abril y otro en agosto para responder al pedido realizado. Esta propuesta no fue aceptada, por lo que el Estado proceder\u00e1 a liquidar el mismo porcentaje que al resto de los estatales.<\/p>\n<p>El funcionario de Salud explic\u00f3 que \u201cm\u00e1s all\u00e1 de la cuesti\u00f3n de equidad al liquidar el mismo porcentaje que al resto de los empleados, cabe se\u00f1alar que hay dos valores de referencia que el Estado contempla, tomando como piso la cobertura del valor de la canasta\u00a0 b\u00e1sica y como techo el valor que cobra empleado que reci\u00e9n ingresa al Estado; es decir que un residente no podr\u00eda percibir un valor superior al de una persona que ya rindi\u00f3 su residencia y que ha ingresado como empleado del Estado. Esto como valor techo y como valor piso la oferta es de $193.000 que es la suma entre la beca que paga Naci\u00f3n, que esta atrasada, y el complemento que da Provincia, que est\u00e1 haciendo un esfuerzo extraordinario para poder llegar a esos $193.000 que cubren ese valor piso de la canasta b\u00e1sica\u201d.<\/p>\n<p><iframe loading=\"lazy\" title=\"MEJORA SALARIAL RESIDENTES M\u00c9DICOS SAN JUAN\" width=\"800\" height=\"450\" src=\"https:\/\/www.youtube.com\/embed\/JEy7WnWwu5k?feature=oembed\" frameborder=\"0\" allow=\"accelerometer; autoplay; clipboard-write; encrypted-media; gyroscope; picture-in-picture; web-share\" allowfullscreen><\/iframe><\/p>\n<p>Benelbaz a\u00f1adi\u00f3 que \u201clos valores de la beca nacional dependen de Naci\u00f3n, y son complementados por la Provincia. Estos valores a nivel nacional est\u00e1n atrasados. Se expres\u00f3 que a nivel nacional se podr\u00eda dar un 5%, ofrecimiento que tampoco conform\u00f3 a los residentes, por lo que se seguir\u00e1 gestionando una mejora de dicha beca por parte del Estado nacional\u201d.<\/p>\n<p>El secretario administrativo y financiero detall\u00f3 que \u201clos sueldos estatales de San Juan est\u00e1n dentro de los tres o cinco primeros con respecto al resto de las provincias. La Provincia asegura el ingreso al sistema de salud de todos aquellos residentes que salen formados. Los sueldos de los residentes son asimilables y respetan esta pir\u00e1mide, cubrieron adem\u00e1s ese piso m\u00ednimo que ellos estaban solicitando, que es la canasta b\u00e1sica\u201d.<\/p>\n<p>Por otro lado, la Dra. Alina Almaz\u00e1n aclar\u00f3 que los residentes est\u00e1n en un periodo formativo, es decir que despu\u00e9s de recibirse de m\u00e9dicos, ingresan en este proceso formativo, que es una de las formas que se acredita como especialista. El funcionamiento de los hospitales depende fundamentalmente de los servicios con sus jefes de servicio y que los m\u00e9dicos especializados y que sirven a su vez de docentes naturales en la formaci\u00f3n de los residentes. Los residentes tienen 4 sedes formadoras Hospital Rawson, Marcial Quiroga, Instituto Odontol\u00f3gico y el Centro de Adestramiento Ren\u00e9 Favaloro.<\/p>\n<p><img loading=\"lazy\" decoding=\"async\" class=\"alignnone size-full wp-image-58616\" src=\"https:\/\/vocesparalelas.com.ar\/sitio\/wp-content\/uploads\/2023\/05\/SALUD-RESIDENTES.jpg\" alt=\"\" width=\"800\" height=\"451\" srcset=\"https:\/\/vocesparalelas.com.ar\/sitio\/wp-content\/uploads\/2023\/05\/SALUD-RESIDENTES.jpg 800w, https:\/\/vocesparalelas.com.ar\/sitio\/wp-content\/uploads\/2023\/05\/SALUD-RESIDENTES-300x169.jpg 300w, https:\/\/vocesparalelas.com.ar\/sitio\/wp-content\/uploads\/2023\/05\/SALUD-RESIDENTES-768x433.jpg 768w\" sizes=\"auto, (max-width: 800px) 100vw, 800px\" \/><\/p>\n<p>&nbsp;<\/p>\n<blockquote class=\"wp-embedded-content\" data-secret=\"e07cjMXMyc\"><p><a href=\"https:\/\/vocesparalelas.com.ar\/sitio\/reunion-entre-el-ministerio-de-salud-publica-y-los-residentes-medicos-de-san-juan\/\">Reuni\u00f3n entre el Ministerio de Salud P\u00fablica y los Residentes M\u00e9dicos de San Juan<\/a><\/p><\/blockquote>\n<p><iframe loading=\"lazy\" class=\"wp-embedded-content\" sandbox=\"allow-scripts\" security=\"restricted\" style=\"position: absolute; clip: rect(1px, 1px, 1px, 1px);\" title=\"\u00abReuni\u00f3n entre el Ministerio de Salud P\u00fablica y los Residentes M\u00e9dicos de San Juan\u00bb \u2014 Voces Paralelas\" src=\"https:\/\/vocesparalelas.com.ar\/sitio\/reunion-entre-el-ministerio-de-salud-publica-y-los-residentes-medicos-de-san-juan\/embed\/#?secret=W96PYo7xjB#?secret=e07cjMXMyc\" data-secret=\"e07cjMXMyc\" width=\"600\" height=\"338\" frameborder=\"0\" marginwidth=\"0\" marginheight=\"0\" scrolling=\"no\"><\/iframe><\/p>\n","protected":false},"excerpt":{"rendered":"<p>En conferencia de prensa, el secretario administrativo y financiero de Salud P\u00fablica, Lic. Guillermo Benelbaz; el secretario t\u00e9cnico, Dr. Juan<\/p>\n","protected":false},"author":3,"featured_media":58617,"comment_status":"closed","ping_status":"closed","sticky":false,"template":"","format":"standard","meta":{"_acf_changed":false,"_seopress_robots_primary_cat":"none","_seopress_titles_title":"","_seopress_titles_desc":"","_seopress_robots_index":"","colormag_page_container_layout":"default_layout","colormag_page_sidebar_layout":"default_layout","footnotes":""},"categories":[6,7],"tags":[],"class_list":["post-58613","post","type-post","status-publish","format-standard","has-post-thumbnail","hentry","category-eventos","category-videos"],"acf":[],"_links":{"self":[{"href":"https:\/\/vocesparalelas.com.ar\/sitio\/wp-json\/wp\/v2\/posts\/58613","targetHints":{"allow":["GET"]}}],"collection":[{"href":"https:\/\/vocesparalelas.com.ar\/sitio\/wp-json\/wp\/v2\/posts"}],"about":[{"href":"https:\/\/vocesparalelas.com.ar\/sitio\/wp-json\/wp\/v2\/types\/post"}],"author":[{"embeddable":true,"href":"https:\/\/vocesparalelas.com.ar\/sitio\/wp-json\/wp\/v2\/users\/3"}],"replies":[{"embeddable":true,"href":"https:\/\/vocesparalelas.com.ar\/sitio\/wp-json\/wp\/v2\/comments?post=58613"}],"version-history":[{"count":4,"href":"https:\/\/vocesparalelas.com.ar\/sitio\/wp-json\/wp\/v2\/posts\/58613\/revisions"}],"predecessor-version":[{"id":58637,"href":"https:\/\/vocesparalelas.com.ar\/sitio\/wp-json\/wp\/v2\/posts\/58613\/revisions\/58637"}],"wp:featuredmedia":[{"embeddable":true,"href":"https:\/\/vocesparalelas.com.ar\/sitio\/wp-json\/wp\/v2\/media\/58617"}],"wp:attachment":[{"href":"https:\/\/vocesparalelas.com.ar\/sitio\/wp-json\/wp\/v2\/media?parent=58613"}],"wp:term":[{"taxonomy":"category","embeddable":true,"href":"https:\/\/vocesparalelas.com.ar\/sitio\/wp-json\/wp\/v2\/categories?post=58613"},{"taxonomy":"post_tag","embeddable":true,"href":"https:\/\/vocesparalelas.com.ar\/sitio\/wp-json\/wp\/v2\/tags?post=58613"}],"curies":[{"name":"wp","href":"https:\/\/api.w.org\/{rel}","templated":true}]}}