{"id":58436,"date":"2023-04-25T22:39:10","date_gmt":"2023-04-26T01:39:10","guid":{"rendered":"https:\/\/vocesparalelas.com.ar\/sitio\/?p=58436"},"modified":"2023-04-26T00:45:16","modified_gmt":"2023-04-26T03:45:16","slug":"definieron-el-temario-de-la-segunda-sesion-en-la-labor-parlamentaria-de-san-juan","status":"publish","type":"post","link":"https:\/\/vocesparalelas.com.ar\/sitio\/definieron-el-temario-de-la-segunda-sesion-en-la-labor-parlamentaria-de-san-juan\/","title":{"rendered":"Definieron el temario de la Segunda Sesi\u00f3n en la Labor Parlamentaria de San Juan"},"content":{"rendered":"<div class=\"itemFullText jbintrotext\">\n<p>La comisi\u00f3n de Labor Parlamentaria llev\u00f3 a cabo la reuni\u00f3n habitual el Martes, 25 de Abril, en cuyo transcurso defini\u00f3 los temas que ser\u00e1n abordados en el transcurso de la Segunda Sesi\u00f3n del per\u00edodo ordinario.<\/p>\n<\/div>\n<div class=\"itemFullText\">\n<p>En tal sentido, la reuni\u00f3n fue encabezada por el vicepresidente segundo, diputado Carlos Platero, (por cuanto el vicegobernador CPN Roberto Gattoni estaba cumpliendo funciones en ejercicio del Poder Ejecutivo), quien acompa\u00f1ado por el secretario Legislativo, Dr. Nicol\u00e1s Alvo, dio cuenta del tratamiento de los expedientes sean estos proyectos de ley o de resoluci\u00f3n.<\/p>\n<p>En la ocasi\u00f3n, estuvieron presentes el vicepresidente alterno, Andr\u00e9s Chanampa; el titular del bloque Justicialista, Juan Carlos Abarca; por el bloque Producci\u00f3n y Trabajo, Sergio Miodowsky; Lealtad Justicialista, Juan Carlos Gioja; Bloquista, Edgardo Sancassani; Del Este, Marcelo Mallea; PRO, Enzo Cornejo; ACTUAR, Gustavo Us\u00edn;<\/p>\n<p><span style=\"color: #800080;\"><strong>El temario<\/strong><\/span><\/p>\n<p>Sobre el particular, ser\u00e1n debatidos el Mensaje N\u00b0 092 y proyecto de Ley remitido por el Poder Ejecutivo por el que aprueba el convenio de cooperaci\u00f3n t\u00e9cnica suscripto entre la Secretar\u00eda de Estado y Seguridad de Orden P\u00fablico y el Instituto Nacional de Tecnolog\u00eda Agropecuaria (INTA).<\/p>\n<p>Por otra parte, tambi\u00e9n ser\u00e1 considerado el Mensaje N\u00b0 095 y proyecto de Ley enviado por el Poder Ejecutivo por el que aprueba el convenio de financiamiento de capital de trabajo, descuento de cheques de pago diferido y anexos I y II suscripto entre el gobierno de la provincia de San Juan y el Banco de San Juan Sociedad An\u00f3nima.<\/p>\n<p>Asimismo, el Mensaje N\u00b0 097 y proyecto de Ley remitido por el Poder Ejecutivo por el que Aprueba el convenio N\u00ba 67\/2021 suscripto por el Ministerio de Agricultura, Ganader\u00eda y Pesca de la Naci\u00f3n y la provincia de San Juan en el marco de la ley 26509 y sus anexos I, II, III y IV.<\/p>\n<p>M\u00e1s adelante ser\u00e1 considerado el Mensaje N\u00b0 098 y proyecto de Ley remitido por el Poder Ejecutivo por el que aprueba el convenio marco de cooperaci\u00f3n subscripto entre la Secretar\u00eda de Estado, de Ciencia, Tecnolog\u00eda e Innovaci\u00f3n del gobierno de San Juan (SECITI) y la Universidad Nacional de R\u00edo Negro (UNRN).<\/p>\n<p>Tambi\u00e9n el Mensaje N\u00b0 103 y proyecto de Ley remitido por el Poder Ejecutivo por el que aprueba el convenio de colaboraci\u00f3n subscripto entre el Ministerio de Seguridad de la Naci\u00f3n y la provincia de San Juan.<\/p>\n<p>Adem\u00e1s ser\u00e1 tratado el Mensaje N\u00b0 104 por el que aprueba el convenio suscripto entre el Ministerio de Producci\u00f3n y Desarrollo Econ\u00f3mico de la provincia de San Juan, y la Asociaci\u00f3n Argentina de Codificaci\u00f3n de Productos Comerciales \u2013 C\u00f3digo (GS1).<\/p>\n<p>Tambi\u00e9n el Mensaje N\u00b0 012 por el que aprueba el convenio marco de asistencia y cooperaci\u00f3n y actas complementarias N\u00ba I y II suscripto entre el Ministerio de Gobierno de la provincia de San Juan y la Direcci\u00f3n Nacional del Registro Nacional de las Personas.<\/p>\n<p>Al mismo tiempo, el Poder Judicial remitir\u00e1 el proyecto de Ley por el que modifica la<\/p>\n<p>Ley N\u00ba 1990-P, Ley de Mediaci\u00f3n.<\/p>\n<p>En otro orden, la Comisi\u00f3n Permanente remitir\u00e1 el proyecto que propone la consolidaci\u00f3n de las leyes sancionadas y publicadas durante el a\u00f1o 2022.<\/p>\n<p><strong><span style=\"color: #800080;\">Proyectos de Resoluci\u00f3n<\/span><\/strong><\/p>\n<p>Los legisladores resolvieron declarar de Inter\u00e9s los siguientes proyectos:<\/p>\n<ul>\n<li>cultural, social y educativo el Programa Televisivo \u00abCultura Inquieta\u00bb, en el cual se recrea un espacio destinado a promover la cultura, el arte, la participaci\u00f3n pol\u00edtica, finanzas, emprendedurismo en la sociedad sanjuanina. (diputado Gast\u00f3n Berenguer).<\/li>\n<li>Sanitario la jornada \u201cSalud Cerebral aplicada a Latinoam\u00e9rica: Universo de cerebros\u201d. (bloque Justicialista);<\/li>\n<li>Cultural el 12\u00b0 Desfile Gaucho de la Agrupaci\u00f3n Cacique Angaco, a realizarse en el departamento Angaco. (diputado Marcelo Mallea).<\/li>\n<\/ul>\n<p><span style=\"color: #800080;\"><strong>Proyectos que ser\u00e1n girados a Comisi\u00f3n<\/strong><\/span><\/p>\n<p>En este sentido, los diputados considerar\u00e1n remitir a estudio y an\u00e1lisis de las respectivas comisiones, los siguientes proyectos de ley, que proponen:<\/p>\n<ul>\n<li>Disponer el relevamiento de terrenos y fincas que cuenten con derecho a dotaci\u00f3n de agua de regad\u00edo y diagrama de sistema de reparto eficiente. (bloque Producci\u00f3n y Trabajo);<\/li>\n<li>Establecer la prohibici\u00f3n de arrojar colilllas y filtros de cigarrillos. (diputada Florencia Pe\u00f1aloza);<\/li>\n<li>Crear el programa Primeros Contactos tendiente a fomentar el uso de acondicionadores neonatales. (diputada Florencia Pe\u00f1aloza);<\/li>\n<li>Establecer la colocaci\u00f3n de leyenda vencimiento inminente en los productos para consumo con vencimiento inferior a quince d\u00edas. (diputada Florencia Pe\u00f1aloza);<\/li>\n<li>Crear el programa de Huertas Escolares. (diputada Florencia Pe\u00f1aloza);<\/li>\n<li>Crear el programa techos y terrazas. (diputada Florencia Pe\u00f1aloza);<\/li>\n<li>Imponer el nombre de Antonio Agulles a la escuela de Nivel Inicial N\u00b0 72 de la localidad de Los M\u00e9danos. (bloque Justicialista);<\/li>\n<li>Adherir a la Ley Nacional llamada \u201cLucio Dupuy\u201d (bloque Justicialista);<\/li>\n<li>Imponer el nombre \u201cH\u00e9roes de Malvinas a la escuela de Nivel Inicial N\u00b0 56, del departamento Caucete. (bloque Justicialista);<\/li>\n<li>Crear el Colegio de Profesionales de Educaci\u00f3n F\u00edsica. (bloque Justicialista);<\/li>\n<li>Adherir a la Ley Nacional sobre Diagn\u00f3stico Humanizado. (bloque Producci\u00f3n y Trabajo);<\/li>\n<li>Adherir a la Ley Nacional N\u00b0 27.713, sobre el programa nacional de Cardiopat\u00edas Cong\u00e9nitas. (bloque Producci\u00f3n y Trabajo).<\/li>\n<\/ul>\n<p>Por \u00faltimo, los legisladores enviar\u00e1n para estudio de las comisiones los siguientes proyectos de Resoluci\u00f3n, que proponen declarar de Inter\u00e9s<strong>:<\/strong><\/p>\n<ul>\n<li>\u00a0la Marat\u00f3n Escolar de fechas patrias. (bloque Justicialista);<\/li>\n<li>el Circuito tur\u00edstico \u201cH\u00e9roes de Malvinas\u201d. (bloque Justicialista);<\/li>\n<li>las actividades a llevarse a cabo por el Cuarto Congreso Internacional de Educaci\u00f3n, San Juan 2023. (bloque Justicialista).<\/li>\n<\/ul>\n<p>Finalmente, ser\u00e1 enviado a las comisiones un proyecto de Comunicaci\u00f3n que propone solicitar al Ejecutivo que implemente un programa de colaboraci\u00f3n t\u00e9cnico-econ\u00f3mico que permita a los municipios contar con maquinarias que permitan la poda y erradicaci\u00f3n de \u00e1rboles de grandes dimensiones. (bloque Producci\u00f3n y Trabajo).<\/p>\n<\/div>\n","protected":false},"excerpt":{"rendered":"<p>La comisi\u00f3n de Labor Parlamentaria llev\u00f3 a cabo la reuni\u00f3n habitual el Martes, 25 de Abril, en cuyo transcurso defini\u00f3<\/p>\n","protected":false},"author":3,"featured_media":58439,"comment_status":"closed","ping_status":"closed","sticky":false,"template":"","format":"standard","meta":{"_acf_changed":false,"_seopress_robots_primary_cat":"none","_seopress_titles_title":"","_seopress_titles_desc":"","_seopress_robots_index":"","colormag_page_container_layout":"default_layout","colormag_page_sidebar_layout":"default_layout","footnotes":""},"categories":[1],"tags":[],"class_list":["post-58436","post","type-post","status-publish","format-standard","has-post-thumbnail","hentry","category-destacadas"],"acf":[],"_links":{"self":[{"href":"https:\/\/vocesparalelas.com.ar\/sitio\/wp-json\/wp\/v2\/posts\/58436","targetHints":{"allow":["GET"]}}],"collection":[{"href":"https:\/\/vocesparalelas.com.ar\/sitio\/wp-json\/wp\/v2\/posts"}],"about":[{"href":"https:\/\/vocesparalelas.com.ar\/sitio\/wp-json\/wp\/v2\/types\/post"}],"author":[{"embeddable":true,"href":"https:\/\/vocesparalelas.com.ar\/sitio\/wp-json\/wp\/v2\/users\/3"}],"replies":[{"embeddable":true,"href":"https:\/\/vocesparalelas.com.ar\/sitio\/wp-json\/wp\/v2\/comments?post=58436"}],"version-history":[{"count":1,"href":"https:\/\/vocesparalelas.com.ar\/sitio\/wp-json\/wp\/v2\/posts\/58436\/revisions"}],"predecessor-version":[{"id":58440,"href":"https:\/\/vocesparalelas.com.ar\/sitio\/wp-json\/wp\/v2\/posts\/58436\/revisions\/58440"}],"wp:featuredmedia":[{"embeddable":true,"href":"https:\/\/vocesparalelas.com.ar\/sitio\/wp-json\/wp\/v2\/media\/58439"}],"wp:attachment":[{"href":"https:\/\/vocesparalelas.com.ar\/sitio\/wp-json\/wp\/v2\/media?parent=58436"}],"wp:term":[{"taxonomy":"category","embeddable":true,"href":"https:\/\/vocesparalelas.com.ar\/sitio\/wp-json\/wp\/v2\/categories?post=58436"},{"taxonomy":"post_tag","embeddable":true,"href":"https:\/\/vocesparalelas.com.ar\/sitio\/wp-json\/wp\/v2\/tags?post=58436"}],"curies":[{"name":"wp","href":"https:\/\/api.w.org\/{rel}","templated":true}]}}