{"id":58431,"date":"2023-04-25T22:32:00","date_gmt":"2023-04-26T01:32:00","guid":{"rendered":"https:\/\/vocesparalelas.com.ar\/sitio\/?p=58431"},"modified":"2023-04-28T01:05:13","modified_gmt":"2023-04-28T04:05:13","slug":"sumate-a-la-campana-de-invierno-2023-de-san-juan","status":"publish","type":"post","link":"https:\/\/vocesparalelas.com.ar\/sitio\/sumate-a-la-campana-de-invierno-2023-de-san-juan\/","title":{"rendered":"Sumate a la Campa\u00f1a de Invierno 2023 de San Juan"},"content":{"rendered":"<p>La Campa\u00f1a de Invierno 2023 tiene varias particularidades que la hacen especial y distinta a las organizadas en etapas anteriores. Es que en este periodo se inform\u00f3 de un gran despliegue multidireccional organizado por la Divisi\u00f3n Pediatr\u00eda, Direcci\u00f3n de Materno Infancia del ministerio de Salud P\u00fablica.<\/p>\n<p>En la conferencia de prensa de lanzamiento de la \u201cCampa\u00f1a de Invierno 2023\u201d participaron la ministra de Salud P\u00fablica del Gobierno de San Juan, Dra. Alejandra Venerando, la directora de Materno Infancia, Dra. Sandra Merino y la jefa de la divisi\u00f3n Pediatr\u00eda, Dra. Andrea Weidman, respectivamente.<\/p>\n<p>\u201cSe lanza la campa\u00f1a de invierno ante la alta consulta de patolog\u00edas respiratorias en menores. Se capacitar\u00e1 al equipo de salud interdisciplinariamente y se entregar\u00e1 equipos de alto flujo para mejorar el tratamiento y comodidad de los pacientes en hospitales de segundo nivel\u201d explic\u00f3 la doctora Weidman. \u201cTambi\u00e9n se realizar\u00e1 b\u00fasqueda activa de ni\u00f1os de riesgo y se colaborar\u00e1 con los kinesi\u00f3logos del servicio de pediatr\u00eda del Hospital Rawson para capacitar a otros hospitales\u201d, dijo la funcionaria, al hacer el anuncio oficial de la campa\u00f1a.<\/p>\n<p>La jefa de Pediatr\u00eda de la cartera sanitaria ampli\u00f3 adem\u00e1s que \u201cla patolog\u00eda respiratoria, sobre todo en los menores de dos a\u00f1os, que es viral en su gran mayor\u00eda, constituye como el 70% de las consultas cuando empiezan las temperaturas fr\u00edas. Y adem\u00e1s aumenta la ocupaci\u00f3n de camas, saturando a veces el sistema. Por eso nosotros comenzamos hoy a trabajar en varias l\u00edneas\u201d, dijo.<\/p>\n<p>Por su parte, la Dra. Sandra Merino, directora de Materno Infancia, destac\u00f3 que \u201cse baj\u00f3 la mortalidad infantil a su nivel m\u00e1s bajo en 20 a\u00f1os gracias a la mejora de las intervenciones. Se trabaja para seguir mejorando la situaci\u00f3n con la ayuda de la ministra y la comunicaci\u00f3n a la comunidad sobre prevenci\u00f3n. La vacunaci\u00f3n, el sue\u00f1o seguro y hogares sin humo son clave para disminuir la mortalidad infantil en invierno\u201d.<\/p>\n<p>Finalmente la titular de la cartera sanitaria provincial, Dra. Venerando destac\u00f3 \u201cla importancia de la prevenci\u00f3n y capacitaci\u00f3n de los equipos m\u00e9dicos para el manejo de enfermedades comunes en invierno en ni\u00f1os. Se enfatiza la descentralizaci\u00f3n y accesibilidad de los dispositivos para el beneficio de los ni\u00f1os y sus familias. Se promueve la vacunaci\u00f3n completa y la colaboraci\u00f3n de la comunidad. Se implementar\u00e1 un programa de capacitaci\u00f3n virtual e interdisciplinario en tres etapas\u00bb, cerr\u00f3 la ministra.<\/p>\n<p>Este a\u00f1o, y por disposici\u00f3n del ministerio de Salud de la provincia, dos equipos de Alto Flujo que vienen del Ministerio de Salud de la Naci\u00f3n, se entregaron al servicio de pediatr\u00eda del Hospital Rawson. Tambi\u00e9n se ha dispuesto comenzar con un trabajo de capacitaciones por parte de los kinesi\u00f3logos del hospital Rawson para con sus colegas del interior, en los hospitales de segundo nivel.<\/p>\n<p>Las capacitaciones comenzar\u00e1n la semana con el servicio de pediatr\u00eda del hospital de Albard\u00f3n y como algo novedoso, el aparato de Alto Flujo va a ser utilizado en este departamento.<\/p>\n","protected":false},"excerpt":{"rendered":"<p>La Campa\u00f1a de Invierno 2023 tiene varias particularidades que la hacen especial y distinta a las organizadas en etapas anteriores.<\/p>\n","protected":false},"author":3,"featured_media":58434,"comment_status":"closed","ping_status":"closed","sticky":false,"template":"","format":"standard","meta":{"_acf_changed":false,"_seopress_robots_primary_cat":"none","_seopress_titles_title":"","_seopress_titles_desc":"","_seopress_robots_index":"","colormag_page_container_layout":"default_layout","colormag_page_sidebar_layout":"default_layout","footnotes":""},"categories":[6],"tags":[],"class_list":["post-58431","post","type-post","status-publish","format-standard","has-post-thumbnail","hentry","category-eventos"],"acf":[],"_links":{"self":[{"href":"https:\/\/vocesparalelas.com.ar\/sitio\/wp-json\/wp\/v2\/posts\/58431","targetHints":{"allow":["GET"]}}],"collection":[{"href":"https:\/\/vocesparalelas.com.ar\/sitio\/wp-json\/wp\/v2\/posts"}],"about":[{"href":"https:\/\/vocesparalelas.com.ar\/sitio\/wp-json\/wp\/v2\/types\/post"}],"author":[{"embeddable":true,"href":"https:\/\/vocesparalelas.com.ar\/sitio\/wp-json\/wp\/v2\/users\/3"}],"replies":[{"embeddable":true,"href":"https:\/\/vocesparalelas.com.ar\/sitio\/wp-json\/wp\/v2\/comments?post=58431"}],"version-history":[{"count":1,"href":"https:\/\/vocesparalelas.com.ar\/sitio\/wp-json\/wp\/v2\/posts\/58431\/revisions"}],"predecessor-version":[{"id":58435,"href":"https:\/\/vocesparalelas.com.ar\/sitio\/wp-json\/wp\/v2\/posts\/58431\/revisions\/58435"}],"wp:featuredmedia":[{"embeddable":true,"href":"https:\/\/vocesparalelas.com.ar\/sitio\/wp-json\/wp\/v2\/media\/58434"}],"wp:attachment":[{"href":"https:\/\/vocesparalelas.com.ar\/sitio\/wp-json\/wp\/v2\/media?parent=58431"}],"wp:term":[{"taxonomy":"category","embeddable":true,"href":"https:\/\/vocesparalelas.com.ar\/sitio\/wp-json\/wp\/v2\/categories?post=58431"},{"taxonomy":"post_tag","embeddable":true,"href":"https:\/\/vocesparalelas.com.ar\/sitio\/wp-json\/wp\/v2\/tags?post=58431"}],"curies":[{"name":"wp","href":"https:\/\/api.w.org\/{rel}","templated":true}]}}