{"id":58382,"date":"2023-04-24T20:56:08","date_gmt":"2023-04-24T23:56:08","guid":{"rendered":"https:\/\/vocesparalelas.com.ar\/sitio\/?p=58382"},"modified":"2023-04-24T22:56:22","modified_gmt":"2023-04-25T01:56:22","slug":"se-desarrolla-la-viii-campana-preventiva-de-patologias-de-la-voz-en-san-juan","status":"publish","type":"post","link":"https:\/\/vocesparalelas.com.ar\/sitio\/se-desarrolla-la-viii-campana-preventiva-de-patologias-de-la-voz-en-san-juan\/","title":{"rendered":"Se desarrolla la VIII Campa\u00f1a Preventiva de Patolog\u00edas de la Voz en San Juan"},"content":{"rendered":"<p>Desde el a\u00f1o 2016 se realiza la Campa\u00f1a del D\u00eda Mundial de la Voz en la provincia de San Juan, con actividades Cient\u00edficas y Asistenciales, dirigidas a toda la poblaci\u00f3n. Esto brind\u00f3 la oportunidad, que muchas personas que ten\u00edan dudas sobre su salud vocal, se acercaran para un diagn\u00f3stico y un tratamiento oportuno.<\/p>\n<p>Lo que permiti\u00f3 detectar diversas patolog\u00edas, como C\u00e1ncer de laringe, par\u00e1lisis cordal, n\u00f3dulos, disfon\u00edas funcionales; como as\u00ed tambi\u00e9n dar la tranquilidad a muchos pacientes de que su voz est\u00e1 dentro de los par\u00e1metros normales.<\/p>\n<p>Hace 20 a\u00f1os, cada 16 de abril en Argentina se celebra el D\u00eda de la Voz, adheridos a una campa\u00f1a que comenz\u00f3 3 a\u00f1os antes (1999), en Brasil por iniciativa del Dr. Nedio Steffen, despu\u00e9s de haber comprobado personas que padec\u00edan disfon\u00edas pensaban que era normal o bien, lo atribu\u00edan a una caracter\u00edstica natural de su voz.<\/p>\n<p>Inmediatamente, la Sociedad Argentina de la Voz se sum\u00f3 a la propuesta, con el objetivo de orientar a la poblaci\u00f3n en el cuidado de su voz, para que tomara conciencia de la necesidad de realizar consultas frente a cualquier cambio que se le presente en la misma. El mensaje se focaliza en la importancia de alcanzar un entrenamiento adecuado para conservar la salud vocal, especialmente aquellos que trabajan con su voz.<\/p>\n<p>Los organizadores invitan a sumarse a la campa\u00f1a por el D\u00eda Mundial de la Voz \u201cToda tu vida con Voz\u201d que se celebra desde el 16 al 26 de Abril 2023 en San Juan. VIII Campa\u00f1a Preventiva de Patolog\u00edas de la Voz en San Juan<\/p>\n<p>Voces Paralelas desarroll\u00f3 una entrevista period\u00edstica a la Lic. Sonia Belmonte, Fonoaudi\u00f3loga del Hospital Dr. Marcial Quiroga, quien explic\u00f3 la importancia de la Semana de la Voz para prevenir con la participaci\u00f3n de la jornada cient\u00edfica con la participaci\u00f3n de 800 inscriptos. Adem\u00e1s, la tomar conciencia del cuidado de la Voz que deben tener siempre presente los Fonoaudi\u00f3logos, los m\u00e9dicos, los docentes, los cantantes, los locutores, los actores y el p\u00fablico en general.<\/p>\n<p><iframe loading=\"lazy\" title=\"HMQ LIC SONIA BELMONTE\" width=\"800\" height=\"450\" src=\"https:\/\/www.youtube.com\/embed\/VZO_oQaTKsc?feature=oembed\" frameborder=\"0\" allow=\"accelerometer; autoplay; clipboard-write; encrypted-media; gyroscope; picture-in-picture; web-share\" allowfullscreen><\/iframe><\/p>\n<p>Voces Paralelas tom\u00f3 un fragmento de la exposici\u00f3n de una profesional sobre factores de riesgos<\/p>\n<p><iframe loading=\"lazy\" title=\"JORNADA DE LA VOZ SAN JUAN\" width=\"800\" height=\"450\" src=\"https:\/\/www.youtube.com\/embed\/WCvafQ9e1VI?feature=oembed\" frameborder=\"0\" allow=\"accelerometer; autoplay; clipboard-write; encrypted-media; gyroscope; picture-in-picture; web-share\" allowfullscreen><\/iframe><\/p>\n<p>&nbsp;<\/p>\n<p><img loading=\"lazy\" decoding=\"async\" class=\"alignnone size-full wp-image-58388\" src=\"https:\/\/vocesparalelas.com.ar\/sitio\/wp-content\/uploads\/2023\/04\/VOZ-SAN-JUAN-02.jpg\" alt=\"\" width=\"800\" height=\"533\" srcset=\"https:\/\/vocesparalelas.com.ar\/sitio\/wp-content\/uploads\/2023\/04\/VOZ-SAN-JUAN-02.jpg 800w, https:\/\/vocesparalelas.com.ar\/sitio\/wp-content\/uploads\/2023\/04\/VOZ-SAN-JUAN-02-300x200.jpg 300w, https:\/\/vocesparalelas.com.ar\/sitio\/wp-content\/uploads\/2023\/04\/VOZ-SAN-JUAN-02-768x512.jpg 768w\" sizes=\"auto, (max-width: 800px) 100vw, 800px\" \/><\/p>\n","protected":false},"excerpt":{"rendered":"<p>Desde el a\u00f1o 2016 se realiza la Campa\u00f1a del D\u00eda Mundial de la Voz en la provincia de San Juan,<\/p>\n","protected":false},"author":3,"featured_media":58387,"comment_status":"closed","ping_status":"closed","sticky":false,"template":"","format":"standard","meta":{"_acf_changed":false,"_seopress_robots_primary_cat":"none","_seopress_titles_title":"","_seopress_titles_desc":"","_seopress_robots_index":"","colormag_page_container_layout":"default_layout","colormag_page_sidebar_layout":"default_layout","footnotes":""},"categories":[1,7],"tags":[],"class_list":["post-58382","post","type-post","status-publish","format-standard","has-post-thumbnail","hentry","category-destacadas","category-videos"],"acf":[],"_links":{"self":[{"href":"https:\/\/vocesparalelas.com.ar\/sitio\/wp-json\/wp\/v2\/posts\/58382","targetHints":{"allow":["GET"]}}],"collection":[{"href":"https:\/\/vocesparalelas.com.ar\/sitio\/wp-json\/wp\/v2\/posts"}],"about":[{"href":"https:\/\/vocesparalelas.com.ar\/sitio\/wp-json\/wp\/v2\/types\/post"}],"author":[{"embeddable":true,"href":"https:\/\/vocesparalelas.com.ar\/sitio\/wp-json\/wp\/v2\/users\/3"}],"replies":[{"embeddable":true,"href":"https:\/\/vocesparalelas.com.ar\/sitio\/wp-json\/wp\/v2\/comments?post=58382"}],"version-history":[{"count":1,"href":"https:\/\/vocesparalelas.com.ar\/sitio\/wp-json\/wp\/v2\/posts\/58382\/revisions"}],"predecessor-version":[{"id":58389,"href":"https:\/\/vocesparalelas.com.ar\/sitio\/wp-json\/wp\/v2\/posts\/58382\/revisions\/58389"}],"wp:featuredmedia":[{"embeddable":true,"href":"https:\/\/vocesparalelas.com.ar\/sitio\/wp-json\/wp\/v2\/media\/58387"}],"wp:attachment":[{"href":"https:\/\/vocesparalelas.com.ar\/sitio\/wp-json\/wp\/v2\/media?parent=58382"}],"wp:term":[{"taxonomy":"category","embeddable":true,"href":"https:\/\/vocesparalelas.com.ar\/sitio\/wp-json\/wp\/v2\/categories?post=58382"},{"taxonomy":"post_tag","embeddable":true,"href":"https:\/\/vocesparalelas.com.ar\/sitio\/wp-json\/wp\/v2\/tags?post=58382"}],"curies":[{"name":"wp","href":"https:\/\/api.w.org\/{rel}","templated":true}]}}