{"id":58314,"date":"2023-04-20T21:20:58","date_gmt":"2023-04-21T00:20:58","guid":{"rendered":"https:\/\/vocesparalelas.com.ar\/sitio\/?p=58314"},"modified":"2023-04-23T00:12:08","modified_gmt":"2023-04-23T03:12:08","slug":"convocatorias-para-sumarte-a-la-institucion-naval-argentina","status":"publish","type":"post","link":"https:\/\/vocesparalelas.com.ar\/sitio\/convocatorias-para-sumarte-a-la-institucion-naval-argentina\/","title":{"rendered":"Convocatorias para sumarte a la Instituci\u00f3n Naval Argentina"},"content":{"rendered":"<p>La Armada Argentina convoca a Profesionales \u2013 CUINA 2023 &#8211; a sumarse a la Instituci\u00f3n Naval Argentina.<\/p>\n<p><span style=\"color: #0000ff;\"><strong>T\u00edtulos Convocados<\/strong><\/span><\/p>\n<ul>\n<li>Ingeniero Aeron\u00e1utico<\/li>\n<li>Ingeniero Electromec\u00e1nico<\/li>\n<li>Ingeniero Mec\u00e1nico<\/li>\n<li>Ingeniero en Mecatr\u00f3nica<\/li>\n<li>Ingeniero Electricista<\/li>\n<li>Ingeniero en Inform\u00e1tica<\/li>\n<li>Ingeniero en Computaci\u00f3n<\/li>\n<li>Ingeniero En Sistemas<\/li>\n<li>Ingeniero Naval y Mec\u00e1nico<\/li>\n<li>Ingeniero Electr\u00f3nico<\/li>\n<li>Licenciado en An\u00e1lisis de Sistemas<\/li>\n<li>Licenciado en Sistemas de Informaci\u00f3n<\/li>\n<li>Licenciado en Ciencias de la Computaci\u00f3n<\/li>\n<li>Licenciado en Inform\u00e1tica<\/li>\n<li>Licenciado en Tecnolog\u00eda Inform\u00e1tica<\/li>\n<li>Licenciado en Sistemas<\/li>\n<li>M\u00e9dico<\/li>\n<li>Odont\u00f3logo<\/li>\n<li>Farmac\u00e9utico\/Licenciado en Ciencias Farmac\u00e9uticas<\/li>\n<li>Bioqu\u00edmico\/Licenciado en Bioqu\u00edmica<\/li>\n<\/ul>\n<p><span style=\"color: #0000ff;\"><strong>Cierre de Inscripci\u00f3n<\/strong><\/span><\/p>\n<ul>\n<li>29 de Mayo de 2023<\/li>\n<\/ul>\n<p><span style=\"color: #0000ff;\"><strong>Examen Acad\u00e9mico<\/strong><\/span><\/p>\n<ul>\n<li>26 de Junio al 07 de Julio de 2023, Tentativo<\/li>\n<\/ul>\n<p><span style=\"color: #0000ff;\"><strong>Examen de perfil laboral<\/strong><\/span><\/p>\n<ul>\n<li>5 al 30 de Junio de 2023<\/li>\n<\/ul>\n<p><span style=\"color: #0000ff;\"><strong>Evaluaci\u00f3n m\u00e9dica<\/strong><\/span><\/p>\n<ul>\n<li>02 al 04 de Agosto de 2023<\/li>\n<\/ul>\n<p><span style=\"color: #0000ff;\"><strong>Inicio PSP<\/strong><\/span><\/p>\n<p>07 de Agosto de 2023<\/p>\n<p><span style=\"color: #0000ff;\"><strong>Inscripci\u00f3n<\/strong><\/span><\/p>\n<p><a href=\"http:\/\/www.incorporacion.armada.mil.ar\/profesional.html\">www.incorporacion.armada.mil.ar\/profesional.html<\/a><\/p>\n<p>Por ello, Voces Paralelas desarroll\u00f3 una entrevista Period\u00edstica al responsable de la Delegaci\u00f3n Naval San Juan, Suboficial Principal, Oscar P\u00e9rez, quien invit\u00f3 a los profesionales a sumarse a las fuerzas como otra posibilidad laboral.<\/p>\n<p><iframe loading=\"lazy\" title=\"NAVAL SAN JUAN SUB PRINCIPAL OSCAR P\u00c9REZ\" width=\"800\" height=\"450\" src=\"https:\/\/www.youtube.com\/embed\/PCnV80Gvf8M?feature=oembed\" frameborder=\"0\" allow=\"accelerometer; autoplay; clipboard-write; encrypted-media; gyroscope; picture-in-picture; web-share\" allowfullscreen><\/iframe><\/p>\n<p>&nbsp;<\/p>\n<p>La Delegaci\u00f3n Naval San Juan informa que se encuentra habilitado el sistema de inscripci\u00f3n unificado \u2013 SINU \u2013 para iniciar el proceso de inscripci\u00f3n a la Escuela Naval Militar o a la Escuela de Suboficiales de la Armada.<\/p>\n<p>Accede a una formaci\u00f3n integral que conjuga lo acad\u00e9mico con lo t\u00e9cnico profesional. Es una alternativa de desarrollo distinta a la que quiz\u00e1s conoc\u00edas, basadas en la vocaci\u00f3n de servicio y los valores impuestos por el mar.<\/p>\n<p>Son Carreras de Nivel Universitario y Terciario, totalmente gratuitas y becadas.<\/p>\n<p>Si te interesa obtiene mayor informaci\u00f3n en:<\/p>\n<p><a href=\"https:\/\/incorporacion.armada.mil.ar\/\">https:\/\/incorporacion.armada.mil.ar<\/a><\/p>\n<p>Delegaci\u00f3n Naval San Juan, Santa Fe 179 \u2013 O \u2013 Capital, de Lunes a Viernes, de 8 a 13:30 hs.. Tel\u00e9fono 4228318 \u00f3 por mail<\/p>\n<p><a href=\"mailto:ingresosanjuan@ara.mil.ar\/ingrean@gmail.com\">ingresosanjuan@ara.mil.ar\/ingrean@gmail.com<\/a><\/p>\n<p>Luego, en la segunda parte de la entrevista period\u00edstica, el Suboficial Principal, Oscar P\u00e9rez describi\u00f3 la posibilidad de aquellos j\u00f3venes que finalizan o finalizaron la secundaria de asistir a la Escuela Naval Militar o a la Escuela de Suboficiales de la Armada.<\/p>\n<p><iframe loading=\"lazy\" title=\"NAVAL SAN JUAN SUB PRINCIPAL OSCAR P\u00c9REZ\" width=\"800\" height=\"450\" src=\"https:\/\/www.youtube.com\/embed\/3vmpKD8GCtQ?feature=oembed\" frameborder=\"0\" allow=\"accelerometer; autoplay; clipboard-write; encrypted-media; gyroscope; picture-in-picture; web-share\" allowfullscreen><\/iframe><\/p>\n<p>&nbsp;<\/p>\n<p>Es importante destacar que la Delegaci\u00f3n Naval San Juan est\u00e1 integrada por el Suboficial Principal Oscar Alejandro P\u00e9rez; el Suboficial Principal Duilio \u00c1vila , el Suboficial Principal Sergio Aballay, Agente Civil Estela Rotela y la Agente Civil, Virginia Almanza.<\/p>\n<p><img loading=\"lazy\" decoding=\"async\" class=\"alignnone size-full wp-image-53218\" src=\"https:\/\/vocesparalelas.com.ar\/sitio\/wp-content\/uploads\/2022\/10\/ARMADA-DELEGACION-SAN-JUAN-01.jpg\" alt=\"\" width=\"800\" height=\"600\" srcset=\"https:\/\/vocesparalelas.com.ar\/sitio\/wp-content\/uploads\/2022\/10\/ARMADA-DELEGACION-SAN-JUAN-01.jpg 800w, https:\/\/vocesparalelas.com.ar\/sitio\/wp-content\/uploads\/2022\/10\/ARMADA-DELEGACION-SAN-JUAN-01-300x225.jpg 300w, https:\/\/vocesparalelas.com.ar\/sitio\/wp-content\/uploads\/2022\/10\/ARMADA-DELEGACION-SAN-JUAN-01-768x576.jpg 768w\" sizes=\"auto, (max-width: 800px) 100vw, 800px\" \/><\/p>\n<p><img loading=\"lazy\" decoding=\"async\" class=\"alignnone size-full wp-image-53219\" src=\"https:\/\/vocesparalelas.com.ar\/sitio\/wp-content\/uploads\/2022\/10\/ARMADA-DELEGACION-SAN-JUAN.jpg\" alt=\"\" width=\"800\" height=\"600\" srcset=\"https:\/\/vocesparalelas.com.ar\/sitio\/wp-content\/uploads\/2022\/10\/ARMADA-DELEGACION-SAN-JUAN.jpg 800w, https:\/\/vocesparalelas.com.ar\/sitio\/wp-content\/uploads\/2022\/10\/ARMADA-DELEGACION-SAN-JUAN-300x225.jpg 300w, https:\/\/vocesparalelas.com.ar\/sitio\/wp-content\/uploads\/2022\/10\/ARMADA-DELEGACION-SAN-JUAN-768x576.jpg 768w\" sizes=\"auto, (max-width: 800px) 100vw, 800px\" \/><\/p>\n","protected":false},"excerpt":{"rendered":"<p>La Armada Argentina convoca a Profesionales \u2013 CUINA 2023 &#8211; a sumarse a la Instituci\u00f3n Naval Argentina. T\u00edtulos Convocados Ingeniero<\/p>\n","protected":false},"author":3,"featured_media":58317,"comment_status":"closed","ping_status":"closed","sticky":false,"template":"","format":"standard","meta":{"_acf_changed":false,"_seopress_robots_primary_cat":"none","_seopress_titles_title":"","_seopress_titles_desc":"","_seopress_robots_index":"","colormag_page_container_layout":"default_layout","colormag_page_sidebar_layout":"default_layout","footnotes":""},"categories":[9,7],"tags":[],"class_list":["post-58314","post","type-post","status-publish","format-standard","has-post-thumbnail","hentry","category-cursos","category-videos"],"acf":[],"_links":{"self":[{"href":"https:\/\/vocesparalelas.com.ar\/sitio\/wp-json\/wp\/v2\/posts\/58314","targetHints":{"allow":["GET"]}}],"collection":[{"href":"https:\/\/vocesparalelas.com.ar\/sitio\/wp-json\/wp\/v2\/posts"}],"about":[{"href":"https:\/\/vocesparalelas.com.ar\/sitio\/wp-json\/wp\/v2\/types\/post"}],"author":[{"embeddable":true,"href":"https:\/\/vocesparalelas.com.ar\/sitio\/wp-json\/wp\/v2\/users\/3"}],"replies":[{"embeddable":true,"href":"https:\/\/vocesparalelas.com.ar\/sitio\/wp-json\/wp\/v2\/comments?post=58314"}],"version-history":[{"count":1,"href":"https:\/\/vocesparalelas.com.ar\/sitio\/wp-json\/wp\/v2\/posts\/58314\/revisions"}],"predecessor-version":[{"id":58318,"href":"https:\/\/vocesparalelas.com.ar\/sitio\/wp-json\/wp\/v2\/posts\/58314\/revisions\/58318"}],"wp:featuredmedia":[{"embeddable":true,"href":"https:\/\/vocesparalelas.com.ar\/sitio\/wp-json\/wp\/v2\/media\/58317"}],"wp:attachment":[{"href":"https:\/\/vocesparalelas.com.ar\/sitio\/wp-json\/wp\/v2\/media?parent=58314"}],"wp:term":[{"taxonomy":"category","embeddable":true,"href":"https:\/\/vocesparalelas.com.ar\/sitio\/wp-json\/wp\/v2\/categories?post=58314"},{"taxonomy":"post_tag","embeddable":true,"href":"https:\/\/vocesparalelas.com.ar\/sitio\/wp-json\/wp\/v2\/tags?post=58314"}],"curies":[{"name":"wp","href":"https:\/\/api.w.org\/{rel}","templated":true}]}}