{"id":58267,"date":"2023-04-19T22:48:45","date_gmt":"2023-04-20T01:48:45","guid":{"rendered":"https:\/\/vocesparalelas.com.ar\/sitio\/?p=58267"},"modified":"2023-04-20T00:53:07","modified_gmt":"2023-04-20T03:53:07","slug":"se-rescato-un-puma-hembra-pequena-en-san-juan","status":"publish","type":"post","link":"https:\/\/vocesparalelas.com.ar\/sitio\/se-rescato-un-puma-hembra-pequena-en-san-juan\/","title":{"rendered":"Se rescat\u00f3 un puma hembra peque\u00f1a en San Juan"},"content":{"rendered":"<p>Gracias al r\u00e1pido accionar de un vecino de la localidad de Pedernal, del Departamento de Sarmiento, donde la Secretar\u00eda de Estado de Ambiente del Gobierno de San Juan rescat\u00f3 un puma hembra peque\u00f1a.<\/p>\n<p>El equipo de agentes de conservaci\u00f3n que desempe\u00f1a tareas en la zona, lleg\u00f3 hasta el lugar y corrobor\u00f3 que el animal se encontraba dentro de una pileta de nataci\u00f3n vac\u00eda, por lo que activaron el protocolo de rescate.<\/p>\n<p>Inmediatamente fue notificada la Comisi\u00f3n de Evaluaci\u00f3n de Respuesta R\u00e1pida de la Direcci\u00f3n de Conservaci\u00f3n y \u00c1reas Protegidas de la Secretar\u00eda de Estado de Ambiente, para comenzar las tareas de rescate y traslado del animal.<\/p>\n<p>Una vez que el puma lleg\u00f3 hasta la cl\u00ednica del veterinario Aldo Olivares, para recibir atenci\u00f3n primaria biol\u00f3gica y veterinaria, all\u00ed fue posible determinar que se trataba de una hembra de unos cuatro meses de edad aproximadamente que presenta bajo pero para la edad.<\/p>\n<p>Hasta el momento se desconoce los motivos por los que este puma lleg\u00f3 hasta el lugar donde fue observado, por lo que a\u00fan se sigue investigando.<\/p>\n<p>Este puma hembra permanecer\u00e1 en una cl\u00ednica veterinaria bajo observaci\u00f3n y atenci\u00f3n m\u00e9dica.<\/p>\n<p>La Secretar\u00eda de Estado de Ambiente invita a la comunidad a colaborar en el cuidado y protecci\u00f3n de los recursos naturales, para ello se encuentra habilitadas las siguientes v\u00edas de comunicaci\u00f3n, 4305057 o Whatsapp 2644305057.<\/p>\n<p><img loading=\"lazy\" decoding=\"async\" class=\"alignnone size-full wp-image-58271\" src=\"https:\/\/vocesparalelas.com.ar\/sitio\/wp-content\/uploads\/2023\/04\/PUMA-SARMIENTO-02.jpg\" alt=\"\" width=\"800\" height=\"600\" srcset=\"https:\/\/vocesparalelas.com.ar\/sitio\/wp-content\/uploads\/2023\/04\/PUMA-SARMIENTO-02.jpg 800w, https:\/\/vocesparalelas.com.ar\/sitio\/wp-content\/uploads\/2023\/04\/PUMA-SARMIENTO-02-300x225.jpg 300w, https:\/\/vocesparalelas.com.ar\/sitio\/wp-content\/uploads\/2023\/04\/PUMA-SARMIENTO-02-768x576.jpg 768w\" sizes=\"auto, (max-width: 800px) 100vw, 800px\" \/><\/p>\n<p>Es importante observar en la fotograf\u00eda la mirada de tristeza de la Puma hembra peque\u00f1a que expresa una toma de conciencia del hombre para que conserve la fauna aut\u00f3ctona y libre y no se tome como una mascota. Conservemos los animales silvestres en libertad y en su h\u00e1bitat natural en el Siglo XXI.<\/p>\n<p>&nbsp;<\/p>\n","protected":false},"excerpt":{"rendered":"<p>Gracias al r\u00e1pido accionar de un vecino de la localidad de Pedernal, del Departamento de Sarmiento, donde la Secretar\u00eda de<\/p>\n","protected":false},"author":3,"featured_media":58270,"comment_status":"closed","ping_status":"closed","sticky":false,"template":"","format":"standard","meta":{"_acf_changed":false,"_seopress_robots_primary_cat":"none","_seopress_titles_title":"","_seopress_titles_desc":"","_seopress_robots_index":"","colormag_page_container_layout":"default_layout","colormag_page_sidebar_layout":"default_layout","footnotes":""},"categories":[1],"tags":[],"class_list":["post-58267","post","type-post","status-publish","format-standard","has-post-thumbnail","hentry","category-destacadas"],"acf":[],"_links":{"self":[{"href":"https:\/\/vocesparalelas.com.ar\/sitio\/wp-json\/wp\/v2\/posts\/58267","targetHints":{"allow":["GET"]}}],"collection":[{"href":"https:\/\/vocesparalelas.com.ar\/sitio\/wp-json\/wp\/v2\/posts"}],"about":[{"href":"https:\/\/vocesparalelas.com.ar\/sitio\/wp-json\/wp\/v2\/types\/post"}],"author":[{"embeddable":true,"href":"https:\/\/vocesparalelas.com.ar\/sitio\/wp-json\/wp\/v2\/users\/3"}],"replies":[{"embeddable":true,"href":"https:\/\/vocesparalelas.com.ar\/sitio\/wp-json\/wp\/v2\/comments?post=58267"}],"version-history":[{"count":2,"href":"https:\/\/vocesparalelas.com.ar\/sitio\/wp-json\/wp\/v2\/posts\/58267\/revisions"}],"predecessor-version":[{"id":58273,"href":"https:\/\/vocesparalelas.com.ar\/sitio\/wp-json\/wp\/v2\/posts\/58267\/revisions\/58273"}],"wp:featuredmedia":[{"embeddable":true,"href":"https:\/\/vocesparalelas.com.ar\/sitio\/wp-json\/wp\/v2\/media\/58270"}],"wp:attachment":[{"href":"https:\/\/vocesparalelas.com.ar\/sitio\/wp-json\/wp\/v2\/media?parent=58267"}],"wp:term":[{"taxonomy":"category","embeddable":true,"href":"https:\/\/vocesparalelas.com.ar\/sitio\/wp-json\/wp\/v2\/categories?post=58267"},{"taxonomy":"post_tag","embeddable":true,"href":"https:\/\/vocesparalelas.com.ar\/sitio\/wp-json\/wp\/v2\/tags?post=58267"}],"curies":[{"name":"wp","href":"https:\/\/api.w.org\/{rel}","templated":true}]}}