{"id":58259,"date":"2023-04-19T22:05:49","date_gmt":"2023-04-20T01:05:49","guid":{"rendered":"https:\/\/vocesparalelas.com.ar\/sitio\/?p=58259"},"modified":"2023-04-23T00:12:37","modified_gmt":"2023-04-23T03:12:37","slug":"tecnicatura-en-en-desarrollo-de-software-en-el-departamento-san-martin","status":"publish","type":"post","link":"https:\/\/vocesparalelas.com.ar\/sitio\/tecnicatura-en-en-desarrollo-de-software-en-el-departamento-san-martin\/","title":{"rendered":"Tecnicatura en en Desarrollo de Software en el Departamento San Mart\u00edn"},"content":{"rendered":"<p>El Ministerio de Educaci\u00f3n del Gobierno de San Juan firm\u00f3 un convenio con la Municipalidad de San Mart\u00edn para que los interesados puedan tener una formaci\u00f3n profesional de Nivel Superior con la Tecnicatura en Desarrollo de Software.<\/p>\n<p>Los representas que refrendaron tal compromiso la ministra de Educaci\u00f3n, Lic. Cecilia Trincado y el intendente de la Municipalidad de San Mart\u00edn, CPN Cristian Andino, la comunidad del departamento suma una posibilidad m\u00e1s en la formaci\u00f3n profesional de Nivel Superior con una Tecnicatura en Desarrollo de Software.<\/p>\n<p><img loading=\"lazy\" decoding=\"async\" class=\"alignnone size-full wp-image-58263\" src=\"https:\/\/vocesparalelas.com.ar\/sitio\/wp-content\/uploads\/2023\/04\/SAN-MARTIN-02.jpg\" alt=\"\" width=\"800\" height=\"524\" srcset=\"https:\/\/vocesparalelas.com.ar\/sitio\/wp-content\/uploads\/2023\/04\/SAN-MARTIN-02.jpg 800w, https:\/\/vocesparalelas.com.ar\/sitio\/wp-content\/uploads\/2023\/04\/SAN-MARTIN-02-300x197.jpg 300w, https:\/\/vocesparalelas.com.ar\/sitio\/wp-content\/uploads\/2023\/04\/SAN-MARTIN-02-768x503.jpg 768w\" sizes=\"auto, (max-width: 800px) 100vw, 800px\" \/><\/p>\n<p>Participaron adem\u00e1s del acto la secretaria de Gobierno de San Mart\u00edn, Anal\u00eda Becerra y el director de Acci\u00f3n Social de la comuna, Edgar Orozco.<\/p>\n<p>Lo importante es que la Tecnicatura en Desarrollo de Software se dicta en la Escuela Juan Larrea, de la Localidad San Isidro, Departamento San Mart\u00edn, con una matr\u00edcula de 40 estudiantes, durante el turno vespertino y las clases comienzan el 8 de Mayo.<\/p>\n<p>Por ello, el intendente de la Municipalidad de San Mart\u00edn, CPN Cristian Andino, remarc\u00f3 la importancia del convenio orientado a los j\u00f3venes del departamento.<\/p>\n<p><iframe loading=\"lazy\" title=\"CPN CRISTIAN ANDINO\" width=\"800\" height=\"450\" src=\"https:\/\/www.youtube.com\/embed\/3PWb2n-fI9g?feature=oembed\" frameborder=\"0\" allow=\"accelerometer; autoplay; clipboard-write; encrypted-media; gyroscope; picture-in-picture; web-share\" allowfullscreen><\/iframe><\/p>\n<p>Posteriormente, la ministra de Educaci\u00f3n, Lic. Cecilia Trincado puso en valor la necesidad de fortalecer la educaci\u00f3n en los departamento con m\u00e1s posibilidades laborales.<\/p>\n<p><iframe loading=\"lazy\" title=\"LIC CECILIA TRINCADO\" width=\"800\" height=\"450\" src=\"https:\/\/www.youtube.com\/embed\/29K3gEtM8aY?feature=oembed\" frameborder=\"0\" allow=\"accelerometer; autoplay; clipboard-write; encrypted-media; gyroscope; picture-in-picture; web-share\" allowfullscreen><\/iframe><\/p>\n<p><img loading=\"lazy\" decoding=\"async\" class=\"alignnone size-full wp-image-28629\" src=\"https:\/\/vocesparalelas.com.ar\/sitio\/wp-content\/uploads\/2020\/05\/MINISTERIO-EDUCACION-SJ.jpg\" alt=\"\" width=\"800\" height=\"533\" srcset=\"https:\/\/vocesparalelas.com.ar\/sitio\/wp-content\/uploads\/2020\/05\/MINISTERIO-EDUCACION-SJ.jpg 800w, https:\/\/vocesparalelas.com.ar\/sitio\/wp-content\/uploads\/2020\/05\/MINISTERIO-EDUCACION-SJ-300x200.jpg 300w, https:\/\/vocesparalelas.com.ar\/sitio\/wp-content\/uploads\/2020\/05\/MINISTERIO-EDUCACION-SJ-768x512.jpg 768w\" sizes=\"auto, (max-width: 800px) 100vw, 800px\" \/><\/p>\n","protected":false},"excerpt":{"rendered":"<p>El Ministerio de Educaci\u00f3n del Gobierno de San Juan firm\u00f3 un convenio con la Municipalidad de San Mart\u00edn para que<\/p>\n","protected":false},"author":3,"featured_media":58262,"comment_status":"closed","ping_status":"closed","sticky":false,"template":"","format":"standard","meta":{"_acf_changed":false,"_seopress_robots_primary_cat":"none","_seopress_titles_title":"","_seopress_titles_desc":"","_seopress_robots_index":"","colormag_page_container_layout":"default_layout","colormag_page_sidebar_layout":"default_layout","footnotes":""},"categories":[9,7],"tags":[],"class_list":["post-58259","post","type-post","status-publish","format-standard","has-post-thumbnail","hentry","category-cursos","category-videos"],"acf":[],"_links":{"self":[{"href":"https:\/\/vocesparalelas.com.ar\/sitio\/wp-json\/wp\/v2\/posts\/58259","targetHints":{"allow":["GET"]}}],"collection":[{"href":"https:\/\/vocesparalelas.com.ar\/sitio\/wp-json\/wp\/v2\/posts"}],"about":[{"href":"https:\/\/vocesparalelas.com.ar\/sitio\/wp-json\/wp\/v2\/types\/post"}],"author":[{"embeddable":true,"href":"https:\/\/vocesparalelas.com.ar\/sitio\/wp-json\/wp\/v2\/users\/3"}],"replies":[{"embeddable":true,"href":"https:\/\/vocesparalelas.com.ar\/sitio\/wp-json\/wp\/v2\/comments?post=58259"}],"version-history":[{"count":1,"href":"https:\/\/vocesparalelas.com.ar\/sitio\/wp-json\/wp\/v2\/posts\/58259\/revisions"}],"predecessor-version":[{"id":58264,"href":"https:\/\/vocesparalelas.com.ar\/sitio\/wp-json\/wp\/v2\/posts\/58259\/revisions\/58264"}],"wp:featuredmedia":[{"embeddable":true,"href":"https:\/\/vocesparalelas.com.ar\/sitio\/wp-json\/wp\/v2\/media\/58262"}],"wp:attachment":[{"href":"https:\/\/vocesparalelas.com.ar\/sitio\/wp-json\/wp\/v2\/media?parent=58259"}],"wp:term":[{"taxonomy":"category","embeddable":true,"href":"https:\/\/vocesparalelas.com.ar\/sitio\/wp-json\/wp\/v2\/categories?post=58259"},{"taxonomy":"post_tag","embeddable":true,"href":"https:\/\/vocesparalelas.com.ar\/sitio\/wp-json\/wp\/v2\/tags?post=58259"}],"curies":[{"name":"wp","href":"https:\/\/api.w.org\/{rel}","templated":true}]}}