{"id":58218,"date":"2023-04-18T22:34:49","date_gmt":"2023-04-19T01:34:49","guid":{"rendered":"https:\/\/vocesparalelas.com.ar\/sitio\/?p=58218"},"modified":"2023-04-19T00:35:07","modified_gmt":"2023-04-19T03:35:07","slug":"se-dejo-habilitada-la-primera-etapa-del-parque-solar-zonda-en-san-juan","status":"publish","type":"post","link":"https:\/\/vocesparalelas.com.ar\/sitio\/se-dejo-habilitada-la-primera-etapa-del-parque-solar-zonda-en-san-juan\/","title":{"rendered":"Se dej\u00f3 habilitada la primera etapa del Parque Solar Zonda en San Juan"},"content":{"rendered":"<p>El gobernador de San Juan, Dr. Sergio U\u00f1ac dej\u00f3 habilitada la primera etapa del Parque Solar Zonda, ubicado en la localidad de Bella Vista, Iglesia.<\/p>\n<p>Lo acompa\u00f1aron la secretaria de Cambio Clim\u00e1tico, Desarrollo Sostenible e Innovaci\u00f3n de la Naci\u00f3n, Cecilia Nicolini; el presidente de YPF, Pablo Gonz\u00e1lez; el CEO de YPF Luz, Mart\u00edn Mandarano; el senador Rub\u00e9n U\u00f1ac y el intendente de Iglesia, Jorge Espejo, entre otras autoridades nacionales y provinciales.<\/p>\n<p>Con una inversi\u00f3n de m\u00e1s de 90 millones de d\u00f3lares para esta primera parte, YPF Luz comenz\u00f3 la construcci\u00f3n del Parque Solar Zonda, ubicado en el departamento de Iglesia, proyecto que una vez finalizado permitir\u00e1 duplicar la capacidad de generaci\u00f3n solar instalada en San Juan.<\/p>\n<p>El Parque se construir\u00e1 en tres etapas y es el primer proyecto solar de YPF Luz con potencial de ser el mayor generador de energ\u00eda del pa\u00eds.<\/p>\n<p>Producir\u00e1 energ\u00eda solar fotovoltaica, obtenida en la transformaci\u00f3n de la energ\u00eda de la radiaci\u00f3n solar en energ\u00eda el\u00e9ctrica. Se estima que tendr\u00e1 una capacidad instalada total de 300 MW en tres etapas de 100 MW cada una, habi\u00e9ndose inaugurado en la jornada la primera de ellas, que producir\u00e1 energ\u00eda para 88 mil hogares sanjuaninos. Una vez concluido el proyecto, abastecer\u00e1 el consumo de m\u00e1s de 240.000 hogares.<\/p>\n<p>El terreno seleccionado para su desarrollo tiene una superficie aproximada de 300 hect\u00e1reas.<\/p>\n<p>La construcci\u00f3n del complejo brinda la posibilidad de generar empleo y un incremento en la actividad econ\u00f3mica local a trav\u00e9s de la demanda de servicios indirectos y proveedores locales.<\/p>\n<p>En el comienzo del acto, el Gobernador, Dr. Sergio U\u00f1ac manifest\u00f3 que \u201ces una ma\u00f1ana de much\u00edsima alegr\u00eda para todos los sanjuaninos. Ver que una empresa emblem\u00e1tica del pa\u00eds siga federalizando su administraci\u00f3n nos hace pensar que San Juan y Argentina tienen presente y futuro\u201d.<\/p>\n<p>\u201cLos sanjuaninos tenemos que darle batalla a los desaf\u00edos que nos propone la vida desde ac\u00e1. Nos empezamos a dar cuenta de que la electromovilidad es el presente y tenemos unas de las reservas de cobre m\u00e1s importantes de Sudam\u00e9rica. Por eso se present\u00f3 el Informe de Impacto Ambiental de Josemar\u00eda y Los Azules. Con ese informe que creemos que en poco m\u00e1s de medio a\u00f1o estar\u00e1 la declaraci\u00f3n\u201d, dijo.<\/p>\n<p>Adem\u00e1s, el gobernador consider\u00f3 \u201cfundamental proteger el ambiente a trav\u00e9s de la evoluci\u00f3n tecnol\u00f3gica. Somos la primera provincia generadora de energ\u00eda solar en toda la Argentina. Hoy damos al Sistema Interconectado Nacional 410 megas. Sobre los primeros meses del a\u00f1o pr\u00f3ximo, con otros proyectos estaremos en 550 megas. Si a eso le sumamos los 400 megas anunciados por Pablo Gonz\u00e1lez estar\u00edamos superando la generaci\u00f3n solar respecto al consumo domiciliario y productivo que tiene la provincia\u201d.<\/p>\n<p>Finalmente, el primer mandatario reiter\u00f3 la necesidad de \u201camplificar la matriz productiva. Sumar otras actividades a algo que nos enorgullece, es como la vitivinicultura\u00bb y puso de relieve el car\u00e1cter nacional de la obra, asegurando que \u00abel pa\u00eds se construye desde el interior hacia la Capital y las oportunidades deben darse desde todos los rincones del pa\u00eds\u201d.<\/p>\n<p>Posteriormente, el presidente de YPF, Pablo Gonz\u00e1lez \u201cratific\u00f3 el compromiso nacional con las energ\u00edas renovables. YPF Luz quiere ser la principal productora de energ\u00eda renovable de la Argentina. Con esta matriz p\u00fablico-privada, acabamos de terminar esta obra\u201d.<\/p>\n<p>Avanzando en su discurso, el directivo de YPF detall\u00f3 que \u201ca primeros 100 megas se sumar\u00e1n 200 megas m\u00e1s\u00bb y anunci\u00f3 que Naci\u00f3n aportar\u00e1 40 millones de d\u00f3lares para la construcci\u00f3n del Centro Distribuidor de Energ\u00eda de Rodeo, obra que se licitar\u00e1 en breve.<\/p>\n<p>Para concluir con sus palabras, Gonz\u00e1lez agreg\u00f3 que \u201cuna vez que tengamos el Centro Distribuidor vamos a seguir construyendo otros 400 megas. San Juan ya es la primera productora de energ\u00eda solar del pa\u00eds. Ese logro lo vamos a seguir fortaleciendo con el trabajo que venimos haciendo de manera seria y responsable. Es un gusto trabajar con San Juan por su seriedad y predisposici\u00f3n. Vamos a llenar Iglesia de parques solares para continuar produciendo\u201d.<\/p>\n<p>Seguidamente, Nicolini\u00a0explic\u00f3 que \u00abpara el Gobierno nacional la pol\u00edtica clim\u00e1tica es pol\u00edtica de Estado. Esta primera instancia del parque contribuir\u00e1 a reducir 110 mil toneladas de di\u00f3xido de carbono aproximadamente. Eso significa que es una herramienta fundamental para cumplir con esos compromisos pensando en el a\u00f1o 2030\u201d.<\/p>\n<p>Continuando, agreg\u00f3 que \u201cSan Juan tiene una posici\u00f3n estrat\u00e9gica important\u00edsima para el desarrollo del pa\u00eds. Hay que continuar con este camino de desarrollo sostenible para toda la Argentina\u201d, concluy\u00f3.<\/p>\n<p>Finalmente, Espejo\u00a0destac\u00f3 la construcci\u00f3n de los parques solares y asegur\u00f3 que \u00abhace una semana tuvimos la posibilidad de inaugurar tres estaciones de paneles solares para generaci\u00f3n de energ\u00eda sustentable en tres plantas potabilizadoras de Iglesia, en un trabajo conjunto con Veladero, lo que significan una producci\u00f3n de energ\u00eda limpia del 70% del consumo de esas plantas potabilizadoras y que abastecen a cinco mil familias del departamento\u00bb.<\/p>\n<p>\u00abProducir 100 MW desde Iglesia para toda la Argentina es muy importante. Estamos \u00e1vidos los iglesianos por trabajar y continuar con el desarrollo del parque porque genera mucha mano de obra\u00bb, concluy\u00f3 el intendente.<\/p>\n<p>Una vez que el proyecto complete todas sus etapas, ampliar\u00e1 la capacidad de generaci\u00f3n renovable actual en un 25% en la provincia.<\/p>\n<p>Otros beneficios de esta monumental obra es permitir\u00e1 evitar emisiones de carbono por 360.000 toneladas por a\u00f1o con respecto a una central termoel\u00e9ctrica equivalente.<\/p>\n<p>El nuevo parque permitir\u00e1 duplicar la cantidad de paneles solares de la provincia y seguir contribuyendo al crecimiento de generaci\u00f3n de energ\u00eda el\u00e9ctrica a partir de fuentes renovables en el pa\u00eds.<\/p>\n<p><span style=\"color: #339966;\"><strong>M\u00e1s sobre el parque solar<\/strong><\/span><\/p>\n<p><img loading=\"lazy\" decoding=\"async\" class=\"alignnone size-full wp-image-58223\" src=\"https:\/\/vocesparalelas.com.ar\/sitio\/wp-content\/uploads\/2023\/04\/IGLESIA-ZONDA-01.jpg\" alt=\"\" width=\"800\" height=\"429\" srcset=\"https:\/\/vocesparalelas.com.ar\/sitio\/wp-content\/uploads\/2023\/04\/IGLESIA-ZONDA-01.jpg 800w, https:\/\/vocesparalelas.com.ar\/sitio\/wp-content\/uploads\/2023\/04\/IGLESIA-ZONDA-01-300x161.jpg 300w, https:\/\/vocesparalelas.com.ar\/sitio\/wp-content\/uploads\/2023\/04\/IGLESIA-ZONDA-01-768x412.jpg 768w\" sizes=\"auto, (max-width: 800px) 100vw, 800px\" \/><\/p>\n<p>YPF Luz vender\u00e1 la energ\u00eda limpia generada a grandes usuarios y clientes industriales en el Mercado a T\u00e9rmino de Energ\u00edas Renovables (MATER).<\/p>\n<p>El motivo t\u00e9cnico que llev\u00f3 a la empresa a instalarse en San Juan son los niveles de radiaci\u00f3n de la provincia, de los m\u00e1s altos del mundo, que aseguran alta eficiencia en el proyecto.<\/p>\n<p>La empresa instalar\u00e1 paneles solares con tecnolog\u00eda bidireccional que permiten absorber la radiaci\u00f3n solar directa y la que rebota del piso. Actualmente San Juan cuenta con el 46 por ciento de los parques solares en operaci\u00f3n de la Argentina.<\/p>\n<p><iframe loading=\"lazy\" title=\"El gobernador inaugur\u00f3 en Iglesia  el Parque Solar Zonda, el m\u00e1s grande de Argentina\" width=\"800\" height=\"450\" src=\"https:\/\/www.youtube.com\/embed\/6fVAa4thc3g?feature=oembed\" frameborder=\"0\" allow=\"accelerometer; autoplay; clipboard-write; encrypted-media; gyroscope; picture-in-picture; web-share\" allowfullscreen><\/iframe><\/p>\n","protected":false},"excerpt":{"rendered":"<p>El gobernador de San Juan, Dr. Sergio U\u00f1ac dej\u00f3 habilitada la primera etapa del Parque Solar Zonda, ubicado en la<\/p>\n","protected":false},"author":3,"featured_media":58221,"comment_status":"closed","ping_status":"closed","sticky":false,"template":"","format":"standard","meta":{"_acf_changed":false,"_seopress_robots_primary_cat":"none","_seopress_titles_title":"","_seopress_titles_desc":"","_seopress_robots_index":"","colormag_page_container_layout":"default_layout","colormag_page_sidebar_layout":"default_layout","footnotes":""},"categories":[1,7],"tags":[],"class_list":["post-58218","post","type-post","status-publish","format-standard","has-post-thumbnail","hentry","category-destacadas","category-videos"],"acf":[],"_links":{"self":[{"href":"https:\/\/vocesparalelas.com.ar\/sitio\/wp-json\/wp\/v2\/posts\/58218","targetHints":{"allow":["GET"]}}],"collection":[{"href":"https:\/\/vocesparalelas.com.ar\/sitio\/wp-json\/wp\/v2\/posts"}],"about":[{"href":"https:\/\/vocesparalelas.com.ar\/sitio\/wp-json\/wp\/v2\/types\/post"}],"author":[{"embeddable":true,"href":"https:\/\/vocesparalelas.com.ar\/sitio\/wp-json\/wp\/v2\/users\/3"}],"replies":[{"embeddable":true,"href":"https:\/\/vocesparalelas.com.ar\/sitio\/wp-json\/wp\/v2\/comments?post=58218"}],"version-history":[{"count":1,"href":"https:\/\/vocesparalelas.com.ar\/sitio\/wp-json\/wp\/v2\/posts\/58218\/revisions"}],"predecessor-version":[{"id":58224,"href":"https:\/\/vocesparalelas.com.ar\/sitio\/wp-json\/wp\/v2\/posts\/58218\/revisions\/58224"}],"wp:featuredmedia":[{"embeddable":true,"href":"https:\/\/vocesparalelas.com.ar\/sitio\/wp-json\/wp\/v2\/media\/58221"}],"wp:attachment":[{"href":"https:\/\/vocesparalelas.com.ar\/sitio\/wp-json\/wp\/v2\/media?parent=58218"}],"wp:term":[{"taxonomy":"category","embeddable":true,"href":"https:\/\/vocesparalelas.com.ar\/sitio\/wp-json\/wp\/v2\/categories?post=58218"},{"taxonomy":"post_tag","embeddable":true,"href":"https:\/\/vocesparalelas.com.ar\/sitio\/wp-json\/wp\/v2\/tags?post=58218"}],"curies":[{"name":"wp","href":"https:\/\/api.w.org\/{rel}","templated":true}]}}