{"id":58126,"date":"2023-04-17T19:48:08","date_gmt":"2023-04-17T22:48:08","guid":{"rendered":"https:\/\/vocesparalelas.com.ar\/sitio\/?p=58126"},"modified":"2023-04-24T21:45:13","modified_gmt":"2023-04-25T00:45:13","slug":"consulta-para-la-prevencion-al-medico-orl-y-logra-toda-tu-vida-con-voz","status":"publish","type":"post","link":"https:\/\/vocesparalelas.com.ar\/sitio\/consulta-para-la-prevencion-al-medico-orl-y-logra-toda-tu-vida-con-voz\/","title":{"rendered":"Consulta para la Prevenci\u00f3n al M\u00e9dico ORL y logra \u201cToda tu vida con Voz\u201d"},"content":{"rendered":"<p>Hace 20 a\u00f1os, cada 16 de abril en Argentina se celebra el D\u00eda de la Voz, adheridos a una campa\u00f1a que comenz\u00f3 3 a\u00f1os antes (1999), en Brasil por iniciativa del Dr. Nedio Steffen, despu\u00e9s de haber comprobado personas que padec\u00edan disfon\u00edas pensaban que era normal o bien, lo atribu\u00edan a una caracter\u00edstica natural de su voz.<\/p>\n<p>Inmediatamente, la Sociedad Argentina de la Voz se sum\u00f3 a la propuesta, con el objetivo de orientar a la poblaci\u00f3n en el cuidado de su voz, para que tomara conciencia de la necesidad de realizar consultas frente a cualquier cambio que se le presente en la misma. El mensaje se focaliza en la importancia de alcanzar un entrenamiento adecuado para conservar la salud vocal, especialmente aquellos que trabajan con su voz.<\/p>\n<p>Desde el a\u00f1o 2016 se realiza la Campa\u00f1a del D\u00eda Mundial de la Voz en la provincia de San Juan, con actividades Cient\u00edficas y Asistenciales, dirigidas a toda la poblaci\u00f3n. Esto brind\u00f3 la oportunidad, que muchas personas que ten\u00edan dudas sobre su salud vocal, se acercaran para un diagn\u00f3stico y un tratamiento oportuno.<\/p>\n<p>Lo que permiti\u00f3 detectar diversas patolog\u00edas, como C\u00e1ncer de laringe, par\u00e1lisis cordal, n\u00f3dulos, disfon\u00edas funcionales; como as\u00ed tambi\u00e9n dar la tranquilidad a muchos pacientes de que su voz est\u00e1 dentro de los par\u00e1metros normales.<\/p>\n<p>Los organizadores invitan a sumarse a la campa\u00f1a por el D\u00eda Mundial de la Voz \u201cToda tu vida con Voz\u201d que se celebra desde el 16 al 26 de Abril 2023 en San Juan. VIII Campa\u00f1a Preventiva de Patolog\u00edas de la Voz en San Juan<\/p>\n<p>Voces Paralelas desarroll\u00f3 una entrevista period\u00edstica a la Lic. Sonia Belmonte, Fonoaudi\u00f3loga del Hospital Dr. Marcial Quiroga, quien explic\u00f3 la importancia de la Semana de la Voz para prevenir y tomar conciencia del cuidado de la Voz que deben tener siempre presente los Fonoaudi\u00f3logos, los m\u00e9dicos, los docentes, los cantantes, los locutores, los actores y el p\u00fablico en general.<\/p>\n<p><iframe loading=\"lazy\" title=\"HMQ LIC SONIA BELMONTE\" width=\"800\" height=\"450\" src=\"https:\/\/www.youtube.com\/embed\/_snrTp6EVQU?start=15&#038;feature=oembed\" frameborder=\"0\" allow=\"accelerometer; autoplay; clipboard-write; encrypted-media; gyroscope; picture-in-picture; web-share\" allowfullscreen><\/iframe><\/p>\n<p>Luego a la Dra. Roxana Gatica, del Servicio ORL del Hospital Dr. Marcial Quiroga, quien describi\u00f3 los estudios que se realizan para averiguar los problemas de los inconvenientes que presenta la Voz, siendo esta una herramienta de comunicaci\u00f3n.<\/p>\n<p><iframe loading=\"lazy\" title=\"HMQ DRA ROXANA GATICA\" width=\"800\" height=\"450\" src=\"https:\/\/www.youtube.com\/embed\/KVJB_Yo_hus?start=4&#038;feature=oembed\" frameborder=\"0\" allow=\"accelerometer; autoplay; clipboard-write; encrypted-media; gyroscope; picture-in-picture; web-share\" allowfullscreen><\/iframe><\/p>\n<p><strong><span style=\"color: #ff0000;\">Actividades de la Campa\u00f1a en San Juan<\/span><\/strong><\/p>\n<p><img loading=\"lazy\" decoding=\"async\" class=\"alignnone size-large wp-image-20335\" src=\"https:\/\/vocesparalelas.com.ar\/sitio\/wp-content\/uploads\/2019\/04\/VOZ-CONTROL-800x600.jpg\" alt=\"\" width=\"800\" height=\"600\" srcset=\"https:\/\/vocesparalelas.com.ar\/sitio\/wp-content\/uploads\/2019\/04\/VOZ-CONTROL-800x600.jpg 800w, https:\/\/vocesparalelas.com.ar\/sitio\/wp-content\/uploads\/2019\/04\/VOZ-CONTROL-300x225.jpg 300w, https:\/\/vocesparalelas.com.ar\/sitio\/wp-content\/uploads\/2019\/04\/VOZ-CONTROL-768x576.jpg 768w, https:\/\/vocesparalelas.com.ar\/sitio\/wp-content\/uploads\/2019\/04\/VOZ-CONTROL.jpg 1000w\" sizes=\"auto, (max-width: 800px) 100vw, 800px\" \/><\/p>\n<ul>\n<li>16 de Abril Campa\u00f1a la Voz, importancia y cuidados.<\/li>\n<li>17 al 20 de Abril se realizan Ex\u00e1menes de Voz m\u00e9dico-fonoaudiol\u00f3gicas gratuitos a trav\u00e9s de fibroscopias<br \/>\nlar\u00edngeas y an\u00e1lisis perceptual de la voz a las personas que deseen controlarse. Asesoramiento sobre tratamiento y procedimientos al padecer enfermedad profesional, Hospital Marcial Quiroga. Turnos al 4330880 Int.238<\/li>\n<li>24 al 26 de Abril en el Hospital Dr. Guillermo Rawson.<\/li>\n<li>21 de Abril Actividades Cient\u00edficas. Centro de convenciones \u00abBarrera Guzman\u00bb, Las Heras y 25 de Mayo, Capital. Aval del Ministerio de Salud P\u00fablica y Educaci\u00f3n del Gobierno de San Juan.<\/li>\n<\/ul>\n<p><span style=\"color: #ff0000;\"><strong>Jornada Cient\u00edfica \u00abVoz Profesional\u00bb<\/strong><\/span><\/p>\n<ul>\n<li>8 a 9 hs Acreditaci\u00f3n.<\/li>\n<li>9 a 9.15 hs Apertura de la Jornada. Palabras de bienvenida.<\/li>\n<li>9.15 a 10.30 hs Conferencia \u201cDocencia y Voz\u201d Dra. Patricia Farias. Bs As<\/li>\n<li>10.30 a 11 hs. Conferencia \u201cPar\u00e1lisis Cordal: Incidencia en el paciente post \u2013 Covid\u201d Dr Mario ZStajn. Bs A<\/li>\n<li>11 a 11.30 hs Break.<\/li>\n<li>11.30 a 12.30 hs Mesa redonda interdisciplinaria \u201cEl paciente Laringectomizado\u00bb a cargo del Dr. Gabriel Navarta (San Juan), Dra Melisa Victoria (San Juan), Lic. Noel Basualdo (San Juan). Lic. Viviana Castro (San Juan) Lic. Nadia Farias PROVOX , Dra. Patricia Far\u00edas (Bs As)<\/li>\n<li>12.30 hs cierre \u201cCoro de Ni\u00f1os\u201c<\/li>\n<li>13 hs- Almuerzo.<\/li>\n<li>14.30 a 15.30 hs. Mesa redonda \u201cDiagn\u00f3stico M\u00e9dico ORL y Fonoaudiolog\u00eda en Profesionales de la Voz\u201d Dr. Mario Zstajn (Bs As) Dr. Ra\u00fal Herrero (San Juan) Dra. Patricia Far\u00edas (Bs As) Lic. Rodrigo Jerez (La Plata) M. Victoria S\u00e1nchez (San Juan)<\/li>\n<li>15.30 a 16.30 hs Mesa redonda \u201cLa Voz Profesional: cuidados -entrenamiento\u00bb, Dra. Patricia Farias (Bs. As.) Cantante Claudia Lepe (San Juan) Dr. Rodrigo Jerez (La Plata) Marcelo Araya cantante (San Juan) Lorena L\u00f3pez actriz (San Juan ), Modera: Lic. Sonia Belmonte (San Juan)<\/li>\n<li>16.30 a 17.30 hs. Taller Pr\u00e1ctico del uso adecuado de la voz para profesionales de la voz. Lic. Rodrigo Jerez (La Plata) Modera: Lic. Noel Basualdo (San Juan)<\/li>\n<li>17.40 hs Cierre de las Actividades cient\u00edficas con una participaci\u00f3n art\u00edstica musical<\/li>\n<\/ul>\n<p><img loading=\"lazy\" decoding=\"async\" class=\"alignnone size-full wp-image-50515\" src=\"https:\/\/vocesparalelas.com.ar\/sitio\/wp-content\/uploads\/2022\/07\/HMQ-FRENTE.jpg\" alt=\"\" width=\"800\" height=\"600\" srcset=\"https:\/\/vocesparalelas.com.ar\/sitio\/wp-content\/uploads\/2022\/07\/HMQ-FRENTE.jpg 800w, https:\/\/vocesparalelas.com.ar\/sitio\/wp-content\/uploads\/2022\/07\/HMQ-FRENTE-300x225.jpg 300w, https:\/\/vocesparalelas.com.ar\/sitio\/wp-content\/uploads\/2022\/07\/HMQ-FRENTE-768x576.jpg 768w\" sizes=\"auto, (max-width: 800px) 100vw, 800px\" \/><\/p>\n<p><img loading=\"lazy\" decoding=\"async\" class=\"alignnone size-full wp-image-27493\" src=\"https:\/\/vocesparalelas.com.ar\/sitio\/wp-content\/uploads\/2020\/04\/HOSPITAL-RAWSON-10.jpg\" alt=\"\" width=\"800\" height=\"533\" srcset=\"https:\/\/vocesparalelas.com.ar\/sitio\/wp-content\/uploads\/2020\/04\/HOSPITAL-RAWSON-10.jpg 800w, https:\/\/vocesparalelas.com.ar\/sitio\/wp-content\/uploads\/2020\/04\/HOSPITAL-RAWSON-10-300x200.jpg 300w, https:\/\/vocesparalelas.com.ar\/sitio\/wp-content\/uploads\/2020\/04\/HOSPITAL-RAWSON-10-768x512.jpg 768w\" sizes=\"auto, (max-width: 800px) 100vw, 800px\" \/><\/p>\n","protected":false},"excerpt":{"rendered":"<p>Hace 20 a\u00f1os, cada 16 de abril en Argentina se celebra el D\u00eda de la Voz, adheridos a una campa\u00f1a<\/p>\n","protected":false},"author":3,"featured_media":58129,"comment_status":"closed","ping_status":"closed","sticky":false,"template":"","format":"standard","meta":{"_acf_changed":false,"_seopress_robots_primary_cat":"none","_seopress_titles_title":"","_seopress_titles_desc":"","_seopress_robots_index":"","colormag_page_container_layout":"default_layout","colormag_page_sidebar_layout":"default_layout","footnotes":""},"categories":[6,7],"tags":[],"class_list":["post-58126","post","type-post","status-publish","format-standard","has-post-thumbnail","hentry","category-eventos","category-videos"],"acf":[],"_links":{"self":[{"href":"https:\/\/vocesparalelas.com.ar\/sitio\/wp-json\/wp\/v2\/posts\/58126","targetHints":{"allow":["GET"]}}],"collection":[{"href":"https:\/\/vocesparalelas.com.ar\/sitio\/wp-json\/wp\/v2\/posts"}],"about":[{"href":"https:\/\/vocesparalelas.com.ar\/sitio\/wp-json\/wp\/v2\/types\/post"}],"author":[{"embeddable":true,"href":"https:\/\/vocesparalelas.com.ar\/sitio\/wp-json\/wp\/v2\/users\/3"}],"replies":[{"embeddable":true,"href":"https:\/\/vocesparalelas.com.ar\/sitio\/wp-json\/wp\/v2\/comments?post=58126"}],"version-history":[{"count":5,"href":"https:\/\/vocesparalelas.com.ar\/sitio\/wp-json\/wp\/v2\/posts\/58126\/revisions"}],"predecessor-version":[{"id":58386,"href":"https:\/\/vocesparalelas.com.ar\/sitio\/wp-json\/wp\/v2\/posts\/58126\/revisions\/58386"}],"wp:featuredmedia":[{"embeddable":true,"href":"https:\/\/vocesparalelas.com.ar\/sitio\/wp-json\/wp\/v2\/media\/58129"}],"wp:attachment":[{"href":"https:\/\/vocesparalelas.com.ar\/sitio\/wp-json\/wp\/v2\/media?parent=58126"}],"wp:term":[{"taxonomy":"category","embeddable":true,"href":"https:\/\/vocesparalelas.com.ar\/sitio\/wp-json\/wp\/v2\/categories?post=58126"},{"taxonomy":"post_tag","embeddable":true,"href":"https:\/\/vocesparalelas.com.ar\/sitio\/wp-json\/wp\/v2\/tags?post=58126"}],"curies":[{"name":"wp","href":"https:\/\/api.w.org\/{rel}","templated":true}]}}