{"id":58082,"date":"2023-04-14T21:30:27","date_gmt":"2023-04-15T00:30:27","guid":{"rendered":"https:\/\/vocesparalelas.com.ar\/sitio\/?p=58082"},"modified":"2023-04-18T01:27:44","modified_gmt":"2023-04-18T04:27:44","slug":"capacitacion-2023-de-san-juan-canta","status":"publish","type":"post","link":"https:\/\/vocesparalelas.com.ar\/sitio\/capacitacion-2023-de-san-juan-canta\/","title":{"rendered":"Capacitaci\u00f3n 2023 de \u201cSan Juan Canta\u201d"},"content":{"rendered":"<p>El festival \u201cSan Juan Canta\u201d invita a participar de talleres de capacitaci\u00f3n que se brindar\u00e1n en el marco de la edici\u00f3n 2023. Los mismos tendr\u00e1n como tem\u00e1tica coros escolares y musicograf\u00eda braille.<\/p>\n<ul>\n<li>Del 15 al 17 de junio se dictar\u00e1 el \u201cTaller de Coros Escolares\u201d, a cargo de Liliana S\u00e1nchez y Ricardo Mansilla.<\/li>\n<li>18 de junio est\u00e1 previsto el \u201cTaller introductorio de musicograf\u00eda braille\u201d, dictado por Eduardo Sasia\u00edn Huertas.<\/li>\n<\/ul>\n<p>Ambas propuestas tienen abiertas sus inscripciones hasta el 10 de junio y los interesados pueden registrarse a trav\u00e9s de este enlace<\/p>\n<p><a href=\"https:\/\/sisanjuan.gob.ar\/sanjuancanta.com.ar\">https:\/\/sisanjuan.gob.ar\/sanjuancanta.com.ar<\/a><\/p>\n<p>&nbsp;<\/p>\n<p><img loading=\"lazy\" decoding=\"async\" class=\"alignnone size-large wp-image-58085\" src=\"https:\/\/vocesparalelas.com.ar\/sitio\/wp-content\/uploads\/2023\/04\/TALLER-01-800x800.jpg\" alt=\"\" width=\"800\" height=\"800\" srcset=\"https:\/\/vocesparalelas.com.ar\/sitio\/wp-content\/uploads\/2023\/04\/TALLER-01.jpg 800w, https:\/\/vocesparalelas.com.ar\/sitio\/wp-content\/uploads\/2023\/04\/TALLER-01-300x300.jpg 300w, https:\/\/vocesparalelas.com.ar\/sitio\/wp-content\/uploads\/2023\/04\/TALLER-01-150x150.jpg 150w, https:\/\/vocesparalelas.com.ar\/sitio\/wp-content\/uploads\/2023\/04\/TALLER-01-768x768.jpg 768w\" sizes=\"auto, (max-width: 800px) 100vw, 800px\" \/><\/p>\n<p>&nbsp;<\/p>\n<p>\u201cSan Juan Canta\u201d es un Concurso y Festival Internacional de Coros con 9 a\u00f1os de trayectoria, que se realizar\u00e1 del 15 al 20 de junio. Este a\u00f1o, el evento fue declarado de Inter\u00e9s Cultural al ser seleccionado en el marco de la Ley de Mecenazgo.<\/p>\n<p><img loading=\"lazy\" decoding=\"async\" class=\"alignnone size-large wp-image-58086\" src=\"https:\/\/vocesparalelas.com.ar\/sitio\/wp-content\/uploads\/2023\/04\/TALLER-02-800x800.jpg\" alt=\"\" width=\"800\" height=\"800\" srcset=\"https:\/\/vocesparalelas.com.ar\/sitio\/wp-content\/uploads\/2023\/04\/TALLER-02.jpg 800w, https:\/\/vocesparalelas.com.ar\/sitio\/wp-content\/uploads\/2023\/04\/TALLER-02-300x300.jpg 300w, https:\/\/vocesparalelas.com.ar\/sitio\/wp-content\/uploads\/2023\/04\/TALLER-02-150x150.jpg 150w, https:\/\/vocesparalelas.com.ar\/sitio\/wp-content\/uploads\/2023\/04\/TALLER-02-768x768.jpg 768w\" sizes=\"auto, (max-width: 800px) 100vw, 800px\" \/><\/p>\n<p>Con esta acci\u00f3n, el Gobierno de San Juan, a trav\u00e9s del Ministerio de Turismo y Cultura, estimula e incentiva la participaci\u00f3n privada en el financiamiento de proyectos culturales. Adem\u00e1s, contribuye a unir esfuerzos p\u00fablicos y privados para aumentar la creaci\u00f3n de bienes culturales y promover un acceso m\u00e1s amplio y democr\u00e1tico a su producci\u00f3n y recepci\u00f3n.<\/p>\n<p>En la primera convocatoria de proyectos, realizada en el 2022, hubo m\u00e1s de 80 presentaciones de los cuales fueron declarados de inter\u00e9s cultural 45, lo que significa un financiamiento total de $ 63.212.023,12.<\/p>\n<p>Del total, 36 proyectos cuentan ya con patrocinio, tal es el caso de \u201cSan Juan Canta 2023\u201d, posicionando a San Juan como una provincia precursora en materia de financiamiento colaborativo.<\/p>\n","protected":false},"excerpt":{"rendered":"<p>El festival \u201cSan Juan Canta\u201d invita a participar de talleres de capacitaci\u00f3n que se brindar\u00e1n en el marco de la<\/p>\n","protected":false},"author":3,"featured_media":44512,"comment_status":"closed","ping_status":"closed","sticky":false,"template":"","format":"standard","meta":{"_acf_changed":false,"_seopress_robots_primary_cat":"none","_seopress_titles_title":"","_seopress_titles_desc":"","_seopress_robots_index":"","colormag_page_container_layout":"default_layout","colormag_page_sidebar_layout":"default_layout","footnotes":""},"categories":[9],"tags":[],"class_list":["post-58082","post","type-post","status-publish","format-standard","has-post-thumbnail","hentry","category-cursos"],"acf":[],"_links":{"self":[{"href":"https:\/\/vocesparalelas.com.ar\/sitio\/wp-json\/wp\/v2\/posts\/58082","targetHints":{"allow":["GET"]}}],"collection":[{"href":"https:\/\/vocesparalelas.com.ar\/sitio\/wp-json\/wp\/v2\/posts"}],"about":[{"href":"https:\/\/vocesparalelas.com.ar\/sitio\/wp-json\/wp\/v2\/types\/post"}],"author":[{"embeddable":true,"href":"https:\/\/vocesparalelas.com.ar\/sitio\/wp-json\/wp\/v2\/users\/3"}],"replies":[{"embeddable":true,"href":"https:\/\/vocesparalelas.com.ar\/sitio\/wp-json\/wp\/v2\/comments?post=58082"}],"version-history":[{"count":1,"href":"https:\/\/vocesparalelas.com.ar\/sitio\/wp-json\/wp\/v2\/posts\/58082\/revisions"}],"predecessor-version":[{"id":58087,"href":"https:\/\/vocesparalelas.com.ar\/sitio\/wp-json\/wp\/v2\/posts\/58082\/revisions\/58087"}],"wp:featuredmedia":[{"embeddable":true,"href":"https:\/\/vocesparalelas.com.ar\/sitio\/wp-json\/wp\/v2\/media\/44512"}],"wp:attachment":[{"href":"https:\/\/vocesparalelas.com.ar\/sitio\/wp-json\/wp\/v2\/media?parent=58082"}],"wp:term":[{"taxonomy":"category","embeddable":true,"href":"https:\/\/vocesparalelas.com.ar\/sitio\/wp-json\/wp\/v2\/categories?post=58082"},{"taxonomy":"post_tag","embeddable":true,"href":"https:\/\/vocesparalelas.com.ar\/sitio\/wp-json\/wp\/v2\/tags?post=58082"}],"curies":[{"name":"wp","href":"https:\/\/api.w.org\/{rel}","templated":true}]}}