{"id":58033,"date":"2023-04-13T21:13:11","date_gmt":"2023-04-14T00:13:11","guid":{"rendered":"https:\/\/vocesparalelas.com.ar\/sitio\/?p=58033"},"modified":"2023-04-13T23:13:31","modified_gmt":"2023-04-14T02:13:31","slug":"la-camara-de-diputados-de-san-juan-finalizo-la-primera-sesion-del-periodo-ordinario-2023","status":"publish","type":"post","link":"https:\/\/vocesparalelas.com.ar\/sitio\/la-camara-de-diputados-de-san-juan-finalizo-la-primera-sesion-del-periodo-ordinario-2023\/","title":{"rendered":"La C\u00e1mara de Diputados de San Juan finaliz\u00f3 la Primera Sesi\u00f3n del Per\u00edodo Ordinario 2023"},"content":{"rendered":"<div class=\"itemFullText jbintrotext\">\n<p>La C\u00e1mara de Diputados de San Juan retom\u00f3 la continuidad luego del cuarto intermedio producido el pasado 3 de Abril de 2023 y finaliz\u00f3 el Jueves, 13 de Abril la Primera Sesi\u00f3n del per\u00edodo ordinario en cuyo transcurso, entre otros temas, fueron designadas las autoridades y quedaron como Vicepresidentes 1\u00b0 Eduardo Cabello; 2\u00b0 Carlos Platero y alterno, Andr\u00e9s Chanampa; fueron integradas las Salas Acusadora y Juzgadora y aceptaron la renuncia de tres jueces.<\/p>\n<\/div>\n<div class=\"itemFullText\">\n<p>La sesi\u00f3n fue conducida por el vicegobernador y presidente nato de la C\u00e1mara de Diputados, CPN Roberto Gattoni, acompa\u00f1ado por los secretarios Legislativo, Dr. Nicol\u00e1s Alvo y Administrativo, Lic. Roberto Iglesias.<\/p>\n<p><span style=\"color: #800080;\"><strong>Salas Acusadora y Juzgadora<\/strong><\/span><\/p>\n<p>Tras la designaci\u00f3n de las autoridades y la jura correspondiente, fueron integradas las Salas Acusadora y Juzgadora, a los fines de la tramitaci\u00f3n del Juicio Pol\u00edtico y fue nombrada la Comisi\u00f3n investigadora de la Sala Acusadora<\/p>\n<p>En tal sentido, la Sala Acusadora qued\u00f3 conformada por los siguientes legisladores y legisladoras: Celina Ramella (presidenta), Horacio Quiroga, Gustavo Us\u00edn, Silvio Atencio, Juan Carlos Gioja, Carlos Jaime, Enrique Monta\u00f1o, Andr\u00e9s Chanampa, Rub\u00e9n Carri\u00f3n, Sergio Miodowsky, Jos\u00e9 Luis Esteve, Marcela Quiroga, Jorge Barifusa, Juan Manuel Roca, Marcela Monti, Mauro Marinero, Florencia Pe\u00f1aloza y Francisco Berenguer.<\/p>\n<p>Mientras que la Sala Juzgadora estar\u00e1 integrada por los siguientes diputados y diputadas: Juan Carlos Abarca (presidente), Eduardo Cabello,\u00a0 Juan Jos\u00e9 Chica, Lic. Leonardo Gioja, Enzo Cornejo, Federico Hensel, Rodolfo Jalife, Marcelo Mallea, Alfredo Sim\u00f3n Ortiz, Dra. Nancy Pic\u00f3n, Lic. Graciela Seva, Fernanda Paredes, Miguel N\u00fa\u00f1ez, Dr. Edgardo Sancassani, Gustavo Rodr\u00edguez, Carlos Platero y Mario Romero.<\/p>\n<p>Por \u00faltimo, integrar\u00e1n la Comisi\u00f3n Investigadora los legisladores: Rub\u00e9n Carri\u00f3n, Juan Carlos Gioja, Jos\u00e9 Luis Esteve y las diputadas Marcela Quiroga y Marcela Monti.<\/p>\n<p><span style=\"color: #800080;\"><strong>Representantes ante el EPRE<\/strong><\/span><\/p>\n<p>Luego fueron designados los diputados que representar\u00e1n al cuerpo ante las audiencias p\u00fablicas que sean convocadas por el Ente Provincial Regulador de la Electricidad &#8211; EPRE &#8211; y en este sentido fueron elegidos como miembros titulares: Arq. Jorge Barifusa y Jos\u00e9 Luis Esteve y como suplente, Juan Manuel Roca.<\/p>\n<p><span style=\"color: #800080;\"><strong>Violencia Familiar<\/strong><\/span><\/p>\n<p>Luego, fueron designados cuatro miembros titulares y dos suplentes para integrar el \u00d3rgano Coordinador Provincial de la Problem\u00e1tica de la Violencia Familiar \u2013 Ley N\u00b0 989-E, y al respecto resultaron elegidos como titulares: Federico Hensel, Dra. Nancy Pic\u00f3n, Marcelo Mallea y Lic. Graciela Seva y como suplentes Dra. Fernanda Paredes y Marcela Quiroga.<\/p>\n<p><span style=\"color: #800080;\"><strong>Renuncia de jueces<\/strong><\/span><\/p>\n<p>Posteriormente, el cuerpo legislativo, sobre tablas, acept\u00f3 las respectivas comunicaciones oficiales remitidas por el Poder Judicial que informaban acerca de las renuncias al cargo de Jueza de Primera Instancia de la abogada Margarita Rosa Camus; al cargo de Juez de C\u00e1mara del abogado Oscar Roberto Oti\u00f1ano y al cargo de Jueza de Paz de la abogada Fabiana Beatriz Piscitello.<\/p>\n<p>Asimismo, fue declarado de inter\u00e9s social y cultural el premio Mercurio de Oro a la Popularidad, en el marco de su edici\u00f3n N\u00b0 52.<\/p>\n<p><span style=\"color: #800080;\"><strong>Comunicaciones Oficiales a las Comisiones<\/strong><\/span><\/p>\n<p>Por otra parte, tomar\u00e1n estado parlamentario en la presente sesi\u00f3n y ser\u00e1n derivados a las respectivas comisiones, los siguientes Mensajes y proyectos de Ley remitidos por el Poder Ejecutivo, que proponen:<\/p>\n<ul>\n<li>Aprobar el acuerdo marco celebrado entre la provincia de San Juan y el Correo Oficial de la Rep\u00fablica Argentina S.A.;<\/li>\n<li>Establecer principios, instrumentos y recursos para el fomento de la eficiencia en la gesti\u00f3n h\u00eddrica y uso sostenible del agua en la provincia;<\/li>\n<li>Aprobar el convenio de adhesi\u00f3n al Sistema Autom\u00e1tico del Circuito de Identificaci\u00f3n suscripto entre el Ministerio de Seguridad de la Naci\u00f3n y la provincia de San Juan;<\/li>\n<li>Aprobar el convenio de Colaboraci\u00f3n en la Prevenci\u00f3n e Investigaci\u00f3n de Delitos Econ\u00f3micos, suscripto entre el Ministerio de Seguridad de la Naci\u00f3n y la provincia de San Juan;<\/li>\n<li>Imponer el nombre Escuela Nivel Primario \u00abBandera Ciudadana\u00bb a la Escuela \u00abJuan Jos\u00e9 Castelli\u00bb, turno tarde, departamento Rivadavia;<\/li>\n<li>Imponer el nombre de Escuela \u00abGendarme Argentino\u00bb a la Escuela \u00abGral. Mariano Bartolom\u00e9 Carreras\u00bb, turno tarde, departamento Rivadavia;<\/li>\n<li>Imponer el nombre de Escuela de Educaci\u00f3n Especial \u00abCristo de la Quebrada\u00bb a la Escuela de Educaci\u00f3n M\u00faltiple de los Berros, departamento Sarmiento;<\/li>\n<li>Establecer los ejes y lineamientos del plan estrat\u00e9gico PESJ de la provincia de San Juan;<\/li>\n<li>Aprobar el convenio marco de cooperaci\u00f3n suscripta entre el Ministerio de Seguridad de la provincia de Catamarca y la Secretar\u00eda de Estado de Seguridad y Orden P\u00fablico;<\/li>\n<li>Aprobar el acta complementaria N\u00b0 1 del convenio marco de cooperaci\u00f3n y colaboraci\u00f3n suscripto entre el Ministerio de Justicia y Derechos Humanos de la Naci\u00f3n y la Secretar\u00eda de Estado de Seguridad y Orden P\u00fablico;<\/li>\n<li>Aprobar el convenio marco de adhesi\u00f3n y el Anexo suscripto entre la Secretar\u00eda de Provincias del Ministerio del Interior de la Naci\u00f3n y la provincia de San Juan;<\/li>\n<li>Aprobar la Adenda III al convenio suscripto entre el Ministerio de Transporte de la Naci\u00f3n y la provincia de San Juan;<\/li>\n<li>aprobar el acta acuerdo suscripta entre la Direcci\u00f3n Nacional de Vialidad y la provincia de San Juan;<\/li>\n<li>aprobar el convenio N\u00b0 10\/2022 y sus Anexos I, II, III, IV y V suscriptos entre la Secretar\u00eda de Agricultura, Ganader\u00eda y Pesca del Ministerio de Econom\u00eda de la Naci\u00f3n, y la provincia de San Juan;<\/li>\n<li>aprobar el convenio de subvenci\u00f3n y Anexo I suscripto entre el Ministerio de Ciencia, Tecnolog\u00eda e Innovaci\u00f3n de la Naci\u00f3n, la Secretar\u00eda de Estado de Ciencia, Tecnolog\u00eda e Innovaci\u00f3n y la Universidad Cat\u00f3lica de Cuyo;<\/li>\n<li>aprobar el acta acuerdo suscripta entre la Direcci\u00f3n Nacional de Vialidad y el Gobierno de la provincia de San Juan.<\/li>\n<li>aprobar el convenio marco de asistencia y cooperaci\u00f3n y actas complementarias N\u00b0 I y II suscriptos por el Ministerio de Gobierno de la provincia y la Direcci\u00f3n Nacional del Registro Nacional de las Personas;<\/li>\n<li>aprobar los convenios \u00abPrograma Federal de Acciones Sustentables para Actividades Productivas\u00bb, \u00abCr\u00e9ditos CFI para el Sector de Software de San Juan\u00bb y \u00abCr\u00e9ditos CFI para Riego y Eficiencia H\u00eddrica\u00bb, todos suscriptos por la provincia de San Juan y el Consejo Federal de Inversiones;<\/li>\n<li>aprobar el convenio permiso de uso con compromiso de compra Agencia de Administraci\u00f3n de Bienes del Estado, suscripto entre la AABE y la provincia de San Juan;<\/li>\n<li>aprobar el convenio para la formaci\u00f3n del Centro de An\u00e1lisis Integral de la Informaci\u00f3n sobre Delitos y Violaciones suscripto entre el Ministerio de Seguridad de la Naci\u00f3n y la Secretar\u00eda de Estado de Seguridad y Orden P\u00fablico de la provincia;<\/li>\n<li>ratificar el convenio de asistencia financiera suscripto entre el Instituto Nacional de Juventudes y el Ministerio de Desarrollo Humano y Promoci\u00f3n Social de la provincia de San Juan;<\/li>\n<li>aprobar el acuerdo de cooperaci\u00f3n suscripto entre la Polic\u00eda de Seguridad Aeroportuaria y la Polic\u00eda de la provincia de San Juan.<\/li>\n<li>aprobar el convenio de bonificaci\u00f3n de tasas de inter\u00e9s suscripto entre la provincia de San Juan y el Banco de la Naci\u00f3n Argentina &#8211; Vendimia 2022 y Anexo I;<\/li>\n<li>aprobar el convenio de colaboraci\u00f3n y asistencia t\u00e9cnica suscripta entre la Agencia Nacional de Materiales Controlados y la Secretar\u00eda de Estado de Seguridad y Orden P\u00fablico;<\/li>\n<li>aprobar el convenio marco de cooperaci\u00f3n suscripto entre el Gobierno de la provincia de San Juan y la Administraci\u00f3n Nacional de Aviaci\u00f3n Civil (A.N.A.C.);<\/li>\n<li>aprobar el convenio N\u00b0 55\/2022 suscripto entre la Secretar\u00eda de Agricultura, Ganader\u00eda y Pesca del Ministerio de Econom\u00eda de la Naci\u00f3n y la provincia de San Juan;<\/li>\n<li>aprobar el convenio y sus anexos I y II suscriptos entre la Secretar\u00eda de aprueban tres convenios suscriptos entre la provincia de San Juan y el Banco San Juan S.A.;<\/li>\n<li>aprobar el convenio y sus anexos I y II suscriptos entre la Secretar\u00eda de Innovaci\u00f3n P\u00fablica y el Gobierno de la provincia de San Juan;<\/li>\n<li>donar al Instituto Provincial de la Vivienda un inmueble, N.C. N\u00b0 01-23-840400;<\/li>\n<li>informar sobre las proyecciones de presupuestos plurianuales de la provincia de San Juan.<\/li>\n<\/ul>\n<p><strong><span style=\"color: #800080;\">Tambi\u00e9n ser\u00e1n derivadas las enviadas por otros organismos, como las siguientes:<\/span><\/strong><\/p>\n<ul>\n<li>Comunicaci\u00f3n Oficial remitida por el Secretario General de la Gobernaci\u00f3n por la que se remiten copias de la rendici\u00f3n de cuentas integral sobre el estado y evoluci\u00f3n del Fondo de Reserva Antic\u00edclico presentado por el Banco San Juan S.A., correspondiente al tercer trimestre del a\u00f1o 2022;<\/li>\n<li>Comunicaci\u00f3n Oficial remitida por el Secretario General de la Gobernaci\u00f3n por la que se remiten copias de la rendici\u00f3n de cuentas integral sobre el estado y evoluci\u00f3n del Fondo de Reserva Antic\u00edclico presentado por el Banco San Juan S.A., correspondiente al segundo trimestre del a\u00f1o 2022;<\/li>\n<li>Comunicaci\u00f3n Oficial presentada por Escriban\u00eda Mayor de Gobierno por la que da noticia de la confecci\u00f3n de escritura de subdivisi\u00f3n parcelaria solicitada por el Estado Provincial y afectaci\u00f3n a favor del Poder Judicial.<\/li>\n<\/ul>\n<p><span style=\"color: #800080;\"><strong>Proyectos que ser\u00e1n girados a las Comisiones<\/strong><\/span><\/p>\n<p>En tal sentido, los legisladores remitir\u00e1n a estudio y an\u00e1lisis de las respectivas comisiones, los siguientes proyectos de Ley que proponen:<\/p>\n<ul>\n<li>la colocaci\u00f3n de juegos adaptados a ni\u00f1os con discapacidad en plazas y parques p\u00fablicos. (bloque Producci\u00f3n y Trabajo);<\/li>\n<li>la creaci\u00f3n de la \u00abAPP NO ES NO\u00bb. (bloque Producci\u00f3n y Trabajo);<\/li>\n<li>la adhesi\u00f3n a la Ley Nacional N\u00b0 23.184 que establece un R\u00e9gimen Penal y Contravencional para la Prevenci\u00f3n y Represi\u00f3n de la Violencia en Espect\u00e1culos Deportivos. (bloque Bloquista);<\/li>\n<li>la adhesi\u00f3n a la Ley N\u00ba 27636 sobre \u00abPromoci\u00f3n del acceso al empleo formal para personas travestis, transexuales y transg\u00e9neros &#8211; Diana Sacay\u00e1n &#8211; Lohana Berkins\u00bb. (bloque Justicialista);<\/li>\n<li>instituir el uso e implementaci\u00f3n de la \u00abcredencial violeta\u00bb a todas las mujeres y personas LGTBIQ+, v\u00edctimas de violencia de g\u00e9nero que cuenten con medidas de protecci\u00f3n vigentes. (bloque Justicialista);<\/li>\n<li>instituir el d\u00eda provincial de la conciencia para promover la cultura de la Paz. (bloque Justicialista);<\/li>\n<li>declarar patrimonio hist\u00f3rico y cultural la colecci\u00f3n de olivo \u00abDante Floreal M\u00e1rsico\u00bb. (bloque Justicialista);<\/li>\n<li>declarar bien integrante del patrimonio cultural y Natural a los \u00abOlivos de la Mesada\u00bb. (bloque Justicialista);<\/li>\n<li>modificar la Ley N\u00b0 941-R, C\u00f3digo de Faltas de la Provincia de San Juan. (bloque Bloquista);<\/li>\n<li>disponer la capacitaci\u00f3n y acompa\u00f1amiento a mujeres empresarias o en puestos de direcci\u00f3n o jerarqu\u00eda. (bloque Producci\u00f3n y Trabajo);<\/li>\n<li>la creaci\u00f3n del Circuito Tur\u00edstico Hist\u00f3rico Provincial denominado \u00abRuta de los Terremotos Sanjuaninos\u00bb. (bloque Justicialista);<\/li>\n<li>incluir en los contenidos vertidos en los ejes transversales derechos humanos y educaci\u00f3n para la paz, la exhibici\u00f3n de la pel\u00edcula \u00abArgentina 1985\u00bb. (bloque Justicialista);<\/li>\n<li>disponer que los sitios web de los municipios pongan a disposici\u00f3n un lugar para publicar comercios locales. (bloque Producci\u00f3n y Trabajo);<\/li>\n<li>consolidar las leyes sancionadas y publicadas en el a\u00f1o 2022. (Comisi\u00f3n Permanente);<\/li>\n<li>modificar la Ley N\u00b0 898-D, C\u00f3digo Provincial de Implementaci\u00f3n de los Derechos de los Consumidores y Usuarios. (bloque Bloquista).<\/li>\n<\/ul>\n<p>Por otra parte, enviar\u00e1n a las comisiones el proyecto de Resoluci\u00f3n autor\u00eda del bloque Justicialista por el que propone declarar de inter\u00e9s el programa televisivo \u00abCultura Inquieta\u00bb.<\/p>\n<p>Finalmente, tambi\u00e9n ser\u00e1 girado a las comisiones el proyecto de Comunicaci\u00f3n del bloque Bloquista por el que solicita a los legisladores nacionales representantes de la provincia que presenten un proyecto de ley que declare a la telefon\u00eda m\u00f3vil como servicio p\u00fablico.<\/p>\n<\/div>\n","protected":false},"excerpt":{"rendered":"<p>La C\u00e1mara de Diputados de San Juan retom\u00f3 la continuidad luego del cuarto intermedio producido el pasado 3 de Abril<\/p>\n","protected":false},"author":3,"featured_media":58036,"comment_status":"closed","ping_status":"closed","sticky":false,"template":"","format":"standard","meta":{"_acf_changed":false,"_seopress_robots_primary_cat":"none","_seopress_titles_title":"","_seopress_titles_desc":"","_seopress_robots_index":"","colormag_page_container_layout":"default_layout","colormag_page_sidebar_layout":"default_layout","footnotes":""},"categories":[1],"tags":[],"class_list":["post-58033","post","type-post","status-publish","format-standard","has-post-thumbnail","hentry","category-destacadas"],"acf":[],"_links":{"self":[{"href":"https:\/\/vocesparalelas.com.ar\/sitio\/wp-json\/wp\/v2\/posts\/58033","targetHints":{"allow":["GET"]}}],"collection":[{"href":"https:\/\/vocesparalelas.com.ar\/sitio\/wp-json\/wp\/v2\/posts"}],"about":[{"href":"https:\/\/vocesparalelas.com.ar\/sitio\/wp-json\/wp\/v2\/types\/post"}],"author":[{"embeddable":true,"href":"https:\/\/vocesparalelas.com.ar\/sitio\/wp-json\/wp\/v2\/users\/3"}],"replies":[{"embeddable":true,"href":"https:\/\/vocesparalelas.com.ar\/sitio\/wp-json\/wp\/v2\/comments?post=58033"}],"version-history":[{"count":1,"href":"https:\/\/vocesparalelas.com.ar\/sitio\/wp-json\/wp\/v2\/posts\/58033\/revisions"}],"predecessor-version":[{"id":58037,"href":"https:\/\/vocesparalelas.com.ar\/sitio\/wp-json\/wp\/v2\/posts\/58033\/revisions\/58037"}],"wp:featuredmedia":[{"embeddable":true,"href":"https:\/\/vocesparalelas.com.ar\/sitio\/wp-json\/wp\/v2\/media\/58036"}],"wp:attachment":[{"href":"https:\/\/vocesparalelas.com.ar\/sitio\/wp-json\/wp\/v2\/media?parent=58033"}],"wp:term":[{"taxonomy":"category","embeddable":true,"href":"https:\/\/vocesparalelas.com.ar\/sitio\/wp-json\/wp\/v2\/categories?post=58033"},{"taxonomy":"post_tag","embeddable":true,"href":"https:\/\/vocesparalelas.com.ar\/sitio\/wp-json\/wp\/v2\/tags?post=58033"}],"curies":[{"name":"wp","href":"https:\/\/api.w.org\/{rel}","templated":true}]}}