{"id":58027,"date":"2023-04-13T21:53:17","date_gmt":"2023-04-14T00:53:17","guid":{"rendered":"https:\/\/vocesparalelas.com.ar\/sitio\/?p=58027"},"modified":"2023-04-13T22:21:08","modified_gmt":"2023-04-14T01:21:08","slug":"sesion-anual-ordinaria-de-la-asamblea-universitaria-de-la-unsj","status":"publish","type":"post","link":"https:\/\/vocesparalelas.com.ar\/sitio\/sesion-anual-ordinaria-de-la-asamblea-universitaria-de-la-unsj\/","title":{"rendered":"Sesi\u00f3n Anual Ordinaria de la Asamblea Universitaria de la UNSJ"},"content":{"rendered":"<p>De acuerdo a lo resuelto por el Consejo Superior de la Universidad Nacional de San Juan realiza su Sesi\u00f3n Anual Ordinaria de la Asamblea Universitaria, el Jueves, 11 de Mayo de 2023, desde las 8.30 hs. en primera citaci\u00f3n y 9 hs en segunda, en el sal\u00f3n principal del Edificio Central de la UNSJ, Mitre y Jujuy, Capital.<\/p>\n<p>El orden del d\u00eda de la Asamblea dispone, en primer t\u00e9rmino, la elecci\u00f3n de dos Asamble\u00edstas para la firma del Acta, conjuntamente con el Presidente y la Secretaria de la Asamblea Universitaria.<\/p>\n<p>Adem\u00e1s, contempla el Informe del Rector de la UNSJ acerca de la labor llevada a cabo por la Universidad en el \u00faltimo a\u00f1o acad\u00e9mico, Memoria Anual periodo Abril 2022 \u2013 Marzo 2023 y planes futuros.<\/p>\n<p><img loading=\"lazy\" decoding=\"async\" class=\"alignnone size-full wp-image-53945\" src=\"https:\/\/vocesparalelas.com.ar\/sitio\/wp-content\/uploads\/2022\/10\/UNSJ-LOGO-50-FINAL.jpg\" alt=\"\" width=\"800\" height=\"476\" srcset=\"https:\/\/vocesparalelas.com.ar\/sitio\/wp-content\/uploads\/2022\/10\/UNSJ-LOGO-50-FINAL.jpg 800w, https:\/\/vocesparalelas.com.ar\/sitio\/wp-content\/uploads\/2022\/10\/UNSJ-LOGO-50-FINAL-300x179.jpg 300w, https:\/\/vocesparalelas.com.ar\/sitio\/wp-content\/uploads\/2022\/10\/UNSJ-LOGO-50-FINAL-768x457.jpg 768w\" sizes=\"auto, (max-width: 800px) 100vw, 800px\" \/><\/p>\n<p><img loading=\"lazy\" decoding=\"async\" class=\"alignnone size-full wp-image-54035\" src=\"https:\/\/vocesparalelas.com.ar\/sitio\/wp-content\/uploads\/2022\/11\/UNSJ-LOGO-10.jpg\" alt=\"\" width=\"800\" height=\"533\" srcset=\"https:\/\/vocesparalelas.com.ar\/sitio\/wp-content\/uploads\/2022\/11\/UNSJ-LOGO-10.jpg 800w, https:\/\/vocesparalelas.com.ar\/sitio\/wp-content\/uploads\/2022\/11\/UNSJ-LOGO-10-300x200.jpg 300w, https:\/\/vocesparalelas.com.ar\/sitio\/wp-content\/uploads\/2022\/11\/UNSJ-LOGO-10-768x512.jpg 768w\" sizes=\"auto, (max-width: 800px) 100vw, 800px\" \/><\/p>\n<p>&nbsp;<\/p>\n<p>&nbsp;<\/p>\n","protected":false},"excerpt":{"rendered":"<p>De acuerdo a lo resuelto por el Consejo Superior de la Universidad Nacional de San Juan realiza su Sesi\u00f3n Anual<\/p>\n","protected":false},"author":3,"featured_media":39681,"comment_status":"closed","ping_status":"closed","sticky":false,"template":"","format":"standard","meta":{"_acf_changed":false,"_seopress_robots_primary_cat":"none","_seopress_titles_title":"","_seopress_titles_desc":"","_seopress_robots_index":"","colormag_page_container_layout":"default_layout","colormag_page_sidebar_layout":"default_layout","footnotes":""},"categories":[1],"tags":[],"class_list":["post-58027","post","type-post","status-publish","format-standard","has-post-thumbnail","hentry","category-destacadas"],"acf":[],"_links":{"self":[{"href":"https:\/\/vocesparalelas.com.ar\/sitio\/wp-json\/wp\/v2\/posts\/58027","targetHints":{"allow":["GET"]}}],"collection":[{"href":"https:\/\/vocesparalelas.com.ar\/sitio\/wp-json\/wp\/v2\/posts"}],"about":[{"href":"https:\/\/vocesparalelas.com.ar\/sitio\/wp-json\/wp\/v2\/types\/post"}],"author":[{"embeddable":true,"href":"https:\/\/vocesparalelas.com.ar\/sitio\/wp-json\/wp\/v2\/users\/3"}],"replies":[{"embeddable":true,"href":"https:\/\/vocesparalelas.com.ar\/sitio\/wp-json\/wp\/v2\/comments?post=58027"}],"version-history":[{"count":1,"href":"https:\/\/vocesparalelas.com.ar\/sitio\/wp-json\/wp\/v2\/posts\/58027\/revisions"}],"predecessor-version":[{"id":58030,"href":"https:\/\/vocesparalelas.com.ar\/sitio\/wp-json\/wp\/v2\/posts\/58027\/revisions\/58030"}],"wp:featuredmedia":[{"embeddable":true,"href":"https:\/\/vocesparalelas.com.ar\/sitio\/wp-json\/wp\/v2\/media\/39681"}],"wp:attachment":[{"href":"https:\/\/vocesparalelas.com.ar\/sitio\/wp-json\/wp\/v2\/media?parent=58027"}],"wp:term":[{"taxonomy":"category","embeddable":true,"href":"https:\/\/vocesparalelas.com.ar\/sitio\/wp-json\/wp\/v2\/categories?post=58027"},{"taxonomy":"post_tag","embeddable":true,"href":"https:\/\/vocesparalelas.com.ar\/sitio\/wp-json\/wp\/v2\/tags?post=58027"}],"curies":[{"name":"wp","href":"https:\/\/api.w.org\/{rel}","templated":true}]}}