{"id":58016,"date":"2023-04-17T20:26:26","date_gmt":"2023-04-17T23:26:26","guid":{"rendered":"https:\/\/vocesparalelas.com.ar\/sitio\/?p=58016"},"modified":"2023-04-19T19:17:11","modified_gmt":"2023-04-19T22:17:11","slug":"presentaron-avances-en-estudio-sobre-suicidios-en-san-juan","status":"publish","type":"post","link":"https:\/\/vocesparalelas.com.ar\/sitio\/presentaron-avances-en-estudio-sobre-suicidios-en-san-juan\/","title":{"rendered":"Presentaron avances en estudio sobre suicidios en San Juan"},"content":{"rendered":"<p>La Facultad de Filosof\u00eda y Humanidades de la Universidad Cat\u00f3lica de Cuyo present\u00f3 a la Fiscal\u00eda General del Poder Judicial, el primer informe de avance del Proyecto de Investigaci\u00f3n \u201cPerfil psico bio socio demogr\u00e1fico de personas fallecidas por suicidio: un estudio exploratorio en vistas a la autopsia psicol\u00f3gica\u201d.<\/p>\n<p>Este proyecto se viene desarrollando desde el 1 de marzo de 2021, a cargo de un equipo de investigadoras de la unidad acad\u00e9mica mencionada y abarc\u00f3 el estudio de 141 casos que incluyen 8 menores, suicidios consumados en la provincia de San Juan en un lapso de 1 a\u00f1o y 10 meses y contin\u00faa en ejecuci\u00f3n hasta la presentaci\u00f3n de su informe final.<\/p>\n<p>Se trata de una muestra intencional, ya que son expedientes recepcionados por el Ministerio P\u00fablico Fiscal del Poder Judicial de la provincia, de los a\u00f1os 2021 y 2022.<\/p>\n<p>La presentaci\u00f3n se realiz\u00f3 en el Aula Magna Mons. Manfredi y estuvo a cargo de la directora y co directora del Proyecto, mag\u00edsteres Laura Pizarro y Mar\u00eda Eugenia Moreno, conjuntamente con la decana de la Facultad, Lic. Beatriz Farah que conforman el equipo de investigaci\u00f3n. En el encuentro presentaron lo investigado y entregaron cuatro copias impresas del Informe al Fiscal General, Dr. Eduardo Quattropani y su equipo de fiscales.<\/p>\n<p>Participan tambi\u00e9n de este trabajo otros profesionales de la Facultad, entre ellas la Dra. Cecilia Petrella, directora de la Lic. en Psicolog\u00eda y las licenciadas Graciela Nebro, Ana Mejivar, Mar\u00eda Celia Grattarola, Magdalena Aguilera y Roc\u00edo Bertagna.<\/p>\n<figure id=\"attachment_58019\" aria-describedby=\"caption-attachment-58019\" style=\"width: 800px\" class=\"wp-caption alignnone\"><img loading=\"lazy\" decoding=\"async\" class=\"wp-image-58019 size-full\" src=\"https:\/\/vocesparalelas.com.ar\/sitio\/wp-content\/uploads\/2023\/04\/UCCUYO-02.jpg\" alt=\"\" width=\"800\" height=\"435\" srcset=\"https:\/\/vocesparalelas.com.ar\/sitio\/wp-content\/uploads\/2023\/04\/UCCUYO-02.jpg 800w, https:\/\/vocesparalelas.com.ar\/sitio\/wp-content\/uploads\/2023\/04\/UCCUYO-02-300x163.jpg 300w, https:\/\/vocesparalelas.com.ar\/sitio\/wp-content\/uploads\/2023\/04\/UCCUYO-02-768x418.jpg 768w\" sizes=\"auto, (max-width: 800px) 100vw, 800px\" \/><figcaption id=\"caption-attachment-58019\" class=\"wp-caption-text\">Equipo de investigaci\u00f3n de la Facultad de Filosof\u00eda y Humanidades de la Universidad Cat\u00f3lica de Cuyo<\/figcaption><\/figure>\n<p>La investigaci\u00f3n realizada aport\u00f3 a la fiscal\u00eda datos que permiten identificar caracter\u00edsticas sociodemogr\u00e1ficas, factores psicol\u00f3gicos-familiares, campo suicidol\u00f3gico y caracter\u00edsticas biol\u00f3gicas; describir el m\u00e9todo empleado y asociarlo con factores sociodemogr\u00e1ficos; analizar informaci\u00f3n complementaria cualitativa determinando factores desencadenantes, multicausalidad suicida; evaluar factores de riesgo e identificar informantes claves en el proceso, niveles de registro y asistencia, a la luz de la legislaci\u00f3n existente.<\/p>\n<p>Este trabajo de investigaci\u00f3n se fij\u00f3 como objetivo general describir el perfil psico-biosocio-demogr\u00e1fico de personas fallecidas por suicidio: un estudio exploratorio en vistas a la autopsia psicol\u00f3gica. Se trata de un estudio descriptivo, comparativo de car\u00e1cter exploratorio, diagn\u00f3stico y propositivo enfocado en un primer momento desde una perspectiva fenomenol\u00f3gica. Se trata de ofrecer una perspectiva cuantitativa y cualitativa de los perfiles suicidas, por lo tanto, se trata de una investigaci\u00f3n mixta.<\/p>\n<p>Por ello, Voces Paralelas desarroll\u00f3 la entrevista period\u00edstica a la Vicerrectora de la Universidad Cat\u00f3lica de Cuyo, Lic. Beatriz Farah, quien es integrante del equipo que investiga el el perfil psico-biosocio-demogr\u00e1fico de personas fallecidas por suicidio: un estudio exploratorio en vistas a la autopsia psicol\u00f3gica.<\/p>\n<p><iframe loading=\"lazy\" title=\"UCCUYO VICERRECTORA LIC BEATRIZ FARAH\" width=\"800\" height=\"450\" src=\"https:\/\/www.youtube.com\/embed\/frC9LGQnkug?start=10&#038;feature=oembed\" frameborder=\"0\" allow=\"accelerometer; autoplay; clipboard-write; encrypted-media; gyroscope; picture-in-picture; web-share\" allowfullscreen><\/iframe><\/p>\n<p>&nbsp;<\/p>\n<p><img loading=\"lazy\" decoding=\"async\" class=\"alignnone size-large wp-image-20566\" src=\"https:\/\/vocesparalelas.com.ar\/sitio\/wp-content\/uploads\/2019\/04\/UCCUYO-FRENTE-10-800x600.jpg\" alt=\"\" width=\"800\" height=\"600\" srcset=\"https:\/\/vocesparalelas.com.ar\/sitio\/wp-content\/uploads\/2019\/04\/UCCUYO-FRENTE-10-800x600.jpg 800w, https:\/\/vocesparalelas.com.ar\/sitio\/wp-content\/uploads\/2019\/04\/UCCUYO-FRENTE-10-300x225.jpg 300w, https:\/\/vocesparalelas.com.ar\/sitio\/wp-content\/uploads\/2019\/04\/UCCUYO-FRENTE-10-768x576.jpg 768w, https:\/\/vocesparalelas.com.ar\/sitio\/wp-content\/uploads\/2019\/04\/UCCUYO-FRENTE-10.jpg 1024w\" sizes=\"auto, (max-width: 800px) 100vw, 800px\" \/><\/p>\n<p>&nbsp;<\/p>\n","protected":false},"excerpt":{"rendered":"<p>La Facultad de Filosof\u00eda y Humanidades de la Universidad Cat\u00f3lica de Cuyo present\u00f3 a la Fiscal\u00eda General del Poder Judicial,<\/p>\n","protected":false},"author":3,"featured_media":58159,"comment_status":"closed","ping_status":"closed","sticky":false,"template":"","format":"standard","meta":{"_acf_changed":false,"_seopress_robots_primary_cat":"none","_seopress_titles_title":"","_seopress_titles_desc":"","_seopress_robots_index":"","colormag_page_container_layout":"default_layout","colormag_page_sidebar_layout":"default_layout","footnotes":""},"categories":[10,7],"tags":[],"class_list":["post-58016","post","type-post","status-publish","format-standard","has-post-thumbnail","hentry","category-opiniones","category-videos"],"acf":[],"_links":{"self":[{"href":"https:\/\/vocesparalelas.com.ar\/sitio\/wp-json\/wp\/v2\/posts\/58016","targetHints":{"allow":["GET"]}}],"collection":[{"href":"https:\/\/vocesparalelas.com.ar\/sitio\/wp-json\/wp\/v2\/posts"}],"about":[{"href":"https:\/\/vocesparalelas.com.ar\/sitio\/wp-json\/wp\/v2\/types\/post"}],"author":[{"embeddable":true,"href":"https:\/\/vocesparalelas.com.ar\/sitio\/wp-json\/wp\/v2\/users\/3"}],"replies":[{"embeddable":true,"href":"https:\/\/vocesparalelas.com.ar\/sitio\/wp-json\/wp\/v2\/comments?post=58016"}],"version-history":[{"count":4,"href":"https:\/\/vocesparalelas.com.ar\/sitio\/wp-json\/wp\/v2\/posts\/58016\/revisions"}],"predecessor-version":[{"id":58160,"href":"https:\/\/vocesparalelas.com.ar\/sitio\/wp-json\/wp\/v2\/posts\/58016\/revisions\/58160"}],"wp:featuredmedia":[{"embeddable":true,"href":"https:\/\/vocesparalelas.com.ar\/sitio\/wp-json\/wp\/v2\/media\/58159"}],"wp:attachment":[{"href":"https:\/\/vocesparalelas.com.ar\/sitio\/wp-json\/wp\/v2\/media?parent=58016"}],"wp:term":[{"taxonomy":"category","embeddable":true,"href":"https:\/\/vocesparalelas.com.ar\/sitio\/wp-json\/wp\/v2\/categories?post=58016"},{"taxonomy":"post_tag","embeddable":true,"href":"https:\/\/vocesparalelas.com.ar\/sitio\/wp-json\/wp\/v2\/tags?post=58016"}],"curies":[{"name":"wp","href":"https:\/\/api.w.org\/{rel}","templated":true}]}}