{"id":58002,"date":"2023-04-12T21:14:14","date_gmt":"2023-04-13T00:14:14","guid":{"rendered":"https:\/\/vocesparalelas.com.ar\/sitio\/?p=58002"},"modified":"2023-04-13T00:49:15","modified_gmt":"2023-04-13T03:49:15","slug":"tejedoras-de-san-juan-se-reunieron-para-fortalecer-el-legado-de-dona-paula-en-la-casa-de-sarmiento","status":"publish","type":"post","link":"https:\/\/vocesparalelas.com.ar\/sitio\/tejedoras-de-san-juan-se-reunieron-para-fortalecer-el-legado-de-dona-paula-en-la-casa-de-sarmiento\/","title":{"rendered":"Tejedoras de San Juan se reunieron para fortalecer el legado de Do\u00f1a Paula en la Casa de Sarmiento"},"content":{"rendered":"<p>La Casa Natal de Sarmiento convoc\u00f3 a encuentros previos a la inauguraci\u00f3n del espacio el 11 de Abril, de 10 a 15 hs.; en el Patio de la Higuera, donde participaron tejedoras de telar de los distintos departamentos de la provincia de San Juan.<\/p>\n<p>En este primer encuentro reunieron a 35 emprendedoras tejedoras que orgullosas participaron para comentar su experiencia en su especialidad.<\/p>\n<p>Otros encuentros se realizar\u00e1n en Mayo y Junio porque el Programa Tramas Andinas. Telares y Comunidad, constituye el espacio de creaci\u00f3n e intercambio que la Casa Natal de Sarmiento impulsa desde el 2022, mediante el desarrollo de talleres, intervenciones, encuentros, di\u00e1logos, entre otros, en torno al acervo textil, en aras de complementar y apoyar el camino recorrido hasta la actualidad por las tejedoras de las regiones andinas, visibilizando sus saberes, su poder y resiliencia y, muy especialmente, la importancia de su legado en la continuidad de una identidad que se construye a diario y abona permanentemente la construcci\u00f3n de los territorios que habitan.<\/p>\n<p>La Casa Natal de Sarmiento se encuentra trabajando, hace algunos a\u00f1os, la vinculaci\u00f3n y apertura de este espacio cultural con los diversos territorios de la Provincia de San Juan y sus comunidades. Uno de los programas que cuenta con acciones fuertemente relacionadas a los territorios es el Programa Tramas Andinas. Telares y Comunidad.<\/p>\n<p>En la primera mitad del a\u00f1o 2023 el foco de este programa est\u00e1 puesto en la creaci\u00f3n de una nueva estaci\u00f3n de visita dentro de la Casa Natal: El Patio de Do\u00f1a Paula.<\/p>\n<p>El mismo se constituye como un Espacio de interpretaci\u00f3n de las industrias dom\u00e9sticas sanjuaninas y mediante la re-funcionalizaci\u00f3n del patio continuo a la huerta de Do\u00f1a Paula, se pretende desarrollar un espacio vivo que permita la generaci\u00f3n de distintas din\u00e1micas relacionadas a las \u201cindustrias domesticas\u201d que nombra Sarmiento en \u201cRecuerdos de Provincia\u201d, especialmente en el saber textil vinculado con la figura de Do\u00f1a Paula Albarrac\u00edn y el trabajo en el telar.<\/p>\n<p>La producci\u00f3n artesanal de tejidos en telar, es un valor cultural que identifica a las familias sanjuaninas desde tiempos muy antiguos, configurado especialmente como un rol de la mujer, fundamentalmente en tiempos pasados. Hist\u00f3ricamente ha sido legado de madres a hijas y nietas, lo que ha permitido que este saber subsista hasta la actualidad y guarde ciertas particularidades que identifican a cada territorio.<\/p>\n<p>Est\u00e1 pensado como un espacio vivo, creado por y para todas las tejedoras de la Provincia y en conmemoraci\u00f3n de las ancestrales tejedoras de estos territorios, siendo Do\u00f1a Paula una de ellas.<\/p>\n<p>Lo m\u00e1s valioso del proyecto, es que se piensa como un espacio \u201cvivo y en permanente construcci\u00f3n\u201d desde el momento en que se gesta la idea del mismo y la metodolog\u00eda que se prev\u00e9 para su concreci\u00f3n es esencialmente colectiva, de modo que inicialmente el contenido sea trabajado en di\u00e1logo con tejedoras sanjuaninas que definan \u201cel qu\u00e9 y el c\u00f3mo\u201d configuran el relato. Por este motivo, resulta de gran importancia el trabajo mancomunado junto a las tejedoras para la construcci\u00f3n de los contenidos y relatos de este espacio y para ello se realizar\u00e1n dos reuniones previas a la inauguraci\u00f3n, que dan lugar al trabajo que las tejedoras deben continuar trabajando internamente en sus territorios, con la comunidad de tejedoras de la zona.<\/p>\n<p><img loading=\"lazy\" decoding=\"async\" class=\"alignnone size-full wp-image-58007\" src=\"https:\/\/vocesparalelas.com.ar\/sitio\/wp-content\/uploads\/2023\/04\/SARMIENTO-TEJEDORAS-03.jpg\" alt=\"\" width=\"800\" height=\"533\" srcset=\"https:\/\/vocesparalelas.com.ar\/sitio\/wp-content\/uploads\/2023\/04\/SARMIENTO-TEJEDORAS-03.jpg 800w, https:\/\/vocesparalelas.com.ar\/sitio\/wp-content\/uploads\/2023\/04\/SARMIENTO-TEJEDORAS-03-300x200.jpg 300w, https:\/\/vocesparalelas.com.ar\/sitio\/wp-content\/uploads\/2023\/04\/SARMIENTO-TEJEDORAS-03-768x512.jpg 768w\" sizes=\"auto, (max-width: 800px) 100vw, 800px\" \/><\/p>\n<p>Durante los mismos se trabaja en 4 Comisiones con diferentes tem\u00e1ticas:<\/p>\n<ul>\n<li>T\u00e9cnicas de tejido<\/li>\n<li>Relatos\/historias relacionadas al tejido<\/li>\n<li>Procesos textiles (de la oveja a la prenda)<\/li>\n<li>Genealog\u00eda de las tejedoras de San Juan<\/li>\n<\/ul>\n<p>Asimismo, en estos encuentros previos se va configurando una actividad a realizarse en el mes de Junio, junto con la inauguraci\u00f3n de este espacio \u201cEl telar de Do\u00f1a Paula convoca: Reuni\u00f3n de tejedoras de telar Criollo\u201d, donde las tejedoras de San Juan, ser\u00e1n anfitrionas y recibir\u00e1n a maestras tejedoras de todo el pa\u00eds. Esta reuni\u00f3n tiene como objetivo consolidar el trabajo y v\u00ednculo que se viene llevando a cabo junto tejedoras de telar criollo de San Juan y a establecer y\/o fortalecer el v\u00ednculo con las comunidades de teleras de otras provincias de la Argentina, as\u00ed como tambi\u00e9n de pa\u00edses vecinos.<\/p>\n<p>Voces Paralelas desarroll\u00f3 una entrevista period\u00edstica a la responsable del Programa Tramas Andinas. Telares y comunidad<strong>, <\/strong>Lic. Marcela Santandreu, quien explic\u00f3 el significado del encuentro para continuar el legado de Do\u00f1a Paula, gran tejedora de San Juan. Adem\u00e1s, los relatos y experiencias de las tejedoras que trabajan en familia en su comunidad.<\/p>\n<p><iframe loading=\"lazy\" title=\"LIC. MARCELA SANTANDREU\" width=\"800\" height=\"450\" src=\"https:\/\/www.youtube.com\/embed\/sAsCoFPk0FQ?feature=oembed\" frameborder=\"0\" allow=\"accelerometer; autoplay; clipboard-write; encrypted-media; gyroscope; picture-in-picture; web-share\" allowfullscreen><\/iframe><\/p>\n<p><img loading=\"lazy\" decoding=\"async\" class=\"alignnone size-full wp-image-58005\" src=\"https:\/\/vocesparalelas.com.ar\/sitio\/wp-content\/uploads\/2023\/04\/SARMIENTO-TEJEDORAS-01.jpg\" alt=\"\" width=\"800\" height=\"533\" srcset=\"https:\/\/vocesparalelas.com.ar\/sitio\/wp-content\/uploads\/2023\/04\/SARMIENTO-TEJEDORAS-01.jpg 800w, https:\/\/vocesparalelas.com.ar\/sitio\/wp-content\/uploads\/2023\/04\/SARMIENTO-TEJEDORAS-01-300x200.jpg 300w, https:\/\/vocesparalelas.com.ar\/sitio\/wp-content\/uploads\/2023\/04\/SARMIENTO-TEJEDORAS-01-768x512.jpg 768w\" sizes=\"auto, (max-width: 800px) 100vw, 800px\" \/><\/p>\n<p><img loading=\"lazy\" decoding=\"async\" class=\"alignnone size-full wp-image-58008\" src=\"https:\/\/vocesparalelas.com.ar\/sitio\/wp-content\/uploads\/2023\/04\/SARMIENTO-TEJEDORAS-04.jpg\" alt=\"\" width=\"800\" height=\"533\" srcset=\"https:\/\/vocesparalelas.com.ar\/sitio\/wp-content\/uploads\/2023\/04\/SARMIENTO-TEJEDORAS-04.jpg 800w, https:\/\/vocesparalelas.com.ar\/sitio\/wp-content\/uploads\/2023\/04\/SARMIENTO-TEJEDORAS-04-300x200.jpg 300w, https:\/\/vocesparalelas.com.ar\/sitio\/wp-content\/uploads\/2023\/04\/SARMIENTO-TEJEDORAS-04-768x512.jpg 768w\" sizes=\"auto, (max-width: 800px) 100vw, 800px\" \/><\/p>\n","protected":false},"excerpt":{"rendered":"<p>La Casa Natal de Sarmiento convoc\u00f3 a encuentros previos a la inauguraci\u00f3n del espacio el 11 de Abril, de 10<\/p>\n","protected":false},"author":3,"featured_media":58006,"comment_status":"closed","ping_status":"closed","sticky":false,"template":"","format":"standard","meta":{"_acf_changed":false,"_seopress_robots_primary_cat":"none","_seopress_titles_title":"","_seopress_titles_desc":"","_seopress_robots_index":"","colormag_page_container_layout":"default_layout","colormag_page_sidebar_layout":"default_layout","footnotes":""},"categories":[1,7],"tags":[],"class_list":["post-58002","post","type-post","status-publish","format-standard","has-post-thumbnail","hentry","category-destacadas","category-videos"],"acf":[],"_links":{"self":[{"href":"https:\/\/vocesparalelas.com.ar\/sitio\/wp-json\/wp\/v2\/posts\/58002","targetHints":{"allow":["GET"]}}],"collection":[{"href":"https:\/\/vocesparalelas.com.ar\/sitio\/wp-json\/wp\/v2\/posts"}],"about":[{"href":"https:\/\/vocesparalelas.com.ar\/sitio\/wp-json\/wp\/v2\/types\/post"}],"author":[{"embeddable":true,"href":"https:\/\/vocesparalelas.com.ar\/sitio\/wp-json\/wp\/v2\/users\/3"}],"replies":[{"embeddable":true,"href":"https:\/\/vocesparalelas.com.ar\/sitio\/wp-json\/wp\/v2\/comments?post=58002"}],"version-history":[{"count":1,"href":"https:\/\/vocesparalelas.com.ar\/sitio\/wp-json\/wp\/v2\/posts\/58002\/revisions"}],"predecessor-version":[{"id":58009,"href":"https:\/\/vocesparalelas.com.ar\/sitio\/wp-json\/wp\/v2\/posts\/58002\/revisions\/58009"}],"wp:featuredmedia":[{"embeddable":true,"href":"https:\/\/vocesparalelas.com.ar\/sitio\/wp-json\/wp\/v2\/media\/58006"}],"wp:attachment":[{"href":"https:\/\/vocesparalelas.com.ar\/sitio\/wp-json\/wp\/v2\/media?parent=58002"}],"wp:term":[{"taxonomy":"category","embeddable":true,"href":"https:\/\/vocesparalelas.com.ar\/sitio\/wp-json\/wp\/v2\/categories?post=58002"},{"taxonomy":"post_tag","embeddable":true,"href":"https:\/\/vocesparalelas.com.ar\/sitio\/wp-json\/wp\/v2\/tags?post=58002"}],"curies":[{"name":"wp","href":"https:\/\/api.w.org\/{rel}","templated":true}]}}