{"id":57998,"date":"2023-04-12T20:33:25","date_gmt":"2023-04-12T23:33:25","guid":{"rendered":"https:\/\/vocesparalelas.com.ar\/sitio\/?p=57998"},"modified":"2023-04-12T20:33:25","modified_gmt":"2023-04-12T23:33:25","slug":"encuentro-de-agencias-de-desarrollo-2023-en-san-juan","status":"publish","type":"post","link":"https:\/\/vocesparalelas.com.ar\/sitio\/encuentro-de-agencias-de-desarrollo-2023-en-san-juan\/","title":{"rendered":"Encuentro de Agencias de Desarrollo 2023 en San Juan"},"content":{"rendered":"<p>El Jueves, 13 de Abril, a partir de las 14 hs.; en el Hotel del Bono Park, se desarrolla en San Juan el Encuentro de Agencias de Desarrollo 2023, organizado por La Agencia de Inversiones San Juan &#8211; ASJDI -, conjuntamente con el Ministerio de Producci\u00f3n y Desarrollo Econ\u00f3mico del Gobierno de San Juan.<\/p>\n<p>La modalidad presencial y virtual y cuenta con la presencia de integrantes de filiales pertenecientes a Santa Fe, Entre R\u00edos, Rosario, Gualeguaych\u00fa, Neuqu\u00e9n y C\u00f3rdoba, entre otras.<\/p>\n<p>\u201cEl objetivo de la reuni\u00f3n es dar a conocer los modelos de gesti\u00f3n de las Agencias de Desarrollo, compartir experiencias e identificar planes de acci\u00f3n comunes\u201d, explic\u00f3 la coordinadora de Herramientas de Triple Impacto en la Agencia de Inversiones San Juan, Lilia Rosselot.<\/p>\n<p>La provincia es anfitriona por primera vez, ya que la reuni\u00f3n del 2022 tuvo lugar en Rosario, Provincia de Santa Fe. \u201cSer\u00e1 un evento donde se pondr\u00e1n de manifiesto las experiencias y testimonios expresados por los representantes de cada una de las agencias de desarrollo, con la finalidad de lograr un trabajo en com\u00fan y aprovechar las vivencias y el conocimiento de las otras sedes para fortalecer el trabajo de la agencia sanjuanina\u201d, expres\u00f3 Rosselot.<\/p>\n<p>Cabe destacar que ASJDI fue incorporada recientemente a FadelRA, Federaci\u00f3n de Agencias de Desarrollo Local de la Rep\u00fablica Argentina, con\u00a0Fabi\u00e1n Ejarque elegido como vicepresidente de la instituci\u00f3n nacional.<\/p>\n<p>Las Agencias participantes del encuentro y sus representantes, adem\u00e1s de la local, ser\u00e1n Acdicar-Rafaela, Frana Daniel; Codegu-Gualeguaychu, Mi\u00f1o Estela; ADERR-Rosario, Demasi Antonio; ADER San Jer\u00f3nimo, Pedalino Sergio; ADENEU-Neuqu\u00e9n, Lucero Idizarri Anabel; Gobierno de Santa Fe, Camats Ivan; Adec C\u00f3rdoba, Antonio Bearzotti; ADECON-Villa Constituci\u00f3n, Martin Mitchels; ADER Santa Fe, Aldo Egesti y Agencia Gral LOpez, German Cassalino.<\/p>\n<p><span style=\"color: #339966;\"><strong>Cronograma de Trabajo<\/strong><\/span><\/p>\n<ul>\n<li>A partir de la 14 hs.; en el Sal\u00f3n Tehuel B Hotel del Bono Park: Palabras de Bienvenida del Ing. Ariel Lucero, CPN Fabian Ejarque, Autoridades FADELRA. Objetivos del encuentro y agenda, presentaciones participantes.<\/li>\n<li>De 14:30 a 16:30, Encuentro \u201cCompartiendo Experiencias entre Agencias de Desarrollo\u201d, Modelo San Juan, Modelo Agencias de Inversiones, Programa Triple Impacto ASJDI-PNUD. Expone: ASJDI. Agencia Calidad San Juan: Eduardo Danna, Fiduciaria San Juan, Claudia Gonz\u00e1lez y Garant\u00eda San Juan, Daniel Castro.<\/li>\n<li>De 16:30 a 17:00 Presentaci\u00f3n programas de pol\u00edtica nacional: Presentaci\u00f3n L\u00edneas CREAR y PYMEX, expositor por zoom: Mg Laura L\u00f3pez Iglesias, Directora de Fortalecimiento Institucional Productivo, Sepyme.<\/li>\n<li>De 17:30 a 18:15, Reuni\u00f3n Mesa Directiva: Presentaci\u00f3n Proyecto de Fortalecimiento, expone Daniel Frana; Exposici\u00f3n Proyectos de Mentor\u00edas y Escuela de Gerentes, expone Daniel Frana; Presentaci\u00f3n del modelo Santa FEde Redes de Agencias y Asociaciones, expone Ivan Camats. Intercambios.<\/li>\n<li>Para cerrar, de 18:15 a 19:00: Conclusiones. Palabras Finales y acciones futuras.<\/li>\n<\/ul>\n","protected":false},"excerpt":{"rendered":"<p>El Jueves, 13 de Abril, a partir de las 14 hs.; en el Hotel del Bono Park, se desarrolla en<\/p>\n","protected":false},"author":3,"featured_media":25616,"comment_status":"closed","ping_status":"closed","sticky":false,"template":"","format":"standard","meta":{"_acf_changed":false,"_seopress_robots_primary_cat":"none","_seopress_titles_title":"","_seopress_titles_desc":"","_seopress_robots_index":"","colormag_page_container_layout":"default_layout","colormag_page_sidebar_layout":"default_layout","footnotes":""},"categories":[1],"tags":[],"class_list":["post-57998","post","type-post","status-publish","format-standard","has-post-thumbnail","hentry","category-destacadas"],"acf":[],"_links":{"self":[{"href":"https:\/\/vocesparalelas.com.ar\/sitio\/wp-json\/wp\/v2\/posts\/57998","targetHints":{"allow":["GET"]}}],"collection":[{"href":"https:\/\/vocesparalelas.com.ar\/sitio\/wp-json\/wp\/v2\/posts"}],"about":[{"href":"https:\/\/vocesparalelas.com.ar\/sitio\/wp-json\/wp\/v2\/types\/post"}],"author":[{"embeddable":true,"href":"https:\/\/vocesparalelas.com.ar\/sitio\/wp-json\/wp\/v2\/users\/3"}],"replies":[{"embeddable":true,"href":"https:\/\/vocesparalelas.com.ar\/sitio\/wp-json\/wp\/v2\/comments?post=57998"}],"version-history":[{"count":1,"href":"https:\/\/vocesparalelas.com.ar\/sitio\/wp-json\/wp\/v2\/posts\/57998\/revisions"}],"predecessor-version":[{"id":58001,"href":"https:\/\/vocesparalelas.com.ar\/sitio\/wp-json\/wp\/v2\/posts\/57998\/revisions\/58001"}],"wp:featuredmedia":[{"embeddable":true,"href":"https:\/\/vocesparalelas.com.ar\/sitio\/wp-json\/wp\/v2\/media\/25616"}],"wp:attachment":[{"href":"https:\/\/vocesparalelas.com.ar\/sitio\/wp-json\/wp\/v2\/media?parent=57998"}],"wp:term":[{"taxonomy":"category","embeddable":true,"href":"https:\/\/vocesparalelas.com.ar\/sitio\/wp-json\/wp\/v2\/categories?post=57998"},{"taxonomy":"post_tag","embeddable":true,"href":"https:\/\/vocesparalelas.com.ar\/sitio\/wp-json\/wp\/v2\/tags?post=57998"}],"curies":[{"name":"wp","href":"https:\/\/api.w.org\/{rel}","templated":true}]}}