{"id":57932,"date":"2023-04-10T17:55:32","date_gmt":"2023-04-10T20:55:32","guid":{"rendered":"https:\/\/vocesparalelas.com.ar\/sitio\/?p=57932"},"modified":"2023-04-12T01:48:32","modified_gmt":"2023-04-12T04:48:32","slug":"el-70-de-avance-de-obra-del-eco-domos-en-ischigualasto-de-san-juan","status":"publish","type":"post","link":"https:\/\/vocesparalelas.com.ar\/sitio\/el-70-de-avance-de-obra-del-eco-domos-en-ischigualasto-de-san-juan\/","title":{"rendered":"El 70% de avance de Obra del Eco Domos en Ischigualasto de San Juan"},"content":{"rendered":"<p>El gobernador de San Juan, Dr. Sergio U\u00f1ac arrib\u00f3 al departamento Valle F\u00e9rtil para conocer el estado de avance de la construcci\u00f3n de los Eco Domos en el Parque Provincial Ischigualasto.<\/p>\n<p>Lo acompa\u00f1aron la ministra de Turismo y Cultura, Lic. Claudia Grynszpan; el intendente de Valle F\u00e9rtil, Omar Ortiz; el diputado departamental, Prof. Silvio Atencio, directivos del Ente Ischigualasto y trabajadores del parque.<\/p>\n<p>La construcci\u00f3n de los Eco Domos en el Parque Provincial Ischigualasto se realiza en el marco de una novedosa iniciativa que busca potenciar el turismo sustentable y ofrecer un nuevo servicio, adem\u00e1s de compartir una verdadera experiencia astron\u00f3mica.<\/p>\n<p>La obra est\u00e1 en un 70% de avance, cuenta con una inversi\u00f3n total de $98.931.897,27 y se realiza bajo el programa nacional \u00abPrograma 50 Destinos\u00bb, que financia obras de infraestructura tur\u00edstica en municipios de cada una de las provincias. Cabe destacar que para su construcci\u00f3n se apunt\u00f3 al compre sanjuanino y la mano de obra local.<\/p>\n<p>Se trata de diez eco domos con caracter\u00edsticas de turismo sustentable y con el valor agregado de la experiencia de turismo astron\u00f3mico. Adem\u00e1s, el 50% de los domos ser\u00e1n accesibles a personas con movilidad reducida.<\/p>\n<p>A su llegada al parque, U\u00f1ac destac\u00f3 la alta ocupaci\u00f3n hotelera en la provincia durante Semana Santa, que registr\u00f3\u00a0las cifras m\u00e1s altas del pa\u00eds. De acuerdo a los relevamientos del Observatorio Argentino de Turismo (OAT), la provincia con mayor nivel de ocupaci\u00f3n es San Juan, con un promedio de 97%.<\/p>\n<p>En ese sentido, el gobernador asegur\u00f3 que \u201cesto nos enorgullece. Es un camino que comenzamos y ahora empezamos a ver los resultados, en una provincia instalada, con una actividad econ\u00f3mica importante y productiva como es el turismo\u201d, se\u00f1al\u00f3 el mandatario.<\/p>\n<p>Por su parte, la ministra Grynszpan dijo que \u00abhoy estamos realizando esta visita al parque luego de un fin de semana muy bueno, con buenos resultados. Adem\u00e1s vimos el trabajo que se ha realizado con estos domos que est\u00e1n pr\u00f3ximos a inaugurarse y suman un cambio muy positivo para el parque\u201d.<\/p>\n<p>Continuando, la funcionaria dijo que \u201ctambi\u00e9n, estuvimos con los artesanos dentro del complejo. Son todas remodelaciones para el parque, que es Patrimonio Mundial de la Humanidad y que adem\u00e1s es uno de los principales atractivos que tiene la provincia\u201d.<\/p>\n<p>A su turno, el intendente Ortiz dijo \u201cel balance de la visita del gobernador a Ischigualasto fue muy positiva; siempre es bueno que venga. Hoy visit\u00f3 uno de los Eco Domos y hemos proyectado la continuidad de este proyecto; tambi\u00e9n lo hemos puesto al tanto de nuestro proyecto de la Ruta del Arriero\u00bb.<\/p>\n<p>Finalmente, el diputado Silvio Atencio manifest\u00f3 que \u201cse trata de una visita que est\u00e1bamos esperando hace rato. Los domos estar\u00edan inaugur\u00e1ndose en dos meses. El gobernador vino por v\u00eda terrestre porque quer\u00eda ver el estado de la ruta, que es algo que siempre lo ha tenido preocupado y es por lo que siempre ha trabajado\u201d.<\/p>\n<p><strong><span style=\"color: #339966;\">Detalles de los Eco Domos<\/span><\/strong><\/p>\n<p><img loading=\"lazy\" decoding=\"async\" class=\"alignnone size-full wp-image-57936\" src=\"https:\/\/vocesparalelas.com.ar\/sitio\/wp-content\/uploads\/2023\/04\/VALLE-ECO.jpg\" alt=\"\" width=\"800\" height=\"534\" srcset=\"https:\/\/vocesparalelas.com.ar\/sitio\/wp-content\/uploads\/2023\/04\/VALLE-ECO.jpg 800w, https:\/\/vocesparalelas.com.ar\/sitio\/wp-content\/uploads\/2023\/04\/VALLE-ECO-300x200.jpg 300w, https:\/\/vocesparalelas.com.ar\/sitio\/wp-content\/uploads\/2023\/04\/VALLE-ECO-768x513.jpg 768w\" sizes=\"auto, (max-width: 800px) 100vw, 800px\" \/><\/p>\n<p>El uso de materiales locales, la implementaci\u00f3n de elementos reciclados y de bajo impacto ambiental permitir\u00e1n generar espacios de confort que acompa\u00f1an el recorrido e imagen del Parque Provincial, en un entorno natural con vistosos paisajes.<\/p>\n<p>En este marco, desde el Ministerio de Turismo y Cultura se trabaj\u00f3 para que los Eco Domos est\u00e9n alineados con los est\u00e1ndares mundiales de protecci\u00f3n del ambiente y el resguardo del cielo nocturno, implementando luminaria solar especial.<\/p>\n<p>La orientaci\u00f3n donde estar\u00e1n estas unidades busca preservar la tranquilidad y singularidad del visitante turista. Se han priorizado las vistas para el avistaje nocturno del cielo, destacando las mejores postales del paisaje natural durante el resto del d\u00eda.<\/p>\n<p>Cabe mencionar que el emprendimiento acompa\u00f1a las normas de resguardo del patrimonio local y permite brindar su difusi\u00f3n, teniendo en cuenta que Ischigualasto guarda uno de los mayores tesoros mundiales de la Paleontolog\u00eda, fomenta la investigaci\u00f3n y abre las puertas al turismo cient\u00edfico.<\/p>\n<p>Cada Eco Domo contar\u00e1 con 50m2 de superficie aproximada, tendr\u00e1 ba\u00f1o privado y un peque\u00f1o frigobar, estar\u00e1n equipados para 4 o 6 pasajeros, con el mobiliario y confort de primer nivel, estacionamiento privado y la posibilidad de avistaje nocturno para astroturismo.<\/p>\n<p><strong><span style=\"color: #339966;\">Aspectos del parque<\/span><\/strong><\/p>\n<p>El Parque Provincial Ischigualasto es un icono tur\u00edstico de la provincia y del pa\u00eds, con formaciones rocosas y yacimientos paleontol\u00f3gicos, que lo convirtieron en un paisaje \u00fanico con caracter\u00edsticas lunares, Patrimonio Mundial de la Humanidad. Ischigualasto encierra historia, patrimonio y una biodiversidad de sistemas, entre ellos la flora y fauna aut\u00f3ctona, adem\u00e1s de que all\u00ed se encontraron los restos f\u00f3siles de dinosaurios que datan de 230 millones de a\u00f1os, \u00fanicos en cuanto al valor geol\u00f3gico y paleontol\u00f3gico.<\/p>\n<p>El Parque consta de un circuito para el visitante\/turista de 42km y lleva promedio una totalidad de 3 horas poderlo realizar.<\/p>\n<p>Como producto tur\u00edstico se destaca por su pluralidad de visitas locales, nacionales e internacionales, dentro de esta \u00faltima se aprecia una importante cantidad de visitas cient\u00edficas.<\/p>\n<p>Desarrollar el emplazamiento de glamping en el parque generar\u00e1 valor agregado al patrimonio, permitiendo nuevos servicios al turista y visitante, mayor comodidad y experiencias, como as\u00ed tambi\u00e9n generando el crecimiento del sector, potencia las plazas hoteleras de la provincia y produce valor agregado al corredor Ruta Nacional 150.<\/p>\n<p><iframe loading=\"lazy\" title=\"ECO DOMOS ISCHIGUALASTO SAN JUAN\" width=\"800\" height=\"450\" src=\"https:\/\/www.youtube.com\/embed\/CanUSNtyn1w?feature=oembed\" frameborder=\"0\" allow=\"accelerometer; autoplay; clipboard-write; encrypted-media; gyroscope; picture-in-picture; web-share\" allowfullscreen><\/iframe><\/p>\n<p>&nbsp;<\/p>\n<p><img loading=\"lazy\" decoding=\"async\" class=\"alignnone size-large wp-image-2951\" src=\"https:\/\/vocesparalelas.com.ar\/sitio\/wp-content\/uploads\/2017\/07\/ISCHIGUALASTO-800x531.jpg\" alt=\"\" width=\"800\" height=\"531\" srcset=\"https:\/\/vocesparalelas.com.ar\/sitio\/wp-content\/uploads\/2017\/07\/ISCHIGUALASTO-800x531.jpg 800w, https:\/\/vocesparalelas.com.ar\/sitio\/wp-content\/uploads\/2017\/07\/ISCHIGUALASTO-300x199.jpg 300w, https:\/\/vocesparalelas.com.ar\/sitio\/wp-content\/uploads\/2017\/07\/ISCHIGUALASTO-768x510.jpg 768w, https:\/\/vocesparalelas.com.ar\/sitio\/wp-content\/uploads\/2017\/07\/ISCHIGUALASTO.jpg 1024w\" sizes=\"auto, (max-width: 800px) 100vw, 800px\" \/><\/p>\n<p>&nbsp;<\/p>\n<p>&nbsp;<\/p>\n","protected":false},"excerpt":{"rendered":"<p>El gobernador de San Juan, Dr. Sergio U\u00f1ac arrib\u00f3 al departamento Valle F\u00e9rtil para conocer el estado de avance de<\/p>\n","protected":false},"author":3,"featured_media":57935,"comment_status":"closed","ping_status":"closed","sticky":false,"template":"","format":"standard","meta":{"_acf_changed":false,"_seopress_robots_primary_cat":"none","_seopress_titles_title":"","_seopress_titles_desc":"","_seopress_robots_index":"","colormag_page_container_layout":"default_layout","colormag_page_sidebar_layout":"default_layout","footnotes":""},"categories":[1],"tags":[],"class_list":["post-57932","post","type-post","status-publish","format-standard","has-post-thumbnail","hentry","category-destacadas"],"acf":[],"_links":{"self":[{"href":"https:\/\/vocesparalelas.com.ar\/sitio\/wp-json\/wp\/v2\/posts\/57932","targetHints":{"allow":["GET"]}}],"collection":[{"href":"https:\/\/vocesparalelas.com.ar\/sitio\/wp-json\/wp\/v2\/posts"}],"about":[{"href":"https:\/\/vocesparalelas.com.ar\/sitio\/wp-json\/wp\/v2\/types\/post"}],"author":[{"embeddable":true,"href":"https:\/\/vocesparalelas.com.ar\/sitio\/wp-json\/wp\/v2\/users\/3"}],"replies":[{"embeddable":true,"href":"https:\/\/vocesparalelas.com.ar\/sitio\/wp-json\/wp\/v2\/comments?post=57932"}],"version-history":[{"count":3,"href":"https:\/\/vocesparalelas.com.ar\/sitio\/wp-json\/wp\/v2\/posts\/57932\/revisions"}],"predecessor-version":[{"id":57994,"href":"https:\/\/vocesparalelas.com.ar\/sitio\/wp-json\/wp\/v2\/posts\/57932\/revisions\/57994"}],"wp:featuredmedia":[{"embeddable":true,"href":"https:\/\/vocesparalelas.com.ar\/sitio\/wp-json\/wp\/v2\/media\/57935"}],"wp:attachment":[{"href":"https:\/\/vocesparalelas.com.ar\/sitio\/wp-json\/wp\/v2\/media?parent=57932"}],"wp:term":[{"taxonomy":"category","embeddable":true,"href":"https:\/\/vocesparalelas.com.ar\/sitio\/wp-json\/wp\/v2\/categories?post=57932"},{"taxonomy":"post_tag","embeddable":true,"href":"https:\/\/vocesparalelas.com.ar\/sitio\/wp-json\/wp\/v2\/tags?post=57932"}],"curies":[{"name":"wp","href":"https:\/\/api.w.org\/{rel}","templated":true}]}}