{"id":57908,"date":"2023-04-05T10:40:57","date_gmt":"2023-04-05T13:40:57","guid":{"rendered":"https:\/\/vocesparalelas.com.ar\/sitio\/?p=57908"},"modified":"2023-04-07T10:52:03","modified_gmt":"2023-04-07T13:52:03","slug":"cerrada-la-casa-de-sarmiento-por-la-adaptacion-del-proyecto-patio-de-dona-paula","status":"publish","type":"post","link":"https:\/\/vocesparalelas.com.ar\/sitio\/cerrada-la-casa-de-sarmiento-por-la-adaptacion-del-proyecto-patio-de-dona-paula\/","title":{"rendered":"Cerrada la Casa de Sarmiento por la adaptaci\u00f3n del Proyecto \u201cPatio de Do\u00f1a Paula\u201d"},"content":{"rendered":"<p>El Museo y Biblioteca Casa Natal de Sarmiento ofreci\u00f3 una conferencia de prensa con el motivo de presentar el Proyecto \u201cPatio de Do\u00f1a Paula\u201d &#8211; Anteproyecto de Espacio de interpretaci\u00f3n de las Industrias Dom\u00e9sticas\u00bb.<\/p>\n<p>Por ello, el museo permanece cerrada al p\u00fablico desde el 11 hasta el 16 de Abril de 2023, debido a la realizaci\u00f3n de una adaptaci\u00f3n museogr\u00e1fica en el interior de la casa.<\/p>\n<p>Es as\u00ed que la Directora de la Casa Natal de Sarmiento, DI Silvina V\u00e1squez, el responsable del \u00c1rea de mantenimiento del edificio y museolog\u00eda, Eduardo Portillo y la Lic. Marcela Santandreu dieron detalles de la adaptaci\u00f3n museol\u00f3gica en el Patio de Do\u00f1a Paula.<\/p>\n<p>Primero explic\u00f3 la Directora de la Casa Natal de Sarmiento, DI Silvina V\u00e1squez, quien en que consiste el Proyecto \u201cPatio de Do\u00f1a Paula\u201d &#8211; Anteproyecto de Espacio de interpretaci\u00f3n de las Industrias Dom\u00e9sticas\u00bb.<\/p>\n<p><iframe loading=\"lazy\" title=\"SAN JUAN CASA SARMIENTO\" width=\"800\" height=\"450\" src=\"https:\/\/www.youtube.com\/embed\/uvCod3MOfx8?feature=oembed\" frameborder=\"0\" allow=\"accelerometer; autoplay; clipboard-write; encrypted-media; gyroscope; picture-in-picture; web-share\" allowfullscreen><\/iframe><\/p>\n<p>Luego, el responsable del \u00c1rea de mantenimiento del edificio y museolog\u00eda, Eduardo Portillo, aclar\u00f3 que el trabajo que se realiza es para adaptar el patio de Do\u00f1a Paula a las actividades a las Industrias Dom\u00e9sticas.<\/p>\n<p><iframe loading=\"lazy\" title=\"SAN JUAN CASA SARMIENTO\" width=\"800\" height=\"450\" src=\"https:\/\/www.youtube.com\/embed\/V1WuAzZnucc?feature=oembed\" frameborder=\"0\" allow=\"accelerometer; autoplay; clipboard-write; encrypted-media; gyroscope; picture-in-picture; web-share\" allowfullscreen><\/iframe><\/p>\n<p>&nbsp;<\/p>\n<p>Finalmente, la Lic. Marcela Santandreu puntualiz\u00f3 que es importante para continuar el legado de Do\u00f1a Paula de rescatar esas industrias dom\u00e9sticas que se desarrollaron en la casa pero en la vida de la poblaci\u00f3n de San Juan.<\/p>\n<p><iframe loading=\"lazy\" title=\"SAN JUAN CASA SARMIENTO\" width=\"800\" height=\"450\" src=\"https:\/\/www.youtube.com\/embed\/ojyM-Atnz4E?feature=oembed\" frameborder=\"0\" allow=\"accelerometer; autoplay; clipboard-write; encrypted-media; gyroscope; picture-in-picture; web-share\" allowfullscreen><\/iframe><\/p>\n<p>&nbsp;<\/p>\n<p>Es importante destacar que la Casa Natal de Sarmiento es un lugar de paz, frescura y existe un aire de historia muy apreciada por todos que llegan a ella. Cursos, exposiciones, presentaciones de libros, visitas guiadas, Obras de Teatro, actos del natalicio y fallecimiento de Domingo Faustino Sarmiento, a Do\u00f1a Paula, son los legados constructores que se brindan en la casa por profesionales.<\/p>\n<p>Lo m\u00e1s sobresaliente y como una gran an\u00e9cdota es cuando visitan la Casa los ni\u00f1os del Jard\u00edn Infante de centenares de escuelas de San Juan y comienzan a buscar, miran por todos lados de la casa para encontrar a Do\u00f1a Paula y a Domingo Sarmiento. El encuentro con el espacio es impactante a esta edad.<\/p>\n<p>Es fant\u00e1stico escuchar el relato sobre la casa y el asombro de no encontrar a los due\u00f1os y despu\u00e9s los dibujos que reflejan lo que m\u00e1s les impact\u00f3. Se sienten victoriosos de estar en la Casa Natal de Sarmiento.<\/p>\n<p>Gabriel Garc\u00eda M\u00e1rquez escribi\u00f3 el libro \u00abVivir para contarla\u00bb y significa que nadie puede hablar de la Casa sin vivir la experiencia. Esto vivido por los visitantes no se olvida m\u00e1s.<\/p>\n<p>Esto es la Casa Natal de Sarmiento que construye el legado, la historia y simboliza la historia de San Juan y un orgullo.<\/p>\n<p><img loading=\"lazy\" decoding=\"async\" class=\"alignnone size-full wp-image-52095\" src=\"https:\/\/vocesparalelas.com.ar\/sitio\/wp-content\/uploads\/2022\/09\/FAUD-SARMIENTO-04.jpg\" alt=\"\" width=\"800\" height=\"533\" srcset=\"https:\/\/vocesparalelas.com.ar\/sitio\/wp-content\/uploads\/2022\/09\/FAUD-SARMIENTO-04.jpg 800w, https:\/\/vocesparalelas.com.ar\/sitio\/wp-content\/uploads\/2022\/09\/FAUD-SARMIENTO-04-300x200.jpg 300w, https:\/\/vocesparalelas.com.ar\/sitio\/wp-content\/uploads\/2022\/09\/FAUD-SARMIENTO-04-768x512.jpg 768w\" sizes=\"auto, (max-width: 800px) 100vw, 800px\" \/><\/p>\n<p><img loading=\"lazy\" decoding=\"async\" class=\"alignnone size-full wp-image-52276\" src=\"https:\/\/vocesparalelas.com.ar\/sitio\/wp-content\/uploads\/2022\/09\/SARMIENTO-JARDIN.jpg\" alt=\"\" width=\"800\" height=\"533\" srcset=\"https:\/\/vocesparalelas.com.ar\/sitio\/wp-content\/uploads\/2022\/09\/SARMIENTO-JARDIN.jpg 800w, https:\/\/vocesparalelas.com.ar\/sitio\/wp-content\/uploads\/2022\/09\/SARMIENTO-JARDIN-300x200.jpg 300w, https:\/\/vocesparalelas.com.ar\/sitio\/wp-content\/uploads\/2022\/09\/SARMIENTO-JARDIN-768x512.jpg 768w\" sizes=\"auto, (max-width: 800px) 100vw, 800px\" \/><\/p>\n<p>&nbsp;<\/p>\n<p><img loading=\"lazy\" decoding=\"async\" class=\"alignnone size-large wp-image-25888\" src=\"https:\/\/vocesparalelas.com.ar\/sitio\/wp-content\/uploads\/2019\/12\/CASA-SARMIENTO-20-800x600.jpg\" alt=\"\" width=\"800\" height=\"600\" srcset=\"https:\/\/vocesparalelas.com.ar\/sitio\/wp-content\/uploads\/2019\/12\/CASA-SARMIENTO-20.jpg 800w, https:\/\/vocesparalelas.com.ar\/sitio\/wp-content\/uploads\/2019\/12\/CASA-SARMIENTO-20-300x225.jpg 300w, https:\/\/vocesparalelas.com.ar\/sitio\/wp-content\/uploads\/2019\/12\/CASA-SARMIENTO-20-768x576.jpg 768w\" sizes=\"auto, (max-width: 800px) 100vw, 800px\" \/><\/p>\n<p>&nbsp;<\/p>\n<p><img loading=\"lazy\" decoding=\"async\" class=\"alignnone size-full wp-image-41747\" src=\"https:\/\/vocesparalelas.com.ar\/sitio\/wp-content\/uploads\/2021\/09\/CASA-SARMIENTO-FRENTE-02.jpg\" alt=\"\" width=\"800\" height=\"533\" srcset=\"https:\/\/vocesparalelas.com.ar\/sitio\/wp-content\/uploads\/2021\/09\/CASA-SARMIENTO-FRENTE-02.jpg 800w, https:\/\/vocesparalelas.com.ar\/sitio\/wp-content\/uploads\/2021\/09\/CASA-SARMIENTO-FRENTE-02-300x200.jpg 300w, https:\/\/vocesparalelas.com.ar\/sitio\/wp-content\/uploads\/2021\/09\/CASA-SARMIENTO-FRENTE-02-768x512.jpg 768w\" sizes=\"auto, (max-width: 800px) 100vw, 800px\" \/><\/p>\n","protected":false},"excerpt":{"rendered":"<p>El Museo y Biblioteca Casa Natal de Sarmiento ofreci\u00f3 una conferencia de prensa con el motivo de presentar el Proyecto<\/p>\n","protected":false},"author":3,"featured_media":57911,"comment_status":"closed","ping_status":"closed","sticky":false,"template":"","format":"standard","meta":{"_acf_changed":false,"_seopress_robots_primary_cat":"none","_seopress_titles_title":"","_seopress_titles_desc":"","_seopress_robots_index":"","colormag_page_container_layout":"default_layout","colormag_page_sidebar_layout":"default_layout","footnotes":""},"categories":[1,7],"tags":[],"class_list":["post-57908","post","type-post","status-publish","format-standard","has-post-thumbnail","hentry","category-destacadas","category-videos"],"acf":[],"_links":{"self":[{"href":"https:\/\/vocesparalelas.com.ar\/sitio\/wp-json\/wp\/v2\/posts\/57908","targetHints":{"allow":["GET"]}}],"collection":[{"href":"https:\/\/vocesparalelas.com.ar\/sitio\/wp-json\/wp\/v2\/posts"}],"about":[{"href":"https:\/\/vocesparalelas.com.ar\/sitio\/wp-json\/wp\/v2\/types\/post"}],"author":[{"embeddable":true,"href":"https:\/\/vocesparalelas.com.ar\/sitio\/wp-json\/wp\/v2\/users\/3"}],"replies":[{"embeddable":true,"href":"https:\/\/vocesparalelas.com.ar\/sitio\/wp-json\/wp\/v2\/comments?post=57908"}],"version-history":[{"count":4,"href":"https:\/\/vocesparalelas.com.ar\/sitio\/wp-json\/wp\/v2\/posts\/57908\/revisions"}],"predecessor-version":[{"id":57915,"href":"https:\/\/vocesparalelas.com.ar\/sitio\/wp-json\/wp\/v2\/posts\/57908\/revisions\/57915"}],"wp:featuredmedia":[{"embeddable":true,"href":"https:\/\/vocesparalelas.com.ar\/sitio\/wp-json\/wp\/v2\/media\/57911"}],"wp:attachment":[{"href":"https:\/\/vocesparalelas.com.ar\/sitio\/wp-json\/wp\/v2\/media?parent=57908"}],"wp:term":[{"taxonomy":"category","embeddable":true,"href":"https:\/\/vocesparalelas.com.ar\/sitio\/wp-json\/wp\/v2\/categories?post=57908"},{"taxonomy":"post_tag","embeddable":true,"href":"https:\/\/vocesparalelas.com.ar\/sitio\/wp-json\/wp\/v2\/tags?post=57908"}],"curies":[{"name":"wp","href":"https:\/\/api.w.org\/{rel}","templated":true}]}}