{"id":57872,"date":"2023-04-04T20:16:53","date_gmt":"2023-04-04T23:16:53","guid":{"rendered":"https:\/\/vocesparalelas.com.ar\/sitio\/?p=57872"},"modified":"2023-04-06T01:02:23","modified_gmt":"2023-04-06T04:02:23","slug":"15-edicion-del-premio-provincial-a-la-calidad-de-san-juan","status":"publish","type":"post","link":"https:\/\/vocesparalelas.com.ar\/sitio\/15-edicion-del-premio-provincial-a-la-calidad-de-san-juan\/","title":{"rendered":"15\u00b0 edici\u00f3n del Premio Provincial a la Calidad de San Juan"},"content":{"rendered":"<p>En la jornada de este martes, en dependencias de Casa de Gobierno tuvo lugar el lanzamiento de la 15\u00b0 edici\u00f3n del Premio Provincial a la Calidad.<\/p>\n<p>El encuentro estuvo presidido por el vicegobernador de la provincia, CPN Roberto Gattoni, acompa\u00f1ado por la ministra de Hacienda y Finanzas, CPN Marisa L\u00f3pez; secretaria de la Gesti\u00f3n P\u00fablica, Dra. Lorena L\u00f3pez; director de la Agencia San Juan de Desarrollo de Inversiones, CPN Fabi\u00e1n Ejarque y dem\u00e1s asistentes.<\/p>\n<p>El galard\u00f3n es un reconocimiento oficial a los organismos de la administraci\u00f3n p\u00fablica y a las empresas que contribuyen notoriamente al mejoramiento de la calidad de los procesos de producci\u00f3n de bienes y servicios, teniendo en cuenta la protecci\u00f3n de los usuarios, consumidores y el cuidado del medioambiente.<\/p>\n<p>En \u00e9ste sentido, cabe destacar que San Juan es la \u00fanica provincia del pa\u00eds que, ininterrumpidamente, realiza este importante reconocimiento para organizaciones p\u00fablicas y privadas, desde hace 15 a\u00f1os.<\/p>\n<p>El concurso constituye un reconocimiento oficial a las organizaciones p\u00fablicas y privadas que favorecen el mejoramiento de la calidad en los procesos de producci\u00f3n de bienes y servicios, contribuyendo a la excelencia organizacional.<\/p>\n<p>En el comienzo del acto,\u00a0Gattoni\u00a0expres\u00f3 que \u201c\u00e9ste premio se enmarca en la b\u00fasqueda de la superioridad . El Gobierno de San Juan est\u00e1 motivando tres conceptos: calidad, meritocracia y excelencia, como objetivos sociales, desarrollados en el sector privado y en el p\u00fablico\u201d.<\/p>\n<p>\u201cDe tal manera, nuestra obligaci\u00f3n como gobierno es propiciar y promover actividades que tiendan a esa mejora continua. En \u00e9ste concurso, los ganadores son todos, m\u00e1s all\u00e1 del premio o las distinciones que reciban, creo que todas las empresas e instituciones que deseen mejorar sus productos y servicios, tendr\u00e1n el reconocimiento de la sociedad por su esfuerzo, para alcanzar los est\u00e1ndares ideales\u201d, concluy\u00f3 el vicegobernador e invit\u00f3 a participar en el desarrollo de los valores mencionados en su discurso.<\/p>\n<p>Seguidamente, la ministro\u00a0L\u00f3pez\u00a0agreg\u00f3 que \u201c\u00e9ste trabajo conjunto se hace desde la Secretar\u00eda de la Gesti\u00f3n P\u00fablica con el Ministerio de la Producci\u00f3n, a trav\u00e9s de la Agencia de Desarrollo de Inversiones, con la participaci\u00f3n de organismos del Poder Ejecutivo, del Legislativo y del Judicial, municipalidades, organizaciones intermedias, justamente para mejorar los procesos de calidad. El sentido es que los participantes mejoren la calidad de los servicios que prestan a los ciudadanos, desde lo p\u00fablico y lo privado. La idea es trabajar en un sendero de econom\u00eda sustentable y sostenible, que tienen que ver con la econom\u00eda circular\u201d.<\/p>\n<p>Para terminar,Ejarque\u00a0puso en valor que San Juan \u201ces la \u00fanica provincia argentina que realizan esta actividad ininterrumpidamente. El Premio ha evolucionado, vemos un proceso de mejora continua, involucrando nuevos actores y adapt\u00e1ndonos a las necesidades de cada empresa en el sector privado y las necesidades del usuario final, en el sector p\u00fablico\u201d.<\/p>\n<p>Continuando, Ejarque agreg\u00f3 que \u201cas\u00ed llegamos a \u00e9ste premio, con r\u00e9cord de presentaciones de entidades, lo que hace que la jerarqu\u00eda del concurso sea muy valorada por la comunidad. Desde la agencia hicimos un lanzamiento de herramientas que complementan el premio, destinado a empresas, particulares o emprendedores que quieran invertir en la provincia, tendr\u00e1n que ver el beneficio econ\u00f3mico y considerar el impacto ambiental y c\u00f3mo afectar\u00e1 a la sociedad. Este es el paradigma impulsado por el Gobierno, donde el principio fundamental es invertir con conciencia en beneficio de la comunidad y siendo amigables con el medio ambiente\u201d, concluy\u00f3 e invit\u00f3 a los interesados a participar de la propuesta, que se extender\u00e1 hasta el 24 de abril.<\/p>\n<p>El Premio reconoce tres categor\u00edas de ganadores. Un galard\u00f3n para el ganador de los organismos del sector p\u00fablico, cuya autoridad de aplicaci\u00f3n es la Secretar\u00eda de la Gesti\u00f3n P\u00fablica y dos premios para el sector privado: uno para prestadores de servicios y otro para prestadores de bienes. En estos \u00faltimos la autoridad de aplicaci\u00f3n es la Agencia San Juan de Desarrollo de Inversiones.<\/p>\n<p><strong><span style=\"color: #3366ff;\">Acerca del Premio<\/span><\/strong><\/p>\n<p>El Premio Provincial a la Calidad pretende promover el desarrollo y difusi\u00f3n de los procesos y sistemas destinados al mejoramiento continuo de la calidad en los productos y servicios que se originan en la esfera de la administraci\u00f3n p\u00fablica y en el sector privado, teniendo en cuenta la protecci\u00f3n de los usuarios, consumidores y el cuidado del medioambiente.<\/p>\n<p><span style=\"color: #3366ff;\"><strong>\u00bfQui\u00e9nes pueden participar?<\/strong><\/span><\/p>\n<p>Organizaciones p\u00fablicas del Estado Provincial y de los Municipios de San Juan.<\/p>\n<p>Organizaciones de la Sociedad Civil.<\/p>\n<p>Empresas privadas.<\/p>\n<p><span style=\"color: #3366ff;\"><strong>Beneficios<\/strong><\/span><\/p>\n<p>Clarifica estrategias.<\/p>\n<p>Aumenta el compromiso y sentido de pertenencia del equipo de trabajo.<\/p>\n<p>Eleva el autoconocimiento.<\/p>\n<p>Mejora la imagen y reputaci\u00f3n.<\/p>\n<p>Impulsa la mejora continua.<\/p>\n<p><span style=\"color: #3366ff;\"><strong>Inscripciones<\/strong><\/span><\/p>\n<p>La fecha de l\u00edmite para inscribirse es hasta el viernes 21 de abril.<\/p>\n<p>Para m\u00e1s informaci\u00f3n, ingrese al sitio web del Premio: premiocalidad.sanjuan.gob.ar, o comun\u00edquese a los siguientes tel\u00e9fonos:<\/p>\n<p>Secretaria de la Gesti\u00f3n P\u00fablica: 430-5992.<\/p>\n<p>Agencia de Inversiones San Juan: 4296072.<\/p>\n","protected":false},"excerpt":{"rendered":"<p>En la jornada de este martes, en dependencias de Casa de Gobierno tuvo lugar el lanzamiento de la 15\u00b0 edici\u00f3n<\/p>\n","protected":false},"author":3,"featured_media":57875,"comment_status":"closed","ping_status":"closed","sticky":false,"template":"","format":"standard","meta":{"_acf_changed":false,"_seopress_robots_primary_cat":"none","_seopress_titles_title":"","_seopress_titles_desc":"","_seopress_robots_index":"","colormag_page_container_layout":"default_layout","colormag_page_sidebar_layout":"default_layout","footnotes":""},"categories":[8],"tags":[],"class_list":["post-57872","post","type-post","status-publish","format-standard","has-post-thumbnail","hentry","category-concursos"],"acf":[],"_links":{"self":[{"href":"https:\/\/vocesparalelas.com.ar\/sitio\/wp-json\/wp\/v2\/posts\/57872","targetHints":{"allow":["GET"]}}],"collection":[{"href":"https:\/\/vocesparalelas.com.ar\/sitio\/wp-json\/wp\/v2\/posts"}],"about":[{"href":"https:\/\/vocesparalelas.com.ar\/sitio\/wp-json\/wp\/v2\/types\/post"}],"author":[{"embeddable":true,"href":"https:\/\/vocesparalelas.com.ar\/sitio\/wp-json\/wp\/v2\/users\/3"}],"replies":[{"embeddable":true,"href":"https:\/\/vocesparalelas.com.ar\/sitio\/wp-json\/wp\/v2\/comments?post=57872"}],"version-history":[{"count":1,"href":"https:\/\/vocesparalelas.com.ar\/sitio\/wp-json\/wp\/v2\/posts\/57872\/revisions"}],"predecessor-version":[{"id":57876,"href":"https:\/\/vocesparalelas.com.ar\/sitio\/wp-json\/wp\/v2\/posts\/57872\/revisions\/57876"}],"wp:featuredmedia":[{"embeddable":true,"href":"https:\/\/vocesparalelas.com.ar\/sitio\/wp-json\/wp\/v2\/media\/57875"}],"wp:attachment":[{"href":"https:\/\/vocesparalelas.com.ar\/sitio\/wp-json\/wp\/v2\/media?parent=57872"}],"wp:term":[{"taxonomy":"category","embeddable":true,"href":"https:\/\/vocesparalelas.com.ar\/sitio\/wp-json\/wp\/v2\/categories?post=57872"},{"taxonomy":"post_tag","embeddable":true,"href":"https:\/\/vocesparalelas.com.ar\/sitio\/wp-json\/wp\/v2\/tags?post=57872"}],"curies":[{"name":"wp","href":"https:\/\/api.w.org\/{rel}","templated":true}]}}