{"id":57867,"date":"2023-04-04T20:12:10","date_gmt":"2023-04-04T23:12:10","guid":{"rendered":"https:\/\/vocesparalelas.com.ar\/sitio\/?p=57867"},"modified":"2023-04-07T10:44:46","modified_gmt":"2023-04-07T13:44:46","slug":"mes-del-animal-con-la-app-para-concientizacion-en-san-juan","status":"publish","type":"post","link":"https:\/\/vocesparalelas.com.ar\/sitio\/mes-del-animal-con-la-app-para-concientizacion-en-san-juan\/","title":{"rendered":"Mes del \u00abAnimal\u00bb con la APP para concientizaci\u00f3n en San Juan"},"content":{"rendered":"<p>En el marco de las actividades conmemorativas del d\u00eda del animal, la Secretar\u00eda de Estado de Ambiente y Desarrollo Sustentable presenta el \u201cMes del Animal\u201d, un evento que nuclea diferentes actividades educativas, de concientizaci\u00f3n y un nuevo servicio a la comunidad.<\/p>\n<p>El objetivo de esta instauraci\u00f3n del mes del animal, es trabajar junto a toda la comunidad durante todo el mes de abril, sobre la importancia del cuidado de los animales dom\u00e9sticos, tenencia responsable y fortalecer el cambio de paradigma para evitar el abandono animal.<\/p>\n<p>La presentaci\u00f3n de las actividades del Mes del Animal, estuvo a cargo del secretario de Estado de Ambiente, Francisco Guevara; el director de Articulaci\u00f3n, Nicol\u00e1s Espejo y representantes de ONG proteccionistas<\/p>\n<p>El Secretario de Ambiente coment\u00f3 algunas de las acciones realizadas en el marco del Programa Acompa\u00f1ame y dijo que \u201cdesde la Secretaria equipamos todos los quir\u00f3fanos de cada municipio, ampliamos la cantidad de quir\u00f3fanos m\u00f3viles de Ambiente, contratamos m\u00e9dicos veterinarios, invertimos en movilidades, pusimos a disposici\u00f3n fondos para que lo municipios construyan los hogares de transito, adquirimos equipamiento y ahora sumamos una herramienta fundamental que nos permite modernizar el programa y digitalizar la gesti\u00f3n\u201d y agreg\u00f3 respecto al desarrollo de la nueva aplicaci\u00f3n que \u201ces importante resaltar que San Juan es la segunda provincia a nivel nacional que pone a disposici\u00f3n dicha aplicaci\u00f3n.<\/p>\n<p>Las principales actividades que la Secretar\u00eda de Estado de Ambiente desarrollar\u00e1 durante abril, incluyen la realizaci\u00f3n del Foro de Derecho y Tenencia Responsable de Animales; una obra teatral y la II Feria de Adopci\u00f3n Responsable de Mascotas, con la posibilidad de que proteccionistas y particulares pre inscriptos puedan llevar sus mascotas para adoptar. Adem\u00e1s, fue presentada una aplicaci\u00f3n para celular a trav\u00e9s de la cual la comunidad podr\u00e1 recibir servicios y colaborar con la adopci\u00f3n de mascotas.<\/p>\n<p>Por su parte, Nicol\u00e1s Espejo coment\u00f3 respecto a la aplicaci\u00f3n que \u201cestar\u00e1 operativa el pr\u00f3ximo 29 de abril y tiene como meta, agilizar y nuclear la informaci\u00f3n que nosotros tenemos. Esta aplicaci\u00f3n viene a cumplir lo que nos solicita la ley 2005 \u2013 L, sobre la creaci\u00f3n del registro de tenencia de animales de compa\u00f1\u00eda\u201d.<\/p>\n<p>El Director de Articulaci\u00f3n agreg\u00f3 adem\u00e1s que, \u201calgunos de los beneficios que tendr\u00e1 la aplicaci\u00f3n al descargarse, es la localizaci\u00f3n de georreferencia de aquellas mascotas que est\u00e9n extraviadas o presenten inconvenientes, se les alertar\u00e1 a quienes se registren a trav\u00e9s de la misma y a su vez los usuarios podr\u00e1n alertar a otros; las ONG proteccionistas podr\u00e1n tener un banco de adopci\u00f3n a disposici\u00f3n, donde los interesados podr\u00e1n ver im\u00e1genes de aquellas mascotas que puedan ser adoptadas.\u201d<\/p>\n<p>Finalmente dijo que \u201ctambi\u00e9n podr\u00e1n gestionar turnos para registrar a los perros potencialmente peligrosos, y turnos de vacunaci\u00f3n en cada quir\u00f3fano m\u00f3vil que tiene la provincia\u201d.<\/p>\n<h3>Actividades Mes del Animal<\/h3>\n<p>El d\u00eda 13 de abril se desarrollar\u00e1 durante toda la jornada el Foro de Derecho y Tenencia Responsable de Animales, Crear conciencia en la poblaci\u00f3n sobre las problem\u00e1ticas alrededor de la tenencia responsable y brindar informaci\u00f3n de lugares disponibles donde acudir. Esta jornada se llevar\u00e1 a cabo en Anexo de la Legislatura Provincial Sala Emar Acosta durante la ma\u00f1ana, mientras que en la tarde tendr\u00e1 continuidad en la tarde en el Centro Cultural Conte Grand.<\/p>\n<p>El d\u00eda 19 de corriente, se realizar\u00e1 la obra de teatro-t\u00edtere llamada \u201cTenencia Responsable\u201d, interpretada por el elenco La Chacota, en el Teatro Sarmiento. La obra estar\u00e1 dirigida a alumnos de Clubes Ambientales de nivel primario con el fin de llegar a este p\u00fablico con un mensaje concientizador acerca de la tenencia responsable de mascotas, el cuidado y la importancia de la vacunaci\u00f3n y esterilizaci\u00f3n de los animales, a trav\u00e9s de un guion din\u00e1mico y l\u00fadico que invita a la participaci\u00f3n de los espectadores.<br \/>\nPara cerrar este Mes del Animal, el s\u00e1bado 29 la Secretar\u00eda de Estado de Ambiente realzar\u00e1 la II Feria de Adopci\u00f3n Responsable en el Club Alfiles. All\u00ed, habr\u00e1 exposici\u00f3n y venta de productos elaborados por eco-emprendedores, pet shop, food truck y food beer, taller de elaboraci\u00f3n de juguetes con materiales reutilizados, bandas, Eco canje, desparasitaci\u00f3n, sorteos, tambi\u00e9n se realizar\u00e1 la obra \u201cTenencia Responsable\u201d y principalmente estar\u00e1 abierta la posibilidad de adoptar mascotas.<\/p>\n<p>La Secretar\u00eda de Estado de Ambiente y Desarrollo Sustentable se encuentra trabajando de manera federal en cada rinc\u00f3n de la provincia, para implementar pol\u00edticas p\u00fablicas de tenencia responsable de mascotas, a fin de brindarles una mejor calidad de vida y disminuir la poblaci\u00f3n de animales callejeros.<\/p>\n","protected":false},"excerpt":{"rendered":"<p>En el marco de las actividades conmemorativas del d\u00eda del animal, la Secretar\u00eda de Estado de Ambiente y Desarrollo Sustentable<\/p>\n","protected":false},"author":3,"featured_media":57870,"comment_status":"closed","ping_status":"closed","sticky":false,"template":"","format":"standard","meta":{"_acf_changed":false,"_seopress_robots_primary_cat":"none","_seopress_titles_title":"","_seopress_titles_desc":"","_seopress_robots_index":"","colormag_page_container_layout":"default_layout","colormag_page_sidebar_layout":"default_layout","footnotes":""},"categories":[5],"tags":[],"class_list":["post-57867","post","type-post","status-publish","format-standard","has-post-thumbnail","hentry","category-ofrecimientos"],"acf":[],"_links":{"self":[{"href":"https:\/\/vocesparalelas.com.ar\/sitio\/wp-json\/wp\/v2\/posts\/57867","targetHints":{"allow":["GET"]}}],"collection":[{"href":"https:\/\/vocesparalelas.com.ar\/sitio\/wp-json\/wp\/v2\/posts"}],"about":[{"href":"https:\/\/vocesparalelas.com.ar\/sitio\/wp-json\/wp\/v2\/types\/post"}],"author":[{"embeddable":true,"href":"https:\/\/vocesparalelas.com.ar\/sitio\/wp-json\/wp\/v2\/users\/3"}],"replies":[{"embeddable":true,"href":"https:\/\/vocesparalelas.com.ar\/sitio\/wp-json\/wp\/v2\/comments?post=57867"}],"version-history":[{"count":1,"href":"https:\/\/vocesparalelas.com.ar\/sitio\/wp-json\/wp\/v2\/posts\/57867\/revisions"}],"predecessor-version":[{"id":57871,"href":"https:\/\/vocesparalelas.com.ar\/sitio\/wp-json\/wp\/v2\/posts\/57867\/revisions\/57871"}],"wp:featuredmedia":[{"embeddable":true,"href":"https:\/\/vocesparalelas.com.ar\/sitio\/wp-json\/wp\/v2\/media\/57870"}],"wp:attachment":[{"href":"https:\/\/vocesparalelas.com.ar\/sitio\/wp-json\/wp\/v2\/media?parent=57867"}],"wp:term":[{"taxonomy":"category","embeddable":true,"href":"https:\/\/vocesparalelas.com.ar\/sitio\/wp-json\/wp\/v2\/categories?post=57867"},{"taxonomy":"post_tag","embeddable":true,"href":"https:\/\/vocesparalelas.com.ar\/sitio\/wp-json\/wp\/v2\/tags?post=57867"}],"curies":[{"name":"wp","href":"https:\/\/api.w.org\/{rel}","templated":true}]}}