{"id":57842,"date":"2023-04-04T22:40:48","date_gmt":"2023-04-05T01:40:48","guid":{"rendered":"https:\/\/vocesparalelas.com.ar\/sitio\/?p=57842"},"modified":"2023-04-05T00:41:14","modified_gmt":"2023-04-05T03:41:14","slug":"comenzo-las-celebraciones-por-los-50-anos-de-la-unsj","status":"publish","type":"post","link":"https:\/\/vocesparalelas.com.ar\/sitio\/comenzo-las-celebraciones-por-los-50-anos-de-la-unsj\/","title":{"rendered":"Comenz\u00f3 las celebraciones por los 50 a\u00f1os de la UNSJ"},"content":{"rendered":"<p>En el Hall del Edificio Central de la Universidad Nacional de San Juan, el Rector Ing. Tadeo Berenguer y la Vicedecana Dra. Anal\u00eda Ponce dio la bienvenida a los invitados que se sumaron a los festejos de inicio de las celebraciones por los 50 a\u00f1os de vida de la Alta Casa de Estudios.<\/p>\n<p>Lo que se destaca que el reencuentro trajo como consecuencia recuerdos, emociones, saludos y l\u00e1grimas entre los homenajeados que representan s\u00f3lo 50 como un pu\u00f1ado de los que apostaron a la instituci\u00f3n con el conocimiento, con una visi\u00f3n de dejar un legado educativo, cient\u00edfico y el crecimiento permanente para llegar al Sigo XIX.<\/p>\n<p>El acto comenz\u00f3 con el ingreso de los cuerpos de Bandera Argentina portada y acompa\u00f1ada por los mejores promedios de la<\/p>\n<ul>\n<li>Facultad de Ingenier\u00eda<\/li>\n<li>Facultad de Ciencias Exactas, F\u00edsicas y Naturales<\/li>\n<li>Facultad de Filosof\u00eda, Humanidades y Artes<\/li>\n<li>Facultad de Ciencias Sociales<\/li>\n<li>Facultad de Arquitectura, Urbanismo y Dise\u00f1o<\/li>\n<li>Escuela Universitaria de Ciencias de la Salud<\/li>\n<li>Escuela Industrial Domingo Faustino Sarmiento<\/li>\n<li>Escuela de Comercio Libertador Gral. San Mart\u00edn<\/li>\n<li>Colegio Central Universitario Dr. Mariano Moreno<\/li>\n<\/ul>\n<p><img loading=\"lazy\" decoding=\"async\" class=\"alignnone size-full wp-image-57847\" src=\"https:\/\/vocesparalelas.com.ar\/sitio\/wp-content\/uploads\/2023\/04\/UNSJ-FESTEJOS-03.jpg\" alt=\"\" width=\"800\" height=\"533\" srcset=\"https:\/\/vocesparalelas.com.ar\/sitio\/wp-content\/uploads\/2023\/04\/UNSJ-FESTEJOS-03.jpg 800w, https:\/\/vocesparalelas.com.ar\/sitio\/wp-content\/uploads\/2023\/04\/UNSJ-FESTEJOS-03-300x200.jpg 300w, https:\/\/vocesparalelas.com.ar\/sitio\/wp-content\/uploads\/2023\/04\/UNSJ-FESTEJOS-03-768x512.jpg 768w\" sizes=\"auto, (max-width: 800px) 100vw, 800px\" \/><\/p>\n<p>Luego se enton\u00f3 el Himno Nacional Argentino ejecutado por la Orquesta Sinf\u00f3nica y cantada por el Coro Universitario de la Universidad Nacional de San Juan.<\/p>\n<p>&nbsp;<\/p>\n<p><iframe loading=\"lazy\" title=\"UNSJ CORO Y ORQUESTA SINF\u00d3NICA\" width=\"800\" height=\"450\" src=\"https:\/\/www.youtube.com\/embed\/RNvrvtAmOiE?feature=oembed\" frameborder=\"0\" allow=\"accelerometer; autoplay; clipboard-write; encrypted-media; gyroscope; picture-in-picture; web-share\" allowfullscreen><\/iframe><\/p>\n<p>Posteriormente, el Rector de la UNSJ, Ing. Tadeo Berenguer tuvo el honor de anunciar los festejos del 50 a\u00f1os de la UNSJ, que nunca lo so\u00f1\u00f3 poder estar para este momento como autoridad de la instituci\u00f3n.<\/p>\n<p><iframe loading=\"lazy\" title=\"UNSJ RECTOR ING TADEO BERENGUER\" width=\"800\" height=\"450\" src=\"https:\/\/www.youtube.com\/embed\/poc0-lbITy4?feature=oembed\" frameborder=\"0\" allow=\"accelerometer; autoplay; clipboard-write; encrypted-media; gyroscope; picture-in-picture; web-share\" allowfullscreen><\/iframe><\/p>\n<p><span style=\"color: #0000ff;\"><strong>Personalidades distinguidas<\/strong><\/span><\/p>\n<p>Las personalidades distinguidas en el acto de la UNSJ corresponden a variadas disciplinas cient\u00edficas y a diferentes \u00e9pocas de la vida de esta Universidad P\u00fablica. Las mujeres tuvieron que ver con los momentos m\u00e1s emotivos al momento de los reconocimientos. Por ejemplo, cuando fueron distinguidas la vicerrectora M\u00f3nica Coca (recibi\u00f3 su hija Romina), la gran geof\u00edsica ya fallecida Patricia Alvarado (su esposo percibi\u00f3 la distinci\u00f3n) o la directora del Colegio Central Universitario, Esther S\u00e1nchez.<\/p>\n<p><span style=\"color: #0000ff;\"><strong>Facultad de Ingenier\u00eda:<\/strong><\/span>\u00a0Ing. Juan Marcet; Ing. Veremundo Fern\u00e1ndez; Ing. V\u00edctor Hugo Seminara; Dr. Ing. Benjam\u00edn Kuchen; Dr. Ing. Tulio del Bono<\/p>\n<p><span style=\"color: #0000ff;\"><strong>Facultad de Ciencias Exactas, F\u00edsicas y Naturales:<\/strong>\u00a0<\/span>Astr\u00f3nomo Carlos Ulrrico Cesco; Dra. Patricia Alvarado; Mg. Ricardo Mart\u00ednez; Dr. Raymundo Quiles Forradellas; Prof. Grisel Ortiz; Dr. William Sill.<\/p>\n<p><span style=\"color: #0000ff;\"><strong>Facultad de Filosof\u00eda, Humanidades y Artes:\u00a0<\/strong><\/span>Luis \u201cPolo\u201d Su\u00e1rez Jofr\u00e9 (creador del escudo de la UNSJ); Dr. Juan Mariel Erostarbe; Prof. Margarita Ferr\u00e1 de Bartol; Juan Argentino Petrachini; Berta Kleingut de Abner; Mg. Nelly Mar\u00eda Filippa<\/p>\n<p><span style=\"color: #0000ff;\"><strong>Facultad de Ciencias Sociales:\u00a0<\/strong><\/span>Lic. Eduardo Leonardelli; Abogada Margarita Camus; Lic. Cristina L\u00f3pez; Mg. Laura Fanny Avila; Abogado Daniel Olivares Yapur; Prof. Carlos Fager; Prof. Daniel \u201cChango\u201d Illanes.<\/p>\n<p><strong><span style=\"color: #0000ff;\">Facultad de Arquitectura, Urbanismo y Dise\u00f1o:<\/span>\u00a0<\/strong>Arq. Juan Brugiavini; Arq. Jaime Mateos; D.I.G Andres Asarchuck; Arq. Estela Carossia; Sra. Julia Rocco; Arq. Virginia Rodr\u00edguez.<\/p>\n<p><span style=\"color: #0000ff;\"><strong>Escuela Universitaria de Ciencias de la Salud:<\/strong><\/span>\u00a0Lic. Margarita Maldonado Rectorado: Esp. Lic. M\u00f3nica Coca (recibi\u00f3 su hija Romina Reta); Arq. Sebasti\u00e1n Villar; Julio Rodolfo Mill\u00e1n; Dr. Oscar Nasisi.<\/p>\n<p><span style=\"color: #0000ff;\"><strong>Escuela Industrial Domingo Faustino Sarmiento:<\/strong>\u00a0<\/span>Arq. Graciela Esteybar de Araya<\/p>\n<p><span style=\"color: #0000ff;\"><strong>Escuela de Comercio Libertador Gral. San Mart\u00edn:<\/strong><\/span>\u00a0Roberto Basualdo<\/p>\n<p><span style=\"color: #0000ff;\"><strong>Colegio Central Universitario Dr. Mariano Moreno:<\/strong><\/span>\u00a0Prof. Esther S\u00e1nchez; Beatriz Garc\u00eda de Huertas<\/p>\n<p><span style=\"color: #0000ff;\"><strong>M\u00e1s personalidades destacadas:<\/strong><\/span><\/p>\n<p>MSc Ing. Cristian Sisterna; Ing. Jos\u00e9 Luis Gioja; Dr. Luis Garc\u00e9s; Prof. Cecilia Trincado; Deportista Alejandro Toro; Srta. Florencia Ficcardi; Dr. F\u00e9lix G\u00f3mez; Locutor Nacional Eduardo Astorga; Dr. Ricardo Carelli; Artista Leonor Rigau de Carrieri; Deportista Cecilia del Carril; Ing. Carlos Graffigna, Arq. Sebasti\u00e1n Villar; Mg. Edgardo Mendoza; Prof. Rosita Collado; Juan Manuel Escobar; Juan Guti\u00e9rrez (estudiante desaparecido por la dictadura militar); Griselda D\u00edaz, y Cristian Andino.<\/p>\n<p><iframe loading=\"lazy\" title=\"UNSJ 50 A\u00d1OS DE VIDA\" width=\"800\" height=\"450\" src=\"https:\/\/www.youtube.com\/embed\/Zzbj50y8yqA?feature=oembed\" frameborder=\"0\" allow=\"accelerometer; autoplay; clipboard-write; encrypted-media; gyroscope; picture-in-picture; web-share\" allowfullscreen><\/iframe><\/p>\n<p>&nbsp;<\/p>\n<p><img loading=\"lazy\" decoding=\"async\" class=\"alignnone size-full wp-image-57845\" src=\"https:\/\/vocesparalelas.com.ar\/sitio\/wp-content\/uploads\/2023\/04\/UNSJ-FESTEJOS-01.jpg\" alt=\"\" width=\"800\" height=\"533\" srcset=\"https:\/\/vocesparalelas.com.ar\/sitio\/wp-content\/uploads\/2023\/04\/UNSJ-FESTEJOS-01.jpg 800w, https:\/\/vocesparalelas.com.ar\/sitio\/wp-content\/uploads\/2023\/04\/UNSJ-FESTEJOS-01-300x200.jpg 300w, https:\/\/vocesparalelas.com.ar\/sitio\/wp-content\/uploads\/2023\/04\/UNSJ-FESTEJOS-01-768x512.jpg 768w\" sizes=\"auto, (max-width: 800px) 100vw, 800px\" \/><\/p>\n<p>&nbsp;<\/p>\n","protected":false},"excerpt":{"rendered":"<p>En el Hall del Edificio Central de la Universidad Nacional de San Juan, el Rector Ing. Tadeo Berenguer y la<\/p>\n","protected":false},"author":3,"featured_media":57846,"comment_status":"closed","ping_status":"closed","sticky":false,"template":"","format":"standard","meta":{"_acf_changed":false,"_seopress_robots_primary_cat":"none","_seopress_titles_title":"","_seopress_titles_desc":"","_seopress_robots_index":"","colormag_page_container_layout":"default_layout","colormag_page_sidebar_layout":"default_layout","footnotes":""},"categories":[1,7],"tags":[],"class_list":["post-57842","post","type-post","status-publish","format-standard","has-post-thumbnail","hentry","category-destacadas","category-videos"],"acf":[],"_links":{"self":[{"href":"https:\/\/vocesparalelas.com.ar\/sitio\/wp-json\/wp\/v2\/posts\/57842","targetHints":{"allow":["GET"]}}],"collection":[{"href":"https:\/\/vocesparalelas.com.ar\/sitio\/wp-json\/wp\/v2\/posts"}],"about":[{"href":"https:\/\/vocesparalelas.com.ar\/sitio\/wp-json\/wp\/v2\/types\/post"}],"author":[{"embeddable":true,"href":"https:\/\/vocesparalelas.com.ar\/sitio\/wp-json\/wp\/v2\/users\/3"}],"replies":[{"embeddable":true,"href":"https:\/\/vocesparalelas.com.ar\/sitio\/wp-json\/wp\/v2\/comments?post=57842"}],"version-history":[{"count":1,"href":"https:\/\/vocesparalelas.com.ar\/sitio\/wp-json\/wp\/v2\/posts\/57842\/revisions"}],"predecessor-version":[{"id":57848,"href":"https:\/\/vocesparalelas.com.ar\/sitio\/wp-json\/wp\/v2\/posts\/57842\/revisions\/57848"}],"wp:featuredmedia":[{"embeddable":true,"href":"https:\/\/vocesparalelas.com.ar\/sitio\/wp-json\/wp\/v2\/media\/57846"}],"wp:attachment":[{"href":"https:\/\/vocesparalelas.com.ar\/sitio\/wp-json\/wp\/v2\/media?parent=57842"}],"wp:term":[{"taxonomy":"category","embeddable":true,"href":"https:\/\/vocesparalelas.com.ar\/sitio\/wp-json\/wp\/v2\/categories?post=57842"},{"taxonomy":"post_tag","embeddable":true,"href":"https:\/\/vocesparalelas.com.ar\/sitio\/wp-json\/wp\/v2\/tags?post=57842"}],"curies":[{"name":"wp","href":"https:\/\/api.w.org\/{rel}","templated":true}]}}