{"id":57831,"date":"2023-04-04T20:07:19","date_gmt":"2023-04-04T23:07:19","guid":{"rendered":"https:\/\/vocesparalelas.com.ar\/sitio\/?p=57831"},"modified":"2023-04-08T10:15:51","modified_gmt":"2023-04-08T13:15:51","slug":"41-aniversario-de-la-gesta-de-malvinas-en-homenaje-a-los-caidos-en-la-defensa-de-las-islas-en-san-juan","status":"publish","type":"post","link":"https:\/\/vocesparalelas.com.ar\/sitio\/41-aniversario-de-la-gesta-de-malvinas-en-homenaje-a-los-caidos-en-la-defensa-de-las-islas-en-san-juan\/","title":{"rendered":"41\u00b0 aniversario de la Gesta de Malvinas, en homenaje a los ca\u00eddos en la defensa de las Islas en San Juan"},"content":{"rendered":"<p>El 2 de Abril de 1982, la dictadura c\u00edvico-militar inici\u00f3 el desembarco de tropas en las Islas Malvinas, usurpadas por Inglaterra desde 1833. El conflicto armado concluy\u00f3 el 14 de Junio de 1982 con la rendici\u00f3n de la Argentina y provoc\u00f3 la muerte de 649 soldados argentinos, 255 brit\u00e1nicos y 3 civiles isle\u00f1os.<\/p>\n<p>En \u00e9ste marco hist\u00f3rico, el gobernador de San Juan, Dr. Sergio U\u00f1ac presidi\u00f3 el acto de conmemoraci\u00f3n, que comenz\u00f3 con el izamiento del Pabell\u00f3n Nacional. Estuvo acompa\u00f1ado por el vicegobernador, CPN Roberto Gattoni; el intendente de la Capital, Dr. Emilio Baistrocchi; el ministro de Gobierno, Dr. Alberto Hensel y el presidente de Agrupaci\u00f3n 2 de Abril, Oscar Albornoz.<\/p>\n<p><iframe loading=\"lazy\" title=\"SAN JUAN GESTA MALVINAS ARGENTINA\" width=\"800\" height=\"450\" src=\"https:\/\/www.youtube.com\/embed\/mofjmG_0aW8?start=7&#038;feature=oembed\" frameborder=\"0\" allow=\"accelerometer; autoplay; clipboard-write; encrypted-media; gyroscope; picture-in-picture; web-share\" allowfullscreen><\/iframe><\/p>\n<p>Participaron tambi\u00e9n el jefe del RIM 22, coronel Mart\u00edn Guillermo Mendoza; legisladores nacionales, provinciales; presidente de CEAS, Juan Morrone; FACAMA, Iris Monta\u00f1o y su presidente, Miguel Monta\u00f1o; Promoci\u00f3n 53 Escuela Suboficiales de la Fuerza A\u00e9rea; excombatientes y familiares de Ca\u00eddos en Malvinas.<\/p>\n<p>Durante la ceremonia, la Agrupaci\u00f3n 2 de abril present\u00f3 saludos protocolares al gobernador y tambi\u00e9n, a los h\u00e9roes del Malvinas presentes.<\/p>\n<p>Luego del acto de izamiento de la Bandera Argentina, entonaron las estrofas del Himno Nacional Argentino, ejecutado por la banda de m\u00fasica El Tambolar del RIM 22 y seguidamente se realiz\u00f3 un toque a silencio en honor a los fallecidos en combate.<\/p>\n<p><iframe loading=\"lazy\" title=\"SAN JUAN GESTA MALVINAS ARGENTINA\" width=\"800\" height=\"450\" src=\"https:\/\/www.youtube.com\/embed\/iYcfooDCils?start=18&#038;feature=oembed\" frameborder=\"0\" allow=\"accelerometer; autoplay; clipboard-write; encrypted-media; gyroscope; picture-in-picture; web-share\" allowfullscreen><\/iframe><\/p>\n<p>&nbsp;<\/p>\n<p>Posteriormente, tuvo lugar la colocaci\u00f3n de una ofrenda de laureles en el monumento Honor a los H\u00e9roes de Malvinas y el descubrimiento de un busto en escala real en memoria del cabo primero Agust\u00edn Hugo Monta\u00f1o.<\/p>\n<p><img loading=\"lazy\" decoding=\"async\" class=\"alignnone size-full wp-image-57839\" src=\"https:\/\/vocesparalelas.com.ar\/sitio\/wp-content\/uploads\/2023\/04\/GESTA-BUSTO.jpg\" alt=\"\" width=\"800\" height=\"533\" srcset=\"https:\/\/vocesparalelas.com.ar\/sitio\/wp-content\/uploads\/2023\/04\/GESTA-BUSTO.jpg 800w, https:\/\/vocesparalelas.com.ar\/sitio\/wp-content\/uploads\/2023\/04\/GESTA-BUSTO-300x200.jpg 300w, https:\/\/vocesparalelas.com.ar\/sitio\/wp-content\/uploads\/2023\/04\/GESTA-BUSTO-768x512.jpg 768w\" sizes=\"auto, (max-width: 800px) 100vw, 800px\" \/><\/p>\n<p>Seguidamente, la banda de m\u00fasica El Tambolar del RIM 22 ejecut\u00f3 el momento m\u00e1s emotivo que ejecut\u00f3 un minuto de silenci\u00f3 que encresp\u00f3 la piel.<\/p>\n<p><iframe loading=\"lazy\" title=\"SAN JUAN GESTA MALVINAS ARGENTINA\" width=\"800\" height=\"450\" src=\"https:\/\/www.youtube.com\/embed\/mtYpLzY0IWU?feature=oembed\" frameborder=\"0\" allow=\"accelerometer; autoplay; clipboard-write; encrypted-media; gyroscope; picture-in-picture; web-share\" allowfullscreen><\/iframe><\/p>\n<p>&nbsp;<\/p>\n<p>En \u00e9ste marco, la ceremonia cont\u00f3 con la bendici\u00f3n por parte del arzobispo Jorge Lozano. Hubo adem\u00e1s un sobrevuelo de los aviones de la Escuela de Pilotos \u201cH\u00e9roes de Malvinas\u00bb.<\/p>\n<p><iframe loading=\"lazy\" title=\"SAN JUAN GESTA MALVINAS ARGENTINA\" width=\"800\" height=\"450\" src=\"https:\/\/www.youtube.com\/embed\/bx2dhV-u94g?feature=oembed\" frameborder=\"0\" allow=\"accelerometer; autoplay; clipboard-write; encrypted-media; gyroscope; picture-in-picture; web-share\" allowfullscreen><\/iframe><\/p>\n<p>De esta manera comenz\u00f3 el discurso por parte de distintos referente como el ex cabo primero Juan Baigorria expres\u00f3 que \u00abhoy estamos rindiendo homenaje al primer sanjuanino ca\u00eddo en la Guerra de Malvinas, perteneciente a la Fuerza A\u00e9rea Argentina, de la que es parte la Promoci\u00f3n 53, Agust\u00edn Hugo Monta\u00f1o, de 25 a\u00f1os de edad\u201d.<\/p>\n<div class=\"cuerpo-principal\">\n<div class=\"itemBody\">\n<div class=\"itemFullText\">\n<p><iframe loading=\"lazy\" title=\"SAN JUAN GESTA MALVINAS ARGENTINA\" width=\"800\" height=\"450\" src=\"https:\/\/www.youtube.com\/embed\/FcuP5jzFlfU?start=29&#038;feature=oembed\" frameborder=\"0\" allow=\"accelerometer; autoplay; clipboard-write; encrypted-media; gyroscope; picture-in-picture; web-share\" allowfullscreen><\/iframe><\/p>\n<p>A continuaci\u00f3n el Prof. Miguel Monta\u00f1o manifest\u00f3 \u00abson 23 los sanjuaninos que murieron en la guerra, hombres que dejaron todo por la Patria y que nunca olvidaremos. Sentimos un gran orgullo por ello. Agradecemos a los amigos de la Promoci\u00f3n 53 por el esfuerzo en llegar a nuestra provincia para compartir \u00e9ste acto\u201d. Para cerrar su alocuci\u00f3n, Monta\u00f1o enumer\u00f3 a cada uno de los 23 sanjuaninos ca\u00eddos en Malvinas, mientras que los presentes brindaron un aplauso en su memoria.<\/p>\n<p><iframe loading=\"lazy\" title=\"SAN JUAN GESTA MALVINAS ARGENTINA\" width=\"800\" height=\"450\" src=\"https:\/\/www.youtube.com\/embed\/aBF_-DQSkuo?feature=oembed\" frameborder=\"0\" allow=\"accelerometer; autoplay; clipboard-write; encrypted-media; gyroscope; picture-in-picture; web-share\" allowfullscreen><\/iframe><\/p>\n<p><span style=\"color: #0000ff;\"><strong>Ca\u00eddos en el Crucero A.R.A. Gral. Belgrano<\/strong><\/span><\/p>\n<ul>\n<li>Alejandro Antonio Vergara Z\u00e1rate<\/li>\n<li>C\u00e9sar\u00a0 Ernesto Alvarez<\/li>\n<li>Hugo Dardo Ahumada<\/li>\n<li>Julio C\u00e9sar Ahumada<\/li>\n<li>Argentino Antonio Balmaceda<\/li>\n<li>Pedro Antonio Castro<\/li>\n<li>Hugo Ram\u00f3n Fern\u00e1ndez<\/li>\n<li>Manuel Domingo Fern\u00e1ndez<\/li>\n<li>Juan Carlos Gonz\u00e1lez<\/li>\n<li>Jos\u00e9 Esteban Lucero<\/li>\n<li>Hugo Angel Le\u00f3n Llanos<\/li>\n<li>Ancelmo Nicomedes Meli\u00e1n Castro<\/li>\n<li>Eduardo Waldo Moreno<\/li>\n<li>Pablo Orlando Ortiz<\/li>\n<li>Teodoro Roberto Romero<\/li>\n<li>An\u00edbal C\u00e9sar Sarmiento<\/li>\n<li>Jorge Lu\u00eds Salas Castro<\/li>\n<li>Julio C\u00e9sar Tello<\/li>\n<li>H\u00e9ctor Alejandro Vargas Garc\u00eda<\/li>\n<li>Jorge Antonio Yacante<\/li>\n<li>Julio C\u00e9sar Cuello<\/li>\n<\/ul>\n<p><span style=\"color: #0000ff;\"><strong>Ca\u00eddos en las Islas Malvinas<\/strong><\/span><\/p>\n<ul>\n<li>Oscar Augusto Silva<\/li>\n<li>Agust\u00edn Hugo Monta\u00f1o<\/li>\n<\/ul>\n<p style=\"text-align: center;\"><span style=\"color: #0000ff;\"><strong>\u00a0<\/strong><strong>NO LOS OLVIDEMOS<\/strong><\/span><\/p>\n<p><strong>\u00a0<\/strong>Del libro \u201cMalvinas su historia, San Juan sus H\u00e9roes\u201d, de los Prof. Miguel A. Monta\u00f1o y Anal\u00eda F. Rodr\u00edguez.<\/p>\n<p>Integrante de la Promoci\u00f3n 1953 el excombatiente Andr\u00e9s Dazo destac\u00f3 el apoyo del Gobierno Provincial para con los Ca\u00eddos en Malvinas y se refiri\u00f3 a la concientizaci\u00f3n de la ciudadan\u00eda sobre lo que pas\u00f3 en esa guerra. San Juan es, junto con La Pampa, una de las dos provincias con leyes y con un obrar destacado en la contenci\u00f3n del veterano de guerra\u201d.<\/p>\n<\/div>\n<p><iframe loading=\"lazy\" title=\"SAN JUAN GESTA MALVINAS ARGENTINA\" width=\"800\" height=\"450\" src=\"https:\/\/www.youtube.com\/embed\/TLFZ16OJkxQ?feature=oembed\" frameborder=\"0\" allow=\"accelerometer; autoplay; clipboard-write; encrypted-media; gyroscope; picture-in-picture; web-share\" allowfullscreen><\/iframe><\/p>\n<div class=\"itemFullText\">\n<p>El Gobernador de San Juan, Dr. Sergio U\u00f1ac destac\u00f3 que \u201cQuiero que mis palabras vayan al reconocimiento de los verdaderos protagonistas de la gesta hist\u00f3rica, a sus familiares. Mis palabras son solo un peque\u00f1o relato de lo que han vivido ustedes y la sociedad argentina. Ante situaciones traum\u00e1ticas, tenemos que luchar por el recuerdo, ante el olvido\u201d.<\/p>\n<p><iframe loading=\"lazy\" title=\"SAN JUAN GESTA MALVINAS ARGENTINA\" width=\"800\" height=\"450\" src=\"https:\/\/www.youtube.com\/embed\/WYZnAeGcz4E?feature=oembed\" frameborder=\"0\" allow=\"accelerometer; autoplay; clipboard-write; encrypted-media; gyroscope; picture-in-picture; web-share\" allowfullscreen><\/iframe><\/p>\n<p>Para cerrar el acto, se enton\u00f3 la Marcha a Malvinas, interpretada por la banda de m\u00fasica El Tambolar del RIM 22.<\/p>\n<p><iframe loading=\"lazy\" title=\"SAN JUAN GESTA MALVINAS ARGENTINA\" width=\"800\" height=\"450\" src=\"https:\/\/www.youtube.com\/embed\/vqNr59oWl54?feature=oembed\" frameborder=\"0\" allow=\"accelerometer; autoplay; clipboard-write; encrypted-media; gyroscope; picture-in-picture; web-share\" allowfullscreen><\/iframe><\/p>\n<p>Posteriormente, los presentes se trasladaron a calle San Luis donde las fuerzas de seguridad de la provincia realizaron desfile c\u00edvico militar.<\/p>\n<p><iframe loading=\"lazy\" title=\"SAN JUAN GESTA MALVINAS ARGENTINA\" width=\"800\" height=\"450\" src=\"https:\/\/www.youtube.com\/embed\/cTT6PICSWbA?start=2&#038;feature=oembed\" frameborder=\"0\" allow=\"accelerometer; autoplay; clipboard-write; encrypted-media; gyroscope; picture-in-picture; web-share\" allowfullscreen><\/iframe><\/p>\n<p>Tambi\u00e9n, pasaron los familiares de los ca\u00eddos en las Islas Malvinas que con orgullo desfilaron ante los presentes<\/p>\n<p><iframe loading=\"lazy\" title=\"SAN JUAN GESTA MALVINAS ARGENTINA\" width=\"800\" height=\"450\" src=\"https:\/\/www.youtube.com\/embed\/9PZgNrugbPc?feature=oembed\" frameborder=\"0\" allow=\"accelerometer; autoplay; clipboard-write; encrypted-media; gyroscope; picture-in-picture; web-share\" allowfullscreen><\/iframe><\/p>\n<p>Adem\u00e1s de los mencionados, asistieron al acto ministros, secretarios de Estado del Ejecutivo Provincial; jefes de Inteligencia Monta\u00f1a San Juan, Gladys Riquelme; X Agrupaci\u00f3n Gendarmer\u00eda, Ariel C\u00e1mera; delegado Naval en San Juan, H\u00e9ctor P\u00e9rez; Agencia Regional Cuyo, PFA, Silvio Carrizo; jefe de Aeropuerto San Juan, Marcelo Vill\u00e1n; de Polic\u00eda de San Juan, Luis Mart\u00ednez; director del Servicio Penitenciario Provincial, Adriel Fern\u00e1ndez y el presidente del Consejo Deliberante de la Municipalidad de San Juan, Ariel Palma.<\/p>\n<\/div>\n<div class=\"clr\"><\/div>\n<\/div>\n<div class=\"itemBackToTop\"><\/div>\n<div class=\"clr\"><\/div>\n<\/div>\n","protected":false},"excerpt":{"rendered":"<p>El 2 de Abril de 1982, la dictadura c\u00edvico-militar inici\u00f3 el desembarco de tropas en las Islas Malvinas, usurpadas por<\/p>\n","protected":false},"author":3,"featured_media":57840,"comment_status":"closed","ping_status":"closed","sticky":false,"template":"","format":"standard","meta":{"_acf_changed":false,"_seopress_robots_primary_cat":"none","_seopress_titles_title":"","_seopress_titles_desc":"","_seopress_robots_index":"","colormag_page_container_layout":"default_layout","colormag_page_sidebar_layout":"default_layout","footnotes":""},"categories":[10,7],"tags":[],"class_list":["post-57831","post","type-post","status-publish","format-standard","has-post-thumbnail","hentry","category-opiniones","category-videos"],"acf":[],"_links":{"self":[{"href":"https:\/\/vocesparalelas.com.ar\/sitio\/wp-json\/wp\/v2\/posts\/57831","targetHints":{"allow":["GET"]}}],"collection":[{"href":"https:\/\/vocesparalelas.com.ar\/sitio\/wp-json\/wp\/v2\/posts"}],"about":[{"href":"https:\/\/vocesparalelas.com.ar\/sitio\/wp-json\/wp\/v2\/types\/post"}],"author":[{"embeddable":true,"href":"https:\/\/vocesparalelas.com.ar\/sitio\/wp-json\/wp\/v2\/users\/3"}],"replies":[{"embeddable":true,"href":"https:\/\/vocesparalelas.com.ar\/sitio\/wp-json\/wp\/v2\/comments?post=57831"}],"version-history":[{"count":4,"href":"https:\/\/vocesparalelas.com.ar\/sitio\/wp-json\/wp\/v2\/posts\/57831\/revisions"}],"predecessor-version":[{"id":57918,"href":"https:\/\/vocesparalelas.com.ar\/sitio\/wp-json\/wp\/v2\/posts\/57831\/revisions\/57918"}],"wp:featuredmedia":[{"embeddable":true,"href":"https:\/\/vocesparalelas.com.ar\/sitio\/wp-json\/wp\/v2\/media\/57840"}],"wp:attachment":[{"href":"https:\/\/vocesparalelas.com.ar\/sitio\/wp-json\/wp\/v2\/media?parent=57831"}],"wp:term":[{"taxonomy":"category","embeddable":true,"href":"https:\/\/vocesparalelas.com.ar\/sitio\/wp-json\/wp\/v2\/categories?post=57831"},{"taxonomy":"post_tag","embeddable":true,"href":"https:\/\/vocesparalelas.com.ar\/sitio\/wp-json\/wp\/v2\/tags?post=57831"}],"curies":[{"name":"wp","href":"https:\/\/api.w.org\/{rel}","templated":true}]}}