{"id":57701,"date":"2023-03-30T22:48:39","date_gmt":"2023-03-31T01:48:39","guid":{"rendered":"https:\/\/vocesparalelas.com.ar\/sitio\/?p=57701"},"modified":"2023-03-31T23:15:04","modified_gmt":"2023-04-01T02:15:04","slug":"campana-cuidemos-la-salud-auditiva-de-nuestros-bebes-en-san-juan","status":"publish","type":"post","link":"https:\/\/vocesparalelas.com.ar\/sitio\/campana-cuidemos-la-salud-auditiva-de-nuestros-bebes-en-san-juan\/","title":{"rendered":"Campa\u00f1a \u201cCuidemos la salud auditiva de nuestros beb\u00e9s\u201d en San Juan"},"content":{"rendered":"<p>El Hospital Rawson realiza estudios de primeras Otoemisiones ac\u00fasticas a beb\u00e9s de 0 a 6 meses que no se realizaron la pesquisa auditiva al nacer, bajo el lema \u201cCuidemos la salud auditiva de nuestros beb\u00e9s\u201d, el Lunes, 3; el Martes, 4 y el Mi\u00e9rcoles, 5 de Abril, de 7.30 a 11.00 horas, en Fonoaudiolog\u00eda, Gral. Paz, PB, ala sur, Gral. Paz pasando Av. Rawson.<\/p>\n<p>En ese espacio se realizan dichos estudios a beb\u00e9s que NO se realizaron la pesquisa auditiva.<\/p>\n<p>La campa\u00f1a est\u00e1 dirigida a beb\u00e9s de 0 a 6 meses, no es necesario sacar turno y se atiende por orden de llegada.<\/p>\n<p><strong><span style=\"color: #ff0000;\">Requisitos<\/span><\/strong><\/p>\n<ul>\n<li>DNI<\/li>\n<li>Libreta Sanitaria.<\/li>\n<\/ul>\n<p><strong><span style=\"color: #ff0000;\">Muy importante<\/span><\/strong><\/p>\n<p>El beb\u00e9 no debe estar resfriado.<\/p>\n<p>&nbsp;<\/p>\n<p><img loading=\"lazy\" decoding=\"async\" class=\"alignnone size-full wp-image-27493\" src=\"https:\/\/vocesparalelas.com.ar\/sitio\/wp-content\/uploads\/2020\/04\/HOSPITAL-RAWSON-10.jpg\" alt=\"\" width=\"800\" height=\"533\" srcset=\"https:\/\/vocesparalelas.com.ar\/sitio\/wp-content\/uploads\/2020\/04\/HOSPITAL-RAWSON-10.jpg 800w, https:\/\/vocesparalelas.com.ar\/sitio\/wp-content\/uploads\/2020\/04\/HOSPITAL-RAWSON-10-300x200.jpg 300w, https:\/\/vocesparalelas.com.ar\/sitio\/wp-content\/uploads\/2020\/04\/HOSPITAL-RAWSON-10-768x512.jpg 768w\" sizes=\"auto, (max-width: 800px) 100vw, 800px\" \/><\/p>\n","protected":false},"excerpt":{"rendered":"<p>El Hospital Rawson realiza estudios de primeras Otoemisiones ac\u00fasticas a beb\u00e9s de 0 a 6 meses que no se realizaron<\/p>\n","protected":false},"author":3,"featured_media":27624,"comment_status":"closed","ping_status":"closed","sticky":false,"template":"","format":"standard","meta":{"_acf_changed":false,"_seopress_robots_primary_cat":"none","_seopress_titles_title":"","_seopress_titles_desc":"","_seopress_robots_index":"","colormag_page_container_layout":"default_layout","colormag_page_sidebar_layout":"default_layout","footnotes":""},"categories":[6],"tags":[],"class_list":["post-57701","post","type-post","status-publish","format-standard","has-post-thumbnail","hentry","category-eventos"],"acf":[],"_links":{"self":[{"href":"https:\/\/vocesparalelas.com.ar\/sitio\/wp-json\/wp\/v2\/posts\/57701","targetHints":{"allow":["GET"]}}],"collection":[{"href":"https:\/\/vocesparalelas.com.ar\/sitio\/wp-json\/wp\/v2\/posts"}],"about":[{"href":"https:\/\/vocesparalelas.com.ar\/sitio\/wp-json\/wp\/v2\/types\/post"}],"author":[{"embeddable":true,"href":"https:\/\/vocesparalelas.com.ar\/sitio\/wp-json\/wp\/v2\/users\/3"}],"replies":[{"embeddable":true,"href":"https:\/\/vocesparalelas.com.ar\/sitio\/wp-json\/wp\/v2\/comments?post=57701"}],"version-history":[{"count":1,"href":"https:\/\/vocesparalelas.com.ar\/sitio\/wp-json\/wp\/v2\/posts\/57701\/revisions"}],"predecessor-version":[{"id":57704,"href":"https:\/\/vocesparalelas.com.ar\/sitio\/wp-json\/wp\/v2\/posts\/57701\/revisions\/57704"}],"wp:featuredmedia":[{"embeddable":true,"href":"https:\/\/vocesparalelas.com.ar\/sitio\/wp-json\/wp\/v2\/media\/27624"}],"wp:attachment":[{"href":"https:\/\/vocesparalelas.com.ar\/sitio\/wp-json\/wp\/v2\/media?parent=57701"}],"wp:term":[{"taxonomy":"category","embeddable":true,"href":"https:\/\/vocesparalelas.com.ar\/sitio\/wp-json\/wp\/v2\/categories?post=57701"},{"taxonomy":"post_tag","embeddable":true,"href":"https:\/\/vocesparalelas.com.ar\/sitio\/wp-json\/wp\/v2\/tags?post=57701"}],"curies":[{"name":"wp","href":"https:\/\/api.w.org\/{rel}","templated":true}]}}