{"id":57688,"date":"2023-03-29T22:16:22","date_gmt":"2023-03-30T01:16:22","guid":{"rendered":"https:\/\/vocesparalelas.com.ar\/sitio\/?p=57688"},"modified":"2023-03-30T18:54:14","modified_gmt":"2023-03-30T21:54:14","slug":"bienvenida-a-los-estudiantes-extranjeros-que-cursan-durante-un-semestre-su-carrera-de-grado-en-la-unsj","status":"publish","type":"post","link":"https:\/\/vocesparalelas.com.ar\/sitio\/bienvenida-a-los-estudiantes-extranjeros-que-cursan-durante-un-semestre-su-carrera-de-grado-en-la-unsj\/","title":{"rendered":"Bienvenida a los estudiantes extranjeros que cursan durante un semestre su carrera de grado en la UNSJ"},"content":{"rendered":"<p>En el Hall del Rectorado de la Universidad Nacional de San Juan se realiz\u00f3 la bienvenida a los a los estudiantes extranjeros que cursan durante un semestre su carrera de grado en distintas Unidades Acad\u00e9micas de la UNSJ.<\/p>\n<p>Estuvieron presentes el Rector de la UNSJ, Mg. Ing. Tadeo Berenguer, la Vicerrectora Dra. Anal\u00eda Ponce y la\u00a0 Secretaria de Posgrado y Relaciones Internacionales de la UNSJ, Dra. Alicia Malmod, los Decanos y Vicedecanos de las Unidades Acad\u00e9micas, los estudiantes extranjeros y gu\u00edas.<\/p>\n<p>La\u00a0 Secretaria de Posgrado y Relaciones Internacionales de la UNSJ, Dra. Alicia Malmod, hizo la presentaci\u00f3n del Programa que cumple 10 a\u00f1os de aplicaci\u00f3n y que a trav\u00e9s de los a\u00f1os se fue fortaleciendo en las distintas gestiones de la UNSJ.<\/p>\n<p>Destac\u00f3 adem\u00e1s, la potencialidad de la Movilidad acad\u00e9mica virtual al abrir el acceso y las oportunidades a aquellos estudiantes que no pueden viajar por diversos motivos, permiti\u00e9ndoles la posibilidad de participar de una experiencia internacional.<\/p>\n<p>La Dra. Malmod hizo hincapi\u00e9 en la necesidad de trabajar en los procesos de \u00abdoble titulaci\u00f3n\u00bb y se refiri\u00f3 a la pr\u00f3xima Convocatoria a Proyectos de Internacionalizaci\u00f3n de la Educaci\u00f3n Superior en la UNSJ colocando \u00e9nfasis en el pluriling\u00fcismo, la formaci\u00f3n intercultural y la competencia comunicativa.<\/p>\n<p>Posteriormente y mediante un video, los estudiantes de la UNSJ que se encuentran cursando un semestre en distintos pa\u00edses latinoamericanos con estos Programas comentaron la experiencia que significa la movilidad acad\u00e9mica.<\/p>\n<p>Por otra parte y de manera presencial, Javier Scalia, quien efectu\u00f3 este intercambio en M\u00e9xico durante el a\u00f1o 2022, como estudiante de la Facultad de Arquitectura, Urbanismo y Dise\u00f1o, relat\u00f3 la proyecci\u00f3n que esta actividad ha tenido en su formaci\u00f3n y la relevancia del trabajo acad\u00e9mico desarrollado.<\/p>\n<p>El acto fue muy emocionante y con grandes expectativas por parte de los estudiantes extranjeros de M\u00e9xico, Colombia, Ecuador, Uruguay, Brasil y Per\u00fa. Se presentaron y expresaron su felicidad de participar del Programa de intercambio. Adem\u00e1s, recibieron presentes por parte de las autoridades de la UNSJ.<\/p>\n<p><img loading=\"lazy\" decoding=\"async\" class=\"alignnone size-full wp-image-57693\" src=\"https:\/\/vocesparalelas.com.ar\/sitio\/wp-content\/uploads\/2023\/03\/UNSJ-EXTRANJEROS-03.jpg\" alt=\"\" width=\"800\" height=\"533\" srcset=\"https:\/\/vocesparalelas.com.ar\/sitio\/wp-content\/uploads\/2023\/03\/UNSJ-EXTRANJEROS-03.jpg 800w, https:\/\/vocesparalelas.com.ar\/sitio\/wp-content\/uploads\/2023\/03\/UNSJ-EXTRANJEROS-03-300x200.jpg 300w, https:\/\/vocesparalelas.com.ar\/sitio\/wp-content\/uploads\/2023\/03\/UNSJ-EXTRANJEROS-03-768x512.jpg 768w\" sizes=\"auto, (max-width: 800px) 100vw, 800px\" \/><\/p>\n<p>Posteriormente, fueron homenajeados los estudiantes gu\u00edas, quienes fueron en distintos a\u00f1os parte del Programa y cumplieron su sue\u00f1o de intercambio en otros pa\u00edses Latinoamericano<\/p>\n<p>&nbsp;<\/p>\n<p><img loading=\"lazy\" decoding=\"async\" class=\"alignnone size-full wp-image-57692\" src=\"https:\/\/vocesparalelas.com.ar\/sitio\/wp-content\/uploads\/2023\/03\/UNSJ-EXTRANJEROS-02.jpg\" alt=\"\" width=\"800\" height=\"533\" srcset=\"https:\/\/vocesparalelas.com.ar\/sitio\/wp-content\/uploads\/2023\/03\/UNSJ-EXTRANJEROS-02.jpg 800w, https:\/\/vocesparalelas.com.ar\/sitio\/wp-content\/uploads\/2023\/03\/UNSJ-EXTRANJEROS-02-300x200.jpg 300w, https:\/\/vocesparalelas.com.ar\/sitio\/wp-content\/uploads\/2023\/03\/UNSJ-EXTRANJEROS-02-768x512.jpg 768w\" sizes=\"auto, (max-width: 800px) 100vw, 800px\" \/><\/p>\n<p>Para finalizar el Rector de la UNSJ, Mg. Ing. Tadeo Berenguer dio la Bienvenida a los estudiantes extranjeros y puntualiz\u00f3 que cada uno pueda intercambiar impresiones sobre los saberes y conocimientos que ofrecen estos Programas.<\/p>\n<p><iframe loading=\"lazy\" title=\"UNSJ RECTOR ING TADEO BERENGUER\" width=\"800\" height=\"450\" src=\"https:\/\/www.youtube.com\/embed\/xJ_zhlm6RVw?feature=oembed\" frameborder=\"0\" allow=\"accelerometer; autoplay; clipboard-write; encrypted-media; gyroscope; picture-in-picture; web-share\" allowfullscreen><\/iframe><\/p>\n<p>&nbsp;<\/p>\n<p>Finalizado el acto, Voces Paralelas desarroll\u00f3 una entrevista Period\u00edstica a la Secretaria de Posgrado y Relaciones Internacionales de la UNSJ, Dra. Alicia Malmod, quien explic\u00f3 lo que significa el Programa de Movilidad no s\u00f3lo para la UNSJ sino para los estudiantes extranjeros como para los estudiantes de la instituci\u00f3n que viajan a pa\u00edses Latinoamericano.<\/p>\n<p><iframe loading=\"lazy\" title=\"UNSJ DRA ALICIA MALMOD\" width=\"800\" height=\"450\" src=\"https:\/\/www.youtube.com\/embed\/Kut1EgYzAmY?feature=oembed\" frameborder=\"0\" allow=\"accelerometer; autoplay; clipboard-write; encrypted-media; gyroscope; picture-in-picture; web-share\" allowfullscreen><\/iframe><\/p>\n<p>&nbsp;<\/p>\n<p>La Bienvenida permiti\u00f3 compartir un \u00e1gape donde se pudo compartir experiencias y el asombro de los estudiantes extranjeros de degustar alimentos argentinos.<\/p>\n","protected":false},"excerpt":{"rendered":"<p>En el Hall del Rectorado de la Universidad Nacional de San Juan se realiz\u00f3 la bienvenida a los a los<\/p>\n","protected":false},"author":3,"featured_media":57691,"comment_status":"closed","ping_status":"closed","sticky":false,"template":"","format":"standard","meta":{"_acf_changed":false,"_seopress_robots_primary_cat":"none","_seopress_titles_title":"","_seopress_titles_desc":"","_seopress_robots_index":"","colormag_page_container_layout":"default_layout","colormag_page_sidebar_layout":"default_layout","footnotes":""},"categories":[1,7],"tags":[],"class_list":["post-57688","post","type-post","status-publish","format-standard","has-post-thumbnail","hentry","category-destacadas","category-videos"],"acf":[],"_links":{"self":[{"href":"https:\/\/vocesparalelas.com.ar\/sitio\/wp-json\/wp\/v2\/posts\/57688","targetHints":{"allow":["GET"]}}],"collection":[{"href":"https:\/\/vocesparalelas.com.ar\/sitio\/wp-json\/wp\/v2\/posts"}],"about":[{"href":"https:\/\/vocesparalelas.com.ar\/sitio\/wp-json\/wp\/v2\/types\/post"}],"author":[{"embeddable":true,"href":"https:\/\/vocesparalelas.com.ar\/sitio\/wp-json\/wp\/v2\/users\/3"}],"replies":[{"embeddable":true,"href":"https:\/\/vocesparalelas.com.ar\/sitio\/wp-json\/wp\/v2\/comments?post=57688"}],"version-history":[{"count":1,"href":"https:\/\/vocesparalelas.com.ar\/sitio\/wp-json\/wp\/v2\/posts\/57688\/revisions"}],"predecessor-version":[{"id":57694,"href":"https:\/\/vocesparalelas.com.ar\/sitio\/wp-json\/wp\/v2\/posts\/57688\/revisions\/57694"}],"wp:featuredmedia":[{"embeddable":true,"href":"https:\/\/vocesparalelas.com.ar\/sitio\/wp-json\/wp\/v2\/media\/57691"}],"wp:attachment":[{"href":"https:\/\/vocesparalelas.com.ar\/sitio\/wp-json\/wp\/v2\/media?parent=57688"}],"wp:term":[{"taxonomy":"category","embeddable":true,"href":"https:\/\/vocesparalelas.com.ar\/sitio\/wp-json\/wp\/v2\/categories?post=57688"},{"taxonomy":"post_tag","embeddable":true,"href":"https:\/\/vocesparalelas.com.ar\/sitio\/wp-json\/wp\/v2\/tags?post=57688"}],"curies":[{"name":"wp","href":"https:\/\/api.w.org\/{rel}","templated":true}]}}