{"id":57671,"date":"2023-03-29T15:40:03","date_gmt":"2023-03-29T18:40:03","guid":{"rendered":"https:\/\/vocesparalelas.com.ar\/sitio\/?p=57671"},"modified":"2023-03-31T01:27:03","modified_gmt":"2023-03-31T04:27:03","slug":"haberes-marzo-2023-para-la-administracion-publica-de-san-juan","status":"publish","type":"post","link":"https:\/\/vocesparalelas.com.ar\/sitio\/haberes-marzo-2023-para-la-administracion-publica-de-san-juan\/","title":{"rendered":"Haberes \u00abMarzo 2023\u00bb para la Administraci\u00f3n P\u00fablica de San Juan"},"content":{"rendered":"<p>Desde la Secretar\u00eda de Hacienda y Finanzas anunciaron que el S\u00e1bado, 1 de Abril se encontrar\u00e1n acreditados en cajeros los haberes \u00abMarzo de 2023\u00bb para la Administraci\u00f3n P\u00fablica Provincial.<\/p>\n<p>En cumplimiento de lo acordado, que los sueldos le ganen a la inflaci\u00f3n, para el inicio del 2023 se aplic\u00f3 la inflaci\u00f3n publicada de diciembre 2022 del 5,1% para los haberes del mes de enero y la inflaci\u00f3n publicada de enero 2023, del 6%, para los haberes de febrero. Con esta actualizaci\u00f3n de haberes los salarios estatales acumularon un 11,1% de aumento salarial en los dos primeros meses del a\u00f1o.<\/p>\n<p>Asimismo, y conforme a lo acordado con los gremios, los salarios del mes de Marzo, a abonarse el 1 de Abril, incluyen el 30% de aumento que, sumado al 11,1% ya incorporado completan el 41,1% de aumento para el primer trimestre del 2023.<\/p>\n<p>Se recuerda que, conforme a la decisi\u00f3n pol\u00edtica del gobernador Dr. Sergio U\u00f1ac de incrementar los salarios de los sectores de menores ingresos, se garantiza, a partir de marzo para el maestro de grado jornada simple $180.000 de neto. Para los salarios netos inferiores a 180.000 se abona una suma no remunerativa mensual y por persona de hasta $42.500. Esta suma se abona en planilla complementaria.<\/p>\n<p><span style=\"color: #339966;\"><strong>Los docentes cobrar\u00e1n el 100% de sus haberes<\/strong><\/span><\/p>\n<p>El Ministerio de Educaci\u00f3n del Gobierno de San Juan informa que acorde a la decisi\u00f3n tomada el 22\/03, respecto a los salarios de los docentes, fecha en que ya se encontraban grabados los descuentos pertinentes, conforme planilla de novedades presentadas por directivos escolares, y que los descuentos realizados no coinciden con los informes de presentismo a los lugares de trabajo, se resuelve suspender la aplicaci\u00f3n de los mismos.<\/p>\n<p>Es por ello que en planillas complementarias antes del 5 de abril, se abonar\u00e1n los importes descontados, y las sumas correspondientes al adelanto de incrementos salariales anunciados.<\/p>\n<p>&nbsp;<\/p>\n","protected":false},"excerpt":{"rendered":"<p>Desde la Secretar\u00eda de Hacienda y Finanzas anunciaron que el S\u00e1bado, 1 de Abril se encontrar\u00e1n acreditados en cajeros los<\/p>\n","protected":false},"author":3,"featured_media":5039,"comment_status":"closed","ping_status":"closed","sticky":false,"template":"","format":"standard","meta":{"_acf_changed":false,"_seopress_robots_primary_cat":"none","_seopress_titles_title":"","_seopress_titles_desc":"","_seopress_robots_index":"","colormag_page_container_layout":"default_layout","colormag_page_sidebar_layout":"default_layout","footnotes":""},"categories":[6],"tags":[],"class_list":["post-57671","post","type-post","status-publish","format-standard","has-post-thumbnail","hentry","category-eventos"],"acf":[],"_links":{"self":[{"href":"https:\/\/vocesparalelas.com.ar\/sitio\/wp-json\/wp\/v2\/posts\/57671","targetHints":{"allow":["GET"]}}],"collection":[{"href":"https:\/\/vocesparalelas.com.ar\/sitio\/wp-json\/wp\/v2\/posts"}],"about":[{"href":"https:\/\/vocesparalelas.com.ar\/sitio\/wp-json\/wp\/v2\/types\/post"}],"author":[{"embeddable":true,"href":"https:\/\/vocesparalelas.com.ar\/sitio\/wp-json\/wp\/v2\/users\/3"}],"replies":[{"embeddable":true,"href":"https:\/\/vocesparalelas.com.ar\/sitio\/wp-json\/wp\/v2\/comments?post=57671"}],"version-history":[{"count":1,"href":"https:\/\/vocesparalelas.com.ar\/sitio\/wp-json\/wp\/v2\/posts\/57671\/revisions"}],"predecessor-version":[{"id":57674,"href":"https:\/\/vocesparalelas.com.ar\/sitio\/wp-json\/wp\/v2\/posts\/57671\/revisions\/57674"}],"wp:featuredmedia":[{"embeddable":true,"href":"https:\/\/vocesparalelas.com.ar\/sitio\/wp-json\/wp\/v2\/media\/5039"}],"wp:attachment":[{"href":"https:\/\/vocesparalelas.com.ar\/sitio\/wp-json\/wp\/v2\/media?parent=57671"}],"wp:term":[{"taxonomy":"category","embeddable":true,"href":"https:\/\/vocesparalelas.com.ar\/sitio\/wp-json\/wp\/v2\/categories?post=57671"},{"taxonomy":"post_tag","embeddable":true,"href":"https:\/\/vocesparalelas.com.ar\/sitio\/wp-json\/wp\/v2\/tags?post=57671"}],"curies":[{"name":"wp","href":"https:\/\/api.w.org\/{rel}","templated":true}]}}