{"id":57659,"date":"2023-03-28T21:44:30","date_gmt":"2023-03-29T00:44:30","guid":{"rendered":"https:\/\/vocesparalelas.com.ar\/sitio\/?p=57659"},"modified":"2023-03-29T00:44:48","modified_gmt":"2023-03-29T03:44:48","slug":"temporada-2023-del-teatro-del-bicentenario-de-san-juan","status":"publish","type":"post","link":"https:\/\/vocesparalelas.com.ar\/sitio\/temporada-2023-del-teatro-del-bicentenario-de-san-juan\/","title":{"rendered":"Temporada 2023 del Teatro del Bicentenario de San Juan"},"content":{"rendered":"<p>El Ministerio de Turismo y Cultura del Gobierno de San Juan presenta la S\u00e9ptima Temporada del Teatro del Bicentenario, una temporada vibrante, variada y protagonizada por grandes figuras del mundo art\u00edstico nacional e internacional, coronada con el lanzamiento de la primera edici\u00f3n del \u201cArgentina Opera Festival\u201d.<\/p>\n<p>La directora art\u00edstica y de Formaci\u00f3n del Teatro del Bicentenario, Silvana Moreno, fue la encargada de dar el discurso oficial de apertura y anunciar el cronograma completo de los espect\u00e1culos que se desarrollar\u00e1n a lo largo del a\u00f1o. \u201cEn 2023, el Teatro del Bicentenario asumir\u00e1 el prop\u00f3sito de liderar, promover y facilitar condiciones y vivencias enriquecedoras\u201d, afirm\u00f3.<\/p>\n<p>El primer festival de \u00f3pera del pa\u00eds ser\u00e1 realizado en colaboraci\u00f3n con la entidad italiana Associazione Internazionale delle Culture Unite (AICU) y dirigido por el maestro Lorenzo Tazzieri. Se realizar\u00e1 del 16 de septiembre al 1 de octubre. Durante ese tiempo, habr\u00e1 charlas, conferencias y capacitaciones del g\u00e9nero l\u00edrico y el TB pondr\u00e1 en escena dos famosas \u00f3peras con una gran producci\u00f3n: Pagliacci, de Ruggero Leoncavallo, y Cavalleria Rusticana, de Pietro Mascagni, con direcci\u00f3n del prestigioso director y escen\u00f3grafo Eugenio Zanetti.<\/p>\n<p>En marzo, The End, el grupo que interpreta el legado de Pink Floyd, fue parte de la magn\u00edfica programaci\u00f3n de este a\u00f1o. En mayo llegar\u00e1 el aplaudido concierto de obras de ficci\u00f3n \u201cBack to the Orchestra\u201d, creado y dirigido por el joven Maestro Dami\u00e1n Mahler. Mientras que, en julio y honrando a grandes bandas universales, actuar\u00e1 The Beats, la banda beatle mejor considerada. Adem\u00e1s, como todos los a\u00f1os, el coloso sanjuanino producir\u00e1 y pondr\u00e1 en escena la Gala Patria, en el marco de los festejos patrios de la provincia.<\/p>\n<p>Esta s\u00e9ptima temporada el Teatro se complacer\u00e1 en recibir en julio a una formaci\u00f3n coral exquisita y de gran prestigio como Los Ni\u00f1os Cantores de Par\u00eds, considerados como el mejor coro de chicos de Francia, especializado en el repertorio sagrado y profano, as\u00ed como en la interpretaci\u00f3n a capella.<\/p>\n<p>Agosto ser\u00e1 un mes intenso, con una agenda que ofrecer\u00e1 distintos g\u00e9neros art\u00edsticos: volver\u00e1 el genial humor de Les Luthiers en su gira despedida, con siete funciones; por primera vez, el reconocido actor espa\u00f1ol Jos\u00e9 Sacrist\u00e1n subir\u00e1 a escena con su unipersonal Se\u00f1ora de Rojo sobre Fondo Gris; y adem\u00e1s, la distinguida orquesta t\u00edpica de tango franco-argentina, Fleurs Noire, presentar\u00e1 su flamante proyecto \u201cTangos en Aleph\u201d.<\/p>\n<p>Nuevamente, el Teatro del Bicentenario propiciar\u00e1 el acceso al arte de todos los sanjuaninos, programando la \u00f3pera infantil El Principito (noviembre) con versiones accesibles, disponiendo de dispositivos necesarios para el disfrute de personas con discapacidad.<\/p>\n<p>Finalmente, en diciembre subir\u00e1 la reposici\u00f3n de la celestial concepci\u00f3n de H\u00e4ndel con la maravillosa coreograf\u00eda de Mauricio Wainrot para El Mes\u00edas, producida por el Teatro del Bicentenario con participaci\u00f3n de la Orquesta Sinf\u00f3nica y Coro Universitario de la UNSJ.<\/p>\n<p>La Secretaria de Cultura, Virginia Agote, explic\u00f3 los motivos de la selecci\u00f3n de propuestas para esta nueva temporada. \u201cLa idea es que, a trav\u00e9s de la riqueza en la diversidad de programaci\u00f3n, se incluyan a todas las comunidades art\u00edsticas locales, nacionales e internacionales posibles. Que todos puedan participar, siempre poniendo \u00e9nfasis en la participaci\u00f3n de los artistas locales\u201d. Esto \u00faltimo es posible gracias a los v\u00ednculos forjados con instituciones como la UNSJ con el coro, la Orquesta Sinf\u00f3nica, La Camerata y las empresas que acompa\u00f1an. \u201cEs fundamental trabajar de la mano, en forma conjunta, para ofrecer no solo contenido de calidad, sino tambi\u00e9n una buena formaci\u00f3n para nuestros artistas y que a futuro puedan trabajar en la provincia\u201d, concluy\u00f3.<\/p>\n<p>Por otro lado, la ministra Claudia Grynszpan ponder\u00f3 el rol de la cultura en la provincia. \u201cEs pol\u00edtica de Estado y nos da la fe necesaria para seguir adelante. Trajo alivio, alegr\u00eda y esperanza despu\u00e9s de la pandemia, no solo en San Juan, sino en el mundo\u201d. Y agreg\u00f3 \u201cLa cultura es la foto de una sociedad, retrata lo que fuimos, lo que somos y lo que seremos: incluye a la universidad, la Orquesta Sinf\u00f3nica, los coros, los polic\u00edas, la funci\u00f3n en agradecimiento a los trabajadores de la salud, las fundaciones, las asociaciones, las empresas y los productores privados. Todo esto es fruto de un trabajo que no hubiera sido posible si el gobernador Sergio U\u00f1ac no destinaba un presupuesto para Cultura\u201d, asegur\u00f3.<\/p>\n<p>Por \u00faltimo, la funcionaria se enorgulleci\u00f3 de la programaci\u00f3n de calidad que ofrecer\u00e1 el Teatro del Bicentenario, la cual se destaca a nivel nacional. \u201cEstamos presentando una construcci\u00f3n de formaci\u00f3n que va de abajo hacia arriba. De esta manera, posibilitamos en el interior del pa\u00eds, una esperanza de producci\u00f3n y germinaci\u00f3n de cultura que no necesariamente se limite a Buenos Aires\u201d.<\/p>\n<p><iframe loading=\"lazy\" title=\"TEATRO BICENTENARIO SAN JUAN\" width=\"800\" height=\"600\" src=\"https:\/\/www.youtube.com\/embed\/1tlNlSSHVso?feature=oembed\" frameborder=\"0\" allow=\"accelerometer; autoplay; clipboard-write; encrypted-media; gyroscope; picture-in-picture; web-share\" allowfullscreen><\/iframe><\/p>\n<p>&nbsp;<\/p>\n<p>&nbsp;<\/p>\n","protected":false},"excerpt":{"rendered":"<p>El Ministerio de Turismo y Cultura del Gobierno de San Juan presenta la S\u00e9ptima Temporada del Teatro del Bicentenario, una<\/p>\n","protected":false},"author":3,"featured_media":32104,"comment_status":"closed","ping_status":"closed","sticky":false,"template":"","format":"video","meta":{"_acf_changed":false,"_seopress_robots_primary_cat":"none","_seopress_titles_title":"","_seopress_titles_desc":"","_seopress_robots_index":"","colormag_page_container_layout":"default_layout","colormag_page_sidebar_layout":"default_layout","footnotes":""},"categories":[1,7],"tags":[],"class_list":["post-57659","post","type-post","status-publish","format-video","has-post-thumbnail","hentry","category-destacadas","category-videos","post_format-post-format-video"],"acf":[],"_links":{"self":[{"href":"https:\/\/vocesparalelas.com.ar\/sitio\/wp-json\/wp\/v2\/posts\/57659","targetHints":{"allow":["GET"]}}],"collection":[{"href":"https:\/\/vocesparalelas.com.ar\/sitio\/wp-json\/wp\/v2\/posts"}],"about":[{"href":"https:\/\/vocesparalelas.com.ar\/sitio\/wp-json\/wp\/v2\/types\/post"}],"author":[{"embeddable":true,"href":"https:\/\/vocesparalelas.com.ar\/sitio\/wp-json\/wp\/v2\/users\/3"}],"replies":[{"embeddable":true,"href":"https:\/\/vocesparalelas.com.ar\/sitio\/wp-json\/wp\/v2\/comments?post=57659"}],"version-history":[{"count":1,"href":"https:\/\/vocesparalelas.com.ar\/sitio\/wp-json\/wp\/v2\/posts\/57659\/revisions"}],"predecessor-version":[{"id":57662,"href":"https:\/\/vocesparalelas.com.ar\/sitio\/wp-json\/wp\/v2\/posts\/57659\/revisions\/57662"}],"wp:featuredmedia":[{"embeddable":true,"href":"https:\/\/vocesparalelas.com.ar\/sitio\/wp-json\/wp\/v2\/media\/32104"}],"wp:attachment":[{"href":"https:\/\/vocesparalelas.com.ar\/sitio\/wp-json\/wp\/v2\/media?parent=57659"}],"wp:term":[{"taxonomy":"category","embeddable":true,"href":"https:\/\/vocesparalelas.com.ar\/sitio\/wp-json\/wp\/v2\/categories?post=57659"},{"taxonomy":"post_tag","embeddable":true,"href":"https:\/\/vocesparalelas.com.ar\/sitio\/wp-json\/wp\/v2\/tags?post=57659"}],"curies":[{"name":"wp","href":"https:\/\/api.w.org\/{rel}","templated":true}]}}