{"id":57619,"date":"2023-03-27T23:00:11","date_gmt":"2023-03-28T02:00:11","guid":{"rendered":"https:\/\/vocesparalelas.com.ar\/sitio\/?p=57619"},"modified":"2023-03-28T10:53:50","modified_gmt":"2023-03-28T13:53:50","slug":"embajador-de-canada-en-la-republica-argentina-reid-douglas-sirrs-en-san-juan","status":"publish","type":"post","link":"https:\/\/vocesparalelas.com.ar\/sitio\/embajador-de-canada-en-la-republica-argentina-reid-douglas-sirrs-en-san-juan\/","title":{"rendered":"Embajador de Canad\u00e1 en la Rep\u00fablica Argentina, Reid Douglas Sirrs en San Juan"},"content":{"rendered":"<p>El gobernador de San Juan, Dr. Sergio U\u00f1ac, recibi\u00f3 los saludos protocolares del Embajador de Canad\u00e1 en la Rep\u00fablica Argentina, Reid Douglas Sirrs.<\/p>\n<p>La actividad comenz\u00f3 en los jardines de la Casa de Gobierno, con la revista y saludo por parte de U\u00f1ac a los efectivos de la Guardia de Infanter\u00eda, Cadetes de la Escuela de Polic\u00eda, con Bandera y Banda de la Polic\u00eda de la Provincia de San Juan.<\/p>\n<p><iframe loading=\"lazy\" title=\"EMBAJADOR DE CANAD\u00c1 EN ARGENTINA\" width=\"800\" height=\"450\" src=\"https:\/\/www.youtube.com\/embed\/HcJEGYhWzhc?feature=oembed\" frameborder=\"0\" allow=\"accelerometer; autoplay; clipboard-write; encrypted-media; gyroscope; picture-in-picture; web-share\" allowfullscreen><\/iframe><\/p>\n<p>Posteriormente, el gobernador de San Juan, Dr. Sergio U\u00f1ac, present\u00f3 a cada uno de los integrantes de su gabinete al Embajador de Canad\u00e1 en la Rep\u00fablica Argentina, Reid Douglas Sirrs.<\/p>\n<p>Seguidamente, se entreg\u00f3 el decreto que nombr\u00f3 a Reid Douglas Sirrs Hu\u00e9sped de Honor de la provincia y, adem\u00e1s, U\u00f1ac obsequi\u00f3 al plenipotenciario una medalla de plata con la imagen de Sarmiento en el anverso y el escudo de la provincia en el reverso.<\/p>\n<p><iframe loading=\"lazy\" title=\"EMBAJADOR DE CANAD\u00c1 EN ARGENTINA\" width=\"800\" height=\"450\" src=\"https:\/\/www.youtube.com\/embed\/EKi9IbHt6Ug?feature=oembed\" frameborder=\"0\" allow=\"accelerometer; autoplay; clipboard-write; encrypted-media; gyroscope; picture-in-picture; web-share\" allowfullscreen><\/iframe><\/p>\n<p>Continuando con la ceremonia, el Dr. Sergio U\u00f1ac\u00a0hizo hincapi\u00e9 en que \u201ces un gran placer recibir hoy al embajador. San Juan tiene estrechas relaciones con el sector econ\u00f3mico de Canad\u00e1; muchas inversiones de empresas canadienses est\u00e1n radicadas aqu\u00ed. Es un territorio peque\u00f1o, pero que ha diversificado su matriz productiva con energ\u00edas renovables, turismo, deporte, cultura. Hoy somos la primera en generaci\u00f3n de energ\u00eda solar en el pa\u00eds\u201d.<\/p>\n<p>Continuando con sus palabras, el gobernador asever\u00f3 que \u201cadem\u00e1s, en el 2022 lideramos la inversi\u00f3n minera en explotaci\u00f3n y exploraci\u00f3n, lo que tiene mucho que ver con empresas canadienses que decidieron poner los ojos en San Juan, actitud que incentivamos durante casi dos d\u00e9cadas. Espero que el embajador y su equipo de trabajo tengan una gran jornada y se conecten con nuestras cultura y tradiciones\u201d, expres\u00f3 el primer mandatario provincial a la vez que dio la bienvenida a los extranjeros.<\/p>\n<p>Por su parte<strong>, <\/strong>Reid Douglas Sirrs manifest\u00f3 que \u00abes un honor estar hoy aqu\u00ed. En Canad\u00e1 cuando se habla de Argentina se habla de San Juan\u201d, dijo el diplom\u00e1tico y se refiri\u00f3 a la Feria de Toronto, donde la Provincia de San Juan tuvo participaci\u00f3n, como en ocasiones anteriores.<\/p>\n<p>\u201cHay muchos lazos en com\u00fan, como la miner\u00eda, pero adem\u00e1s, el turismo, la econom\u00eda y otros aspectos para continuar dialogando, ya que hay compa\u00f1\u00edas canadienses interesadas en desarrollarse en San Juan\u201d, concluy\u00f3.<\/p>\n<p>Participaron adem\u00e1s en el encuentro el vicegobernador CPN Roberto Gattoni; el diputado nacional Walberto Allende; los ministros de Gobierno, Dr. Alberto Hensel; de Miner\u00eda, Ing. Carlos Astudillo; de Salud P\u00fablica, Dra. Alejandra Venerando; de Obras y Servicios P\u00fablicos, Ing. Julio Ortiz Andino; de Producci\u00f3n y Desarrollo Econ\u00f3mico, Ing. Ariel Lucero; de Turismo y Cultura, Lic. Claudia Grynszpan y de Educaci\u00f3n, Lic. Cecilia Trincado Moncho; los secretarios de Estado de Seguridad, Dr. Carlos Munisaga; de Ambiente y Desarrollo Sustentable, Francisco Guevara; de Deportes, Jorge Chica y de Ciencia, Tecnolog\u00eda e Innovaci\u00f3n, Ing. Marita Benavente; el secretario de Relaciones Institucionales, Lic. Marcelo Fretes; el subsecretario de la Unidad Gobernaci\u00f3n, Luis Rueda y el asesor letrado de Gobierno, Dr. Carlos Lorenzo.<\/p>\n<p>Posteriormente, los participantes se reunieron en la Sala Camus que forma parte a la privada.<\/p>\n<p><img loading=\"lazy\" decoding=\"async\" class=\"alignnone size-full wp-image-57624\" src=\"https:\/\/vocesparalelas.com.ar\/sitio\/wp-content\/uploads\/2023\/03\/EMBAJADOR-CANADA-03.jpg\" alt=\"\" width=\"800\" height=\"533\" srcset=\"https:\/\/vocesparalelas.com.ar\/sitio\/wp-content\/uploads\/2023\/03\/EMBAJADOR-CANADA-03.jpg 800w, https:\/\/vocesparalelas.com.ar\/sitio\/wp-content\/uploads\/2023\/03\/EMBAJADOR-CANADA-03-300x200.jpg 300w, https:\/\/vocesparalelas.com.ar\/sitio\/wp-content\/uploads\/2023\/03\/EMBAJADOR-CANADA-03-768x512.jpg 768w\" sizes=\"auto, (max-width: 800px) 100vw, 800px\" \/><\/p>\n<p>&nbsp;<\/p>\n","protected":false},"excerpt":{"rendered":"<p>El gobernador de San Juan, Dr. Sergio U\u00f1ac, recibi\u00f3 los saludos protocolares del Embajador de Canad\u00e1 en la Rep\u00fablica Argentina,<\/p>\n","protected":false},"author":3,"featured_media":57622,"comment_status":"closed","ping_status":"closed","sticky":false,"template":"","format":"standard","meta":{"_acf_changed":false,"_seopress_robots_primary_cat":"none","_seopress_titles_title":"","_seopress_titles_desc":"","_seopress_robots_index":"","colormag_page_container_layout":"default_layout","colormag_page_sidebar_layout":"default_layout","footnotes":""},"categories":[1,7],"tags":[],"class_list":["post-57619","post","type-post","status-publish","format-standard","has-post-thumbnail","hentry","category-destacadas","category-videos"],"acf":[],"_links":{"self":[{"href":"https:\/\/vocesparalelas.com.ar\/sitio\/wp-json\/wp\/v2\/posts\/57619","targetHints":{"allow":["GET"]}}],"collection":[{"href":"https:\/\/vocesparalelas.com.ar\/sitio\/wp-json\/wp\/v2\/posts"}],"about":[{"href":"https:\/\/vocesparalelas.com.ar\/sitio\/wp-json\/wp\/v2\/types\/post"}],"author":[{"embeddable":true,"href":"https:\/\/vocesparalelas.com.ar\/sitio\/wp-json\/wp\/v2\/users\/3"}],"replies":[{"embeddable":true,"href":"https:\/\/vocesparalelas.com.ar\/sitio\/wp-json\/wp\/v2\/comments?post=57619"}],"version-history":[{"count":1,"href":"https:\/\/vocesparalelas.com.ar\/sitio\/wp-json\/wp\/v2\/posts\/57619\/revisions"}],"predecessor-version":[{"id":57625,"href":"https:\/\/vocesparalelas.com.ar\/sitio\/wp-json\/wp\/v2\/posts\/57619\/revisions\/57625"}],"wp:featuredmedia":[{"embeddable":true,"href":"https:\/\/vocesparalelas.com.ar\/sitio\/wp-json\/wp\/v2\/media\/57622"}],"wp:attachment":[{"href":"https:\/\/vocesparalelas.com.ar\/sitio\/wp-json\/wp\/v2\/media?parent=57619"}],"wp:term":[{"taxonomy":"category","embeddable":true,"href":"https:\/\/vocesparalelas.com.ar\/sitio\/wp-json\/wp\/v2\/categories?post=57619"},{"taxonomy":"post_tag","embeddable":true,"href":"https:\/\/vocesparalelas.com.ar\/sitio\/wp-json\/wp\/v2\/tags?post=57619"}],"curies":[{"name":"wp","href":"https:\/\/api.w.org\/{rel}","templated":true}]}}