{"id":57589,"date":"2023-03-27T22:37:43","date_gmt":"2023-03-28T01:37:43","guid":{"rendered":"https:\/\/vocesparalelas.com.ar\/sitio\/?p=57589"},"modified":"2023-03-27T22:37:43","modified_gmt":"2023-03-28T01:37:43","slug":"apertura-del-periodo-ordinario-de-sesiones-de-la-camara-de-diputados-de-san-juan-2","status":"publish","type":"post","link":"https:\/\/vocesparalelas.com.ar\/sitio\/apertura-del-periodo-ordinario-de-sesiones-de-la-camara-de-diputados-de-san-juan-2\/","title":{"rendered":"Apertura del Per\u00edodo Ordinario de Sesiones de la C\u00e1mara de Diputados de San Juan"},"content":{"rendered":"<div class=\"itemFullText jbintrotext\">\n<p>En el marco de la reuni\u00f3n de labor parlamentaria los legisladores presidentes de los Bloques que conforman la C\u00e1mara de Diputados ultimaron detalles para la Apertura de Sesiones del Per\u00edodo Ordinario 2023 a realizarse el pr\u00f3ximo lunes 3 de abril con la presentaci\u00f3n del Mensaje Anual del gobernador Sergio U\u00f1ac. El encuentro fue llevado a cabo en el edificio anexo de la Legislatura y estuvo encabezado por el vicegobernador Roberto Gattoni.<\/p>\n<\/div>\n<div class=\"itemFullText\">\n<p>Particip\u00f3 el secretario Legislativo, Nicol\u00e1s Alvo; los vicepresidentes primero, diputado Eduardo Cabello; segundo, legislador Carlos Platero; y vicepresidente alterno, legislador Edgardo Sancassani. Tambi\u00e9n estuvieron presentes los titulares de los bloques, Producci\u00f3n y Trabajo, Sergio Miodowsky; Bloquista, Andr\u00e9s Chanampa; Frente Grande-Unidad Ciudadana, Horacio Quiroga; Del Este, Marcelo Mallea; San Juan Primero, Enrique Monta\u00f1o; ConFe Somos San Juan, Florencia Pe\u00f1aloza; PRO- Juntos por el Cambio, Enzo Cornejo; bloque Lealtad, Juan Carlos Gioja; y bloque Actuar, diputado Gustavo Us\u00edn.<\/p>\n<p>Cabe se\u00f1alar que la Apertura de Sesiones se realiza para este lunes 3 de abril, a las 8.30 horas, de acuerdo con el art\u00edculo 152\u00ba de la Constituci\u00f3n de la provincia que establece que la C\u00e1mara de Diputados debe reunirse en sesiones del per\u00edodo ordinario todos los a\u00f1os desde el primer d\u00eda h\u00e1bil del mes de abril.<\/p>\n<p>Asimismo, conforme lo dispuesto por el art\u00edculo 189\u00ba inciso 6 de la Constituci\u00f3n de la provincia, el Gobernador o quien ejerza el Poder Ejecutivo, debe informar a la C\u00e1mara de Diputados, al iniciarse cada per\u00edodo ordinario de sesiones, el estado general de la administraci\u00f3n, el movimiento de fondos que se hubiera producido dentro o fuera del presupuesto general durante el ejercicio econ\u00f3mico anterior y de las necesidades p\u00fablicas y sus soluciones inmediatas.<\/p>\n<p>Adem\u00e1s, en virtud de los art\u00edculos 220\u00ba y 221\u00ba de la Constituci\u00f3n de la provincia y el art\u00edculo 39\u00ba del Reglamento Interno de la C\u00e1mara de Diputados, en la primera sesi\u00f3n, debe dividirse por sorteo en dos salas para la tramitaci\u00f3n del Juicio Pol\u00edtico. Cada Sala debe elegir a la diputada o diputado que la presidir\u00e1 y, asimismo, la Sala Acusadora debe nombrar los miembros de la Comisi\u00f3n Investigadora.<\/p>\n<p>Por otra parte, el art\u00edculo 145\u00ba de la Constituci\u00f3n de la provincia establece que la C\u00e1mara nombra anualmente, durante la primera sesi\u00f3n del per\u00edodo ordinario, un Vicepresidente Primero y un Vicepresidente Segundo de entre sus integrantes y tambi\u00e9n la Ley N\u00ba 501-E dispone la designaci\u00f3n de un Vicepresidente Alterno.<\/p>\n<h3>\u00a0<strong>Proyectos ingresados<\/strong><\/h3>\n<p>En la ocasi\u00f3n, tomar\u00e1n estado parlamentario los siguientes proyectos de Ley remitidos por el Poder Ejecutivo que proponen:<\/p>\n<ul>\n<li>Aprobar el acuerdo marco celebrado entre la provincia de San Juan y el Correo Oficial de la Rep\u00fablica Argentina S.A.<\/li>\n<li>Establecer principios, instrumentos y recursos para el fomento de la eficiencia en la gesti\u00f3n h\u00eddrica y uso sostenible del agua en la Provincia.<\/li>\n<li>Ratificar el convenio de adhesi\u00f3n al Sistema Autom\u00e1tico del Circuito de Identificaci\u00f3n suscripto entre el Ministerio de Seguridad de la Naci\u00f3n y la provincia de San Juan.<\/li>\n<li>Aprobar el convenio de Colaboraci\u00f3n en la Prevenci\u00f3n e Investigaci\u00f3n de Delitos Econ\u00f3micos, suscripto entre el Ministerio de Seguridad de la Naci\u00f3n y la provincia de San Juan.<\/li>\n<li>Imponer el nombre Escuela Nivel Primario \u00abBandera Ciudadana\u00bb a la Escuela \u00abJuan Jos\u00e9 Castelli\u00bb, turno tarde, Departamento Rivadavia.<\/li>\n<li>Imponer el nombre de Escuela \u00abGendarme Argentino\u00bb a la Escuela \u00abGral. Mariano Bartolom\u00e9 Carreras\u00bb, turno tarde, Departamento Rivadavia.<\/li>\n<li>Imponer el nombre de Escuela de Educaci\u00f3n Especial \u00abCristo de la Quebrada\u00bb a la Escuela de Educaci\u00f3n M\u00faltiple de los Berros, Departamento Sarmiento.<\/li>\n<li>Establecer los ejes y lineamientos del plan estrat\u00e9gico PESJ de la provincia de San Juan.<\/li>\n<li>Ratificar el convenio marco de cooperaci\u00f3n suscripta entre el Ministerio de Seguridad de la provincia de Catamarca y la Secretar\u00eda de Estado de Seguridad y Orden P\u00fablico.<\/li>\n<li>Aprobar el acta complementaria N\u00b0 1 del convenio marco de cooperaci\u00f3n y colaboraci\u00f3n suscripto entre el Ministerio de Justicia y Derechos Humanos de la Naci\u00f3n y la Secretar\u00eda de Estado de Seguridad y Orden P\u00fablico.<\/li>\n<li>Ratificar el convenio marco de adhesi\u00f3n y el Anexo suscripto entre la Secretar\u00eda de Provincias del Ministerio del Interior de la Naci\u00f3n y la provincia de San Juan.<\/li>\n<li>Copias de la rendici\u00f3n de cuentas integral sobre el estado y evoluci\u00f3n del Fondo de Reserva Antic\u00edclico presentado por el Banco San Juan S.A., correspondiente al tercer trimestre del a\u00f1o 2022.<\/li>\n<li>Copias de la rendici\u00f3n de cuentas integral sobre el estado y evoluci\u00f3n del Fondo de Reserva Antic\u00edclico presentado por el Banco San Juan S.A.,correspondiente al segundo trimestre del a\u00f1o 2022.<\/li>\n<li>Aprobar la Adenda III al convenio suscripto entre el Ministerio de Transporte de la Naci\u00f3n y la provincia de San Juan.<\/li>\n<li>Ratificar el acta acuerdo suscripta entre la Direcci\u00f3n Nacional de Vialidad y la provincia de San Juan.<\/li>\n<li>Aprobar el convenio N\u00b0 10\/2022 y sus Anexos I, II, III, IV y V suscriptos entre la Secretar\u00eda de Agricultura, Ganader\u00eda y Pesca del Ministerio de Econom\u00eda de la Naci\u00f3n, y la provincia de San Juan.<\/li>\n<li>Ratificar el convenio de subvenci\u00f3n y Anexo I suscripto entre el Ministerio de Ciencia, Tecnolog\u00eda e Innovaci\u00f3n de la Naci\u00f3n, la Secretar\u00eda de Estado de Ciencia, Tecnolog\u00eda e Innovaci\u00f3n y la Universidad Cat\u00f3lica de Cuyo.<\/li>\n<li>Aprobar el acta cuerdo suscripta entre la Direcci\u00f3n Nacional de Vialidad y el Gobierno de la provincia de San Juan.<\/li>\n<li>Ratificar el convenio marco de asistencia y cooperaci\u00f3n y actas complementarias N\u00b0 I y Il suscriptos por el Ministerio de Gobierno de la Provincia y la Direcci\u00f3n Nacional del Registro Nacional de las Personas.<\/li>\n<li>Declarar de inter\u00e9s el II Foro de \u00abAmbiente y G\u00e9nero\u00bb.<\/li>\n<li>Aprobar los convenios \u00abPrograma Federal de Acciones Sustentables para Actividades Productivas\u00bb, \u00abCr\u00e9ditos CFI para el Sector de Software de San Juan\u00bb y<\/li>\n<\/ul>\n<p>\u00abCr\u00e9ditos CFI para Riego y Eficiencia H\u00eddrica\u00bb, todos suscriptos por la provincia de San Juan y el Consejo Federal de Inversiones.<\/p>\n<ul>\n<li>Aprobar el acta acuerdo suscripta entre la Direcci\u00f3n Nacional de Vialidad y el Gobierno de la provincia de San Juan.<\/li>\n<li>Ratificar el convenio permiso de uso con compromiso de compra Agencia de Administraci\u00f3n de Bienes del Estado, suscripto entre la AABE y la provincia de San Juan.<\/li>\n<li>Aprobar el convenio para la financiaci\u00f3n del Centro de An\u00e1lisis Integral de la Informaci\u00f3n sobre Delitos y Violaciones suscripto entre el Ministerio de Seguridad de la Naci\u00f3n y la Secretaria de Estado de Seguridad y Orden P\u00fablico de la Provincia.<\/li>\n<li>\u00a0Ratificar el convenio de asistencia financiera suscripto entre el Instituto Nacional de Juventudes y el Ministerio de Desarrollo Humano y Promoci\u00f3n Social de la provincia de San Juan.<\/li>\n<li>Aprobar el acuerdo de cooperaci\u00f3n suscripto entre la Polic\u00eda de Seguridad Aeroporturia y la Polic\u00eda de la provincia de San Juan.<\/li>\n<li>Informar sobre las proyecciones de presupuestos plurianuales de la provincia de San Juan.<\/li>\n<li>Ratificar el convenio de bonificaci\u00f3n de tasas de inter\u00e9s suscripto entre la provincia de San Juan y el Banco de la Naci\u00f3n Argentina &#8211; Vendimia 2022 y Anexo I.<\/li>\n<li>Aprobar el convenio de colaboraci\u00f3n y asistencia t\u00e9cnica suscripta entre la Agencia Nacional de Materiales Controlados y la Secretar\u00eda de Estado de Seguridad y Orden P\u00fablico.<\/li>\n<li>Aprobar el convenio marco de cooperaci\u00f3n suscripto entre el Gobierno de la provincia de San Juan y la Administraci\u00f3n Nacional de Aviaci\u00f3n Civil (A.N.A.C.).<\/li>\n<li>Ratificar el convenio N\u00b0 55\/2022 susrcripto entre la Secretar\u00eda de Agricultura, Ganader\u00eda y Pesca del Ministerio de Econom\u00eda de la Naci\u00f3n y la provincia de San Juan.<\/li>\n<li>Aprobar el convenio y sus anexos I y II suscriptos entre la Secretar\u00eda de Innovaci\u00f3n P\u00fablica y el Gobierno de la provincia de San Juan.<\/li>\n<li>Aprobar tres convenios suscriptos entre la provincia de San Juan y el Banco San Juan S.A.<\/li>\n<\/ul>\n<ul>\n<li>Donar al Instituto Provincial de la Vivienda un inmueble, N.C. N\u00b0 01-23-840400.<\/li>\n<\/ul>\n<p>Por otro lado, ingresar\u00e1n para su tratamiento en comisiones los siguientes proyectos de Ley presentados por los diputados, que proponen:<\/p>\n<ul>\n<li>Colocar juegos adaptados a ni\u00f1os con discapacidad en plazas y parques p\u00fablicos. (Producci\u00f3n y Trabajo)<\/li>\n<li>\u00a0Crear la \u00abAPP NO ES NO\u00bb. (Producci\u00f3n y Trabajo)<\/li>\n<li>Adherir a la Ley Nacional N\u00b0 23.184 que establece un R\u00e9gimen Penal y Contravencional para la Prevenci\u00f3n y Represi\u00f3n de la Violencia en Espect\u00e1culos Deportivos. (Bloquista)<\/li>\n<li>Adherir a la Ley N\u00ba 27636 sobre \u00abPromoci\u00f3n del acceso al empleo formal para personas travestis, transexuales y transg\u00e9neros &#8211; Diana Sacay\u00e1n &#8211; Lohana Berkins\u00bb. (Justicialista)<\/li>\n<li>Instituir el uso e implementaci\u00f3n de la \u00abcredencial violeta\u00bb a todas las mujeres y personas LGTBIQ+, v\u00edctimas de violencia de g\u00e9nero que cuenten con medidas de protecci\u00f3n vigentes. (Justicialista)<\/li>\n<li>Instituir el d\u00eda provincial de la conciencia para promover la cultura de la Paz. (Justicialista)<\/li>\n<li>Declarar patrimonio hist\u00f3rico y cultural la colecci\u00f3n de olivo \u00abDante Floreal M\u00e1rsico\u00bb. (Justicialista)<\/li>\n<li>Declarar bien integrante del patrimonio cultural y Natural a los \u00abOlivos de la Mesada\u00bb. (Justicialista)<\/li>\n<li>Modificar la Ley N\u00b0 941-R, C\u00f3digo de Faltas de la Provincia de San Juan. (Bloquismo)<\/li>\n<li>Disponer la capacitaci\u00f3n y acompa\u00f1amiento a mujeres empresarias o en puestos de direcci\u00f3n o jerarqu\u00eda. (Producci\u00f3n y Trabajo)<\/li>\n<li>Crear el Circuito tur\u00edstico Hist\u00f3rico Provincial denominado \u00abRuta de los Terremotos Sanjuaninos\u00bb. (Justicialista)<\/li>\n<li>Disponer la inclusi\u00f3n en los contenidos vertidos en los ejes transversales derechos humanos y educaci\u00f3n para la paz, la exhibici\u00f3n de la pel\u00edcula \u00abArgentina 1985\u00bb. (Justicialista)<\/li>\n<li>Disponer que los sitios web de los municipios pongan a disposici\u00f3n un lugar para publicar comercios locales. (Producci\u00f3n y Trabajo)<\/li>\n<li>Consolidar las leyes sancionadas y publicadas en el a\u00f1o 2022. (Comisi\u00f3n Permanente)<\/li>\n<li>Modificar la Ley N\u00b0 898-D, C\u00f3digo Provincial de Implementaci\u00f3n de los Derechos de los Consumidores y Usuarios. (Bloquista)<\/li>\n<\/ul>\n<p>Adem\u00e1s, ser\u00e1 girado a comisiones para su estudio un proyecto de Resoluci\u00f3n del bloque Justicialista que propone declarar de inter\u00e9s el programa televisivo \u00abCultura Inquieta\u00bb.<\/p>\n<p>Y por \u00faltimo, ingresar\u00e1 a comisiones un proyecto de Comunicaci\u00f3n presentado por el bloque Bloquista por el que se solicita a los legisladores nacionales representantes de la Provincia que presenten un proyecto de ley que declare a la telefon\u00eda m\u00f3vil como servicio p\u00fablico.<\/p>\n<\/div>\n","protected":false},"excerpt":{"rendered":"<p>En el marco de la reuni\u00f3n de labor parlamentaria los legisladores presidentes de los Bloques que conforman la C\u00e1mara de<\/p>\n","protected":false},"author":3,"featured_media":57593,"comment_status":"closed","ping_status":"closed","sticky":false,"template":"","format":"standard","meta":{"_acf_changed":false,"_seopress_robots_primary_cat":"none","_seopress_titles_title":"","_seopress_titles_desc":"","_seopress_robots_index":"","colormag_page_container_layout":"default_layout","colormag_page_sidebar_layout":"default_layout","footnotes":""},"categories":[1],"tags":[],"class_list":["post-57589","post","type-post","status-publish","format-standard","has-post-thumbnail","hentry","category-destacadas"],"acf":[],"_links":{"self":[{"href":"https:\/\/vocesparalelas.com.ar\/sitio\/wp-json\/wp\/v2\/posts\/57589","targetHints":{"allow":["GET"]}}],"collection":[{"href":"https:\/\/vocesparalelas.com.ar\/sitio\/wp-json\/wp\/v2\/posts"}],"about":[{"href":"https:\/\/vocesparalelas.com.ar\/sitio\/wp-json\/wp\/v2\/types\/post"}],"author":[{"embeddable":true,"href":"https:\/\/vocesparalelas.com.ar\/sitio\/wp-json\/wp\/v2\/users\/3"}],"replies":[{"embeddable":true,"href":"https:\/\/vocesparalelas.com.ar\/sitio\/wp-json\/wp\/v2\/comments?post=57589"}],"version-history":[{"count":1,"href":"https:\/\/vocesparalelas.com.ar\/sitio\/wp-json\/wp\/v2\/posts\/57589\/revisions"}],"predecessor-version":[{"id":57594,"href":"https:\/\/vocesparalelas.com.ar\/sitio\/wp-json\/wp\/v2\/posts\/57589\/revisions\/57594"}],"wp:featuredmedia":[{"embeddable":true,"href":"https:\/\/vocesparalelas.com.ar\/sitio\/wp-json\/wp\/v2\/media\/57593"}],"wp:attachment":[{"href":"https:\/\/vocesparalelas.com.ar\/sitio\/wp-json\/wp\/v2\/media?parent=57589"}],"wp:term":[{"taxonomy":"category","embeddable":true,"href":"https:\/\/vocesparalelas.com.ar\/sitio\/wp-json\/wp\/v2\/categories?post=57589"},{"taxonomy":"post_tag","embeddable":true,"href":"https:\/\/vocesparalelas.com.ar\/sitio\/wp-json\/wp\/v2\/tags?post=57589"}],"curies":[{"name":"wp","href":"https:\/\/api.w.org\/{rel}","templated":true}]}}