{"id":57556,"date":"2023-03-24T01:25:29","date_gmt":"2023-03-24T04:25:29","guid":{"rendered":"https:\/\/vocesparalelas.com.ar\/sitio\/?p=57556"},"modified":"2023-04-20T01:12:30","modified_gmt":"2023-04-20T04:12:30","slug":"se-fortalece-el-cultivo-de-nogales-en-san-juan-para-la-exportacion","status":"publish","type":"post","link":"https:\/\/vocesparalelas.com.ar\/sitio\/se-fortalece-el-cultivo-de-nogales-en-san-juan-para-la-exportacion\/","title":{"rendered":"Se fortalece el cultivo de nogales en San Juan para la exportaci\u00f3n"},"content":{"rendered":"<p>El gobernador de San Juan, Dr. Sergio U\u00f1ac recibi\u00f3 la visita del empresario Juli\u00e1n Groisman, vicepresidente ejecutivo del Grupo Presidente, quien le anunci\u00f3 al mandatario la pr\u00f3xima expansi\u00f3n de la superficie cultivada en la plantaci\u00f3n de nogales con que cuenta la firma en Zonda, con un alto grado de industrializaci\u00f3n y con destino de exportaci\u00f3n.<\/p>\n<p>En la reuni\u00f3n, en la que particip\u00f3 tambi\u00e9n el ministro de Producci\u00f3n y Desarrollo Econ\u00f3mico, Ing. Ariel Lucero, el directivo empresarial dio a conocer adem\u00e1s la futura inversi\u00f3n en infraestructura en Ficamen, donde funciona la empresa Iveco en San Juan.<\/p>\n<p>Durante el encuentro, Juli\u00e1n Groisman present\u00f3 los resultados de la primera cosecha de una plantaci\u00f3n de 20 hect\u00e1reas de nogales, que pr\u00f3ximamente sumar\u00e1 44 hect\u00e1reas m\u00e1s, para alcanzar un total de 200 hect\u00e1reas a futuro con destino de exportaci\u00f3n.<\/p>\n<p>\u201cEstuvimos con el ministro recorriendo la inversi\u00f3n. Iniciamos un proceso de investigaci\u00f3n en el desarrollo en la plantaci\u00f3n de nogales con resultados muy satisfactorios\u201d, expres\u00f3 el empresario al respecto.<\/p>\n<p>\u201cVamos a empezar con la fase de aumento de hect\u00e1reas cultivadas para alcanzar el objetivo del incremento a 200 hect\u00e1reas finales, con el agregado de una nueva industria de exportaci\u00f3n desde San Juan. Este es un modelo totalmente integrado, basado en la exportaci\u00f3n\u201d, a\u00f1adi\u00f3 Groisman.<\/p>\n<p>Por otra parte, el vicepresidente de la firma Presidente adelant\u00f3 que realizar\u00e1 inversiones en el local de Ficamen, concesionario dedicado a la venta de camiones marca Iveco y de prestar los correspondientes servicios de posventa. \u201cEn San Juan hemos hecho una nueva sede, desarrollando una concesionaria sustentable, con la ampliaci\u00f3n de las \u00e1reas comerciales, ya que estamos en negociaciones para traer nuevas marcas y representaciones comerciales a la provincia, dentro de este polo que inauguraremos dentro del segundo semestre del 2023, generando m\u00e1s empleo. Invertiremos en infraestructura en la construcci\u00f3n de nuevos galpones, oficinas y tambi\u00e9n maquinaria para el sector minero\u201d.<\/p>\n<p>Finalmente, Juli\u00e1n Groisman destac\u00f3 que \u201cpara nosotros es un orgullo estar en una provincia donde el sector p\u00fablico apoya al sector privado en un objetivo com\u00fan de crecimiento\u201d.<\/p>\n<p>El Grupo Presidente lleva 50 a\u00f1os de actividad en Mendoza, San Juan y Chile. En este medio siglo transcurrido se ha consolidado en el desarrollo de negocios inmobiliarios, la construcci\u00f3n y operaci\u00f3n de centros comerciales, la construcci\u00f3n y gerenciamiento de hoteles cinco estrellas, agro negocios y la formulaci\u00f3n de alianzas y representaciones comerciales.<\/p>\n<figure id=\"attachment_57560\" aria-describedby=\"caption-attachment-57560\" style=\"width: 800px\" class=\"wp-caption alignnone\"><img loading=\"lazy\" decoding=\"async\" class=\"size-full wp-image-57560\" src=\"https:\/\/vocesparalelas.com.ar\/sitio\/wp-content\/uploads\/2023\/03\/NOGALES-SAN-JUAN-01.jpg\" alt=\"\" width=\"800\" height=\"533\" srcset=\"https:\/\/vocesparalelas.com.ar\/sitio\/wp-content\/uploads\/2023\/03\/NOGALES-SAN-JUAN-01.jpg 800w, https:\/\/vocesparalelas.com.ar\/sitio\/wp-content\/uploads\/2023\/03\/NOGALES-SAN-JUAN-01-300x200.jpg 300w, https:\/\/vocesparalelas.com.ar\/sitio\/wp-content\/uploads\/2023\/03\/NOGALES-SAN-JUAN-01-768x512.jpg 768w\" sizes=\"auto, (max-width: 800px) 100vw, 800px\" \/><figcaption id=\"caption-attachment-57560\" class=\"wp-caption-text\">El ministro de Producci\u00f3n y Desarrollo Econ\u00f3mico, Ing. Ariel Lucero, junto al Vicepresidente del Grupo Presidente, Juli\u00e1n Groisman<\/figcaption><\/figure>\n<p>El ministro de Producci\u00f3n y Desarrollo Econ\u00f3mico, Ing. Ariel Lucero manifest\u00f3 la importancia del cultivo del nogal en San Juan porque permitir\u00e1 exportar las nueces al extranjero.<\/p>\n<p><iframe loading=\"lazy\" title=\"IMINISTRO PRODUCCION SAN JUAN NG ARIEL LUCERO\" width=\"800\" height=\"450\" src=\"https:\/\/www.youtube.com\/embed\/IlyRP9T1xBM?feature=oembed\" frameborder=\"0\" allow=\"accelerometer; autoplay; clipboard-write; encrypted-media; gyroscope; picture-in-picture; web-share\" allowfullscreen><\/iframe><\/p>\n<p>&nbsp;<\/p>\n<p>&nbsp;<\/p>\n<p>&nbsp;<\/p>\n<p>&nbsp;<\/p>\n","protected":false},"excerpt":{"rendered":"<p>El gobernador de San Juan, Dr. Sergio U\u00f1ac recibi\u00f3 la visita del empresario Juli\u00e1n Groisman, vicepresidente ejecutivo del Grupo Presidente,<\/p>\n","protected":false},"author":3,"featured_media":57559,"comment_status":"closed","ping_status":"closed","sticky":false,"template":"","format":"standard","meta":{"_acf_changed":false,"_seopress_robots_primary_cat":"none","_seopress_titles_title":"","_seopress_titles_desc":"","_seopress_robots_index":"","colormag_page_container_layout":"default_layout","colormag_page_sidebar_layout":"default_layout","footnotes":""},"categories":[1,7],"tags":[],"class_list":["post-57556","post","type-post","status-publish","format-standard","has-post-thumbnail","hentry","category-destacadas","category-videos"],"acf":[],"_links":{"self":[{"href":"https:\/\/vocesparalelas.com.ar\/sitio\/wp-json\/wp\/v2\/posts\/57556","targetHints":{"allow":["GET"]}}],"collection":[{"href":"https:\/\/vocesparalelas.com.ar\/sitio\/wp-json\/wp\/v2\/posts"}],"about":[{"href":"https:\/\/vocesparalelas.com.ar\/sitio\/wp-json\/wp\/v2\/types\/post"}],"author":[{"embeddable":true,"href":"https:\/\/vocesparalelas.com.ar\/sitio\/wp-json\/wp\/v2\/users\/3"}],"replies":[{"embeddable":true,"href":"https:\/\/vocesparalelas.com.ar\/sitio\/wp-json\/wp\/v2\/comments?post=57556"}],"version-history":[{"count":1,"href":"https:\/\/vocesparalelas.com.ar\/sitio\/wp-json\/wp\/v2\/posts\/57556\/revisions"}],"predecessor-version":[{"id":57561,"href":"https:\/\/vocesparalelas.com.ar\/sitio\/wp-json\/wp\/v2\/posts\/57556\/revisions\/57561"}],"wp:featuredmedia":[{"embeddable":true,"href":"https:\/\/vocesparalelas.com.ar\/sitio\/wp-json\/wp\/v2\/media\/57559"}],"wp:attachment":[{"href":"https:\/\/vocesparalelas.com.ar\/sitio\/wp-json\/wp\/v2\/media?parent=57556"}],"wp:term":[{"taxonomy":"category","embeddable":true,"href":"https:\/\/vocesparalelas.com.ar\/sitio\/wp-json\/wp\/v2\/categories?post=57556"},{"taxonomy":"post_tag","embeddable":true,"href":"https:\/\/vocesparalelas.com.ar\/sitio\/wp-json\/wp\/v2\/tags?post=57556"}],"curies":[{"name":"wp","href":"https:\/\/api.w.org\/{rel}","templated":true}]}}