{"id":57493,"date":"2023-03-22T19:58:10","date_gmt":"2023-03-22T22:58:10","guid":{"rendered":"https:\/\/vocesparalelas.com.ar\/sitio\/?p=57493"},"modified":"2023-03-22T22:37:18","modified_gmt":"2023-03-23T01:37:18","slug":"san-juan-garantiza-un-salario-minimo-de-180-000","status":"publish","type":"post","link":"https:\/\/vocesparalelas.com.ar\/sitio\/san-juan-garantiza-un-salario-minimo-de-180-000\/","title":{"rendered":"San Juan garantiza un salario m\u00ednimo de $180.000"},"content":{"rendered":"<p>El Gobierno de San Juan informa que, considerando la necesidad de garantizar la educaci\u00f3n de todos los alumnos y alumnas de San Juan mediante el dictado de clases y teniendo en cuenta la crisis econ\u00f3mica que atraviesa el pa\u00eds en general, y San Juan en particular, siendo los m\u00e1s perjudicados los asalariados de menores ingresos, el gobernador toma la decisi\u00f3n pol\u00edtica de incrementar los ingresos a estos sectores.<\/p>\n<p>En esta l\u00ednea, se propone concretar un adelanto a los sectores de menores ingresos de los docentes y del resto de los empleados del Estado en la misma condici\u00f3n.<\/p>\n<p>La meta es garantizar un salario neto a los maestros de grado jornada simple de $180.000.<\/p>\n<p>El incremento ser\u00e1 una suma fija, por persona de hasta $ 42.500, a cuenta de los futuros aumentos salariales previstos. Para los casos en que corresponda la suma fija, el salario neto no podr\u00e1 superar la suma de $ 180.000.<\/p>\n<p><img loading=\"lazy\" decoding=\"async\" class=\"alignnone size-full wp-image-57499\" src=\"https:\/\/vocesparalelas.com.ar\/sitio\/wp-content\/uploads\/2023\/03\/DOCENTES-AUMENTO.jpg\" alt=\"\" width=\"800\" height=\"181\" srcset=\"https:\/\/vocesparalelas.com.ar\/sitio\/wp-content\/uploads\/2023\/03\/DOCENTES-AUMENTO.jpg 800w, https:\/\/vocesparalelas.com.ar\/sitio\/wp-content\/uploads\/2023\/03\/DOCENTES-AUMENTO-300x68.jpg 300w, https:\/\/vocesparalelas.com.ar\/sitio\/wp-content\/uploads\/2023\/03\/DOCENTES-AUMENTO-768x174.jpg 768w\" sizes=\"auto, (max-width: 800px) 100vw, 800px\" \/><\/p>\n<p>Esta medida alcanza a docentes y a todos los trabajadores estatales y significar\u00e1 un ingreso importante para los asalariados.<\/p>\n<p>En el caso espec\u00edfico de los docentes pasar\u00e1n de cobrar el maestro de grado jornada simple de $ 137.991 a $ 180.000.<\/p>\n<p>&nbsp;<\/p>\n<p><iframe loading=\"lazy\" title=\"SAN JUAN CPN MARISA L\u00d3PEZ\" width=\"800\" height=\"450\" src=\"https:\/\/www.youtube.com\/embed\/HFu0DqJO07g?feature=oembed\" frameborder=\"0\" allow=\"accelerometer; autoplay; clipboard-write; encrypted-media; gyroscope; picture-in-picture; web-share\" allowfullscreen><\/iframe><\/p>\n<p><span style=\"color: #ff0000;\"><strong>Ante Consultas<\/strong><\/span><\/p>\n<p>Reiteremos que garantizar un salario neto (de bolsillo) de $ 180.000, es concretar en marzo el aumento otorgado del 71,1 %, asistiendo a los sectores de menores ingresos.<\/p>\n<p>Que esta suma no remunerativa, *NO ES EN NEGRO,* forma parte de los salarios y ser\u00e1 incorporada en el valor \u00edndice por los aumentos acordados.<\/p>\n<p>El resto de los docentes y de la administraci\u00f3n p\u00fablica que supera los 180.000 mil pesos netos de sueldo, recibir\u00e1n igualmente los incrementos acordados de 41,1% a marzo, 10% en abril, 10% en julio y 10% en septiembre.<\/p>\n","protected":false},"excerpt":{"rendered":"<p>El Gobierno de San Juan informa que, considerando la necesidad de garantizar la educaci\u00f3n de todos los alumnos y alumnas<\/p>\n","protected":false},"author":3,"featured_media":57496,"comment_status":"closed","ping_status":"closed","sticky":false,"template":"","format":"video","meta":{"_acf_changed":false,"_seopress_robots_primary_cat":"none","_seopress_titles_title":"","_seopress_titles_desc":"","_seopress_robots_index":"","colormag_page_container_layout":"default_layout","colormag_page_sidebar_layout":"default_layout","footnotes":""},"categories":[1,7],"tags":[],"class_list":["post-57493","post","type-post","status-publish","format-video","has-post-thumbnail","hentry","category-destacadas","category-videos","post_format-post-format-video"],"acf":[],"_links":{"self":[{"href":"https:\/\/vocesparalelas.com.ar\/sitio\/wp-json\/wp\/v2\/posts\/57493","targetHints":{"allow":["GET"]}}],"collection":[{"href":"https:\/\/vocesparalelas.com.ar\/sitio\/wp-json\/wp\/v2\/posts"}],"about":[{"href":"https:\/\/vocesparalelas.com.ar\/sitio\/wp-json\/wp\/v2\/types\/post"}],"author":[{"embeddable":true,"href":"https:\/\/vocesparalelas.com.ar\/sitio\/wp-json\/wp\/v2\/users\/3"}],"replies":[{"embeddable":true,"href":"https:\/\/vocesparalelas.com.ar\/sitio\/wp-json\/wp\/v2\/comments?post=57493"}],"version-history":[{"count":5,"href":"https:\/\/vocesparalelas.com.ar\/sitio\/wp-json\/wp\/v2\/posts\/57493\/revisions"}],"predecessor-version":[{"id":57512,"href":"https:\/\/vocesparalelas.com.ar\/sitio\/wp-json\/wp\/v2\/posts\/57493\/revisions\/57512"}],"wp:featuredmedia":[{"embeddable":true,"href":"https:\/\/vocesparalelas.com.ar\/sitio\/wp-json\/wp\/v2\/media\/57496"}],"wp:attachment":[{"href":"https:\/\/vocesparalelas.com.ar\/sitio\/wp-json\/wp\/v2\/media?parent=57493"}],"wp:term":[{"taxonomy":"category","embeddable":true,"href":"https:\/\/vocesparalelas.com.ar\/sitio\/wp-json\/wp\/v2\/categories?post=57493"},{"taxonomy":"post_tag","embeddable":true,"href":"https:\/\/vocesparalelas.com.ar\/sitio\/wp-json\/wp\/v2\/tags?post=57493"}],"curies":[{"name":"wp","href":"https:\/\/api.w.org\/{rel}","templated":true}]}}