{"id":57475,"date":"2023-03-21T22:40:49","date_gmt":"2023-03-22T01:40:49","guid":{"rendered":"https:\/\/vocesparalelas.com.ar\/sitio\/?p=57475"},"modified":"2023-03-23T02:02:53","modified_gmt":"2023-03-23T05:02:53","slug":"concierto-de-cantautoras-de-san-juan","status":"publish","type":"post","link":"https:\/\/vocesparalelas.com.ar\/sitio\/concierto-de-cantautoras-de-san-juan\/","title":{"rendered":"Concierto de \u201cCantautoras\u201d de San Juan"},"content":{"rendered":"<p>El Ministerio de Turismo y Cultura del Gobierno de San Juan, junto al Auditorio Juan Victoria y La Camerata San Juan, proponen una actividad cultural con motivo del mes de la mujer.<\/p>\n<p>En este contexto, el concierto de \u201cCantautoras\u201d ser\u00e1 un reconocimiento a todas las mujeres autoras y compositoras musicales, el Domingo, 26 de Marzo, desde las 20 hs., en el Auditorio Juan Victoria.<\/p>\n<p>La propuesta est\u00e1 expresada por tres reconocidas cantantes de San Juan como Martina Flores, Ana Paula Torres y Eli Dom\u00ednguez.<\/p>\n<p>Con un vasto repertorio musical, en el show hay temas tradicionales muy conocidos que hacen emocionar al p\u00fablico como los de Chabuca Granda, Mar\u00eda Elena Walsh y Eladia Bl\u00e1zquez. Adem\u00e1s, quienes asistan tambi\u00e9n pueden disfrutar de canciones de autoras m\u00e1s contempor\u00e1neas como Natalia Lafourcade y Julieta Venegas.<\/p>\n<p>Las entradas generales ya pueden adquirirse, de forma online, en la p\u00e1gina web de\u00a0TuEntrada.com<\/p>\n<p><a href=\"https:\/\/www.tuentrada.com\/eventos\/detalle\/Camerata-Cantautoras\/499270160813\">https:\/\/www.tuentrada.com\/eventos\/detalle\/Camerata-Cantautoras\/499270160813<\/a><\/p>\n<p>y las mismas tienen un valor final de 440 pesos.<\/p>\n<p><img loading=\"lazy\" decoding=\"async\" class=\"alignnone size-large wp-image-1668\" src=\"https:\/\/vocesparalelas.com.ar\/sitio\/wp-content\/uploads\/2017\/06\/AUDITORIO-800x532.jpg\" alt=\"\" width=\"800\" height=\"532\" srcset=\"https:\/\/vocesparalelas.com.ar\/sitio\/wp-content\/uploads\/2017\/06\/AUDITORIO.jpg 800w, https:\/\/vocesparalelas.com.ar\/sitio\/wp-content\/uploads\/2017\/06\/AUDITORIO-300x200.jpg 300w, https:\/\/vocesparalelas.com.ar\/sitio\/wp-content\/uploads\/2017\/06\/AUDITORIO-768x511.jpg 768w\" sizes=\"auto, (max-width: 800px) 100vw, 800px\" \/><\/p>\n","protected":false},"excerpt":{"rendered":"<p>El Ministerio de Turismo y Cultura del Gobierno de San Juan, junto al Auditorio Juan Victoria y La Camerata San<\/p>\n","protected":false},"author":3,"featured_media":57478,"comment_status":"closed","ping_status":"closed","sticky":false,"template":"","format":"standard","meta":{"_acf_changed":false,"_seopress_robots_primary_cat":"none","_seopress_titles_title":"","_seopress_titles_desc":"","_seopress_robots_index":"","colormag_page_container_layout":"default_layout","colormag_page_sidebar_layout":"default_layout","footnotes":""},"categories":[20],"tags":[],"class_list":["post-57475","post","type-post","status-publish","format-standard","has-post-thumbnail","hentry","category-cartelera"],"acf":[],"_links":{"self":[{"href":"https:\/\/vocesparalelas.com.ar\/sitio\/wp-json\/wp\/v2\/posts\/57475","targetHints":{"allow":["GET"]}}],"collection":[{"href":"https:\/\/vocesparalelas.com.ar\/sitio\/wp-json\/wp\/v2\/posts"}],"about":[{"href":"https:\/\/vocesparalelas.com.ar\/sitio\/wp-json\/wp\/v2\/types\/post"}],"author":[{"embeddable":true,"href":"https:\/\/vocesparalelas.com.ar\/sitio\/wp-json\/wp\/v2\/users\/3"}],"replies":[{"embeddable":true,"href":"https:\/\/vocesparalelas.com.ar\/sitio\/wp-json\/wp\/v2\/comments?post=57475"}],"version-history":[{"count":1,"href":"https:\/\/vocesparalelas.com.ar\/sitio\/wp-json\/wp\/v2\/posts\/57475\/revisions"}],"predecessor-version":[{"id":57479,"href":"https:\/\/vocesparalelas.com.ar\/sitio\/wp-json\/wp\/v2\/posts\/57475\/revisions\/57479"}],"wp:featuredmedia":[{"embeddable":true,"href":"https:\/\/vocesparalelas.com.ar\/sitio\/wp-json\/wp\/v2\/media\/57478"}],"wp:attachment":[{"href":"https:\/\/vocesparalelas.com.ar\/sitio\/wp-json\/wp\/v2\/media?parent=57475"}],"wp:term":[{"taxonomy":"category","embeddable":true,"href":"https:\/\/vocesparalelas.com.ar\/sitio\/wp-json\/wp\/v2\/categories?post=57475"},{"taxonomy":"post_tag","embeddable":true,"href":"https:\/\/vocesparalelas.com.ar\/sitio\/wp-json\/wp\/v2\/tags?post=57475"}],"curies":[{"name":"wp","href":"https:\/\/api.w.org\/{rel}","templated":true}]}}