{"id":57467,"date":"2023-03-21T23:15:58","date_gmt":"2023-03-22T02:15:58","guid":{"rendered":"https:\/\/vocesparalelas.com.ar\/sitio\/?p=57467"},"modified":"2023-03-24T01:33:09","modified_gmt":"2023-03-24T04:33:09","slug":"programacion-2023-del-mozarteum-san-juan","status":"publish","type":"post","link":"https:\/\/vocesparalelas.com.ar\/sitio\/programacion-2023-del-mozarteum-san-juan\/","title":{"rendered":"Programaci\u00f3n 2023 del Mozarteum San Juan"},"content":{"rendered":"<p>Es importante destacar que la programaci\u00f3n 2023 del Mozarteum San Juan apunta a la m\u00fasica de g\u00e9neros como electrotango, jazz, cl\u00e1sico instrumental y la \u00f3pera.<\/p>\n<p>En el lanzamiento estuvieron presentes la ministra de Turismo y Cultura del Gobierno de San Juan, Lic. Claudia Grynszpan; la secretaria de Cultura, Lic. Virginia Agote y el presidente del Mozarteum, Arq. Claudio Feldman.<\/p>\n<p><strong><span style=\"color: #0000ff;\">Programaci\u00f3n<\/span><\/strong><\/p>\n<ul>\n<li>13 de Abril con \u201cTanghetto\u201d, tango electr\u00f3nico.<\/li>\n<li>Mayo, \u201cLa Antigua Jazz Band<\/li>\n<li>15 de Junio Leonardo Pitella, con un concierto de piano.<\/li>\n<li>Julio, la Orquesta de la Universidad Nacional de San Juan, junto a coros y cantantes italianos, acompa\u00f1an a Lorenzo Tazzieri en una destaca gala de \u00f3pera l\u00edrica.<\/li>\n<li>17 de Agosto, d\u00fao Clara Cernat y Thierry Huillet dedicados a la m\u00fasica, explorando incansablemente el repertorio para viol\u00edn y piano desde el siglo XVIII al siglo XXI.<\/li>\n<li>9 de Septiembre, la pianista Marcela Roggeri y el clarinetista Mariano Rey.<\/li>\n<\/ul>\n<p><strong><span style=\"color: #0000ff;\">Abono y entrada<\/span><\/strong><\/p>\n<p>En esta edici\u00f3n 2023, el abono general es de $15.000, mientras el juvenil de $8.000. Para quienes s\u00f3lo deseen ir a algunas presentaciones el costo por funci\u00f3n es de $3.000<\/p>\n<p>Hay variedad de formas de pago a trav\u00e9s de tarjeta de cr\u00e9dito del Banco San Juan, transferencia bancaria o efectivo.<\/p>\n<p>&nbsp;<\/p>\n<p>&nbsp;<\/p>\n","protected":false},"excerpt":{"rendered":"<p>Es importante destacar que la programaci\u00f3n 2023 del Mozarteum San Juan apunta a la m\u00fasica de g\u00e9neros como electrotango, jazz,<\/p>\n","protected":false},"author":3,"featured_media":57473,"comment_status":"closed","ping_status":"closed","sticky":false,"template":"","format":"standard","meta":{"_acf_changed":false,"_seopress_robots_primary_cat":"none","_seopress_titles_title":"","_seopress_titles_desc":"","_seopress_robots_index":"","colormag_page_container_layout":"default_layout","colormag_page_sidebar_layout":"default_layout","footnotes":""},"categories":[20],"tags":[],"class_list":["post-57467","post","type-post","status-publish","format-standard","has-post-thumbnail","hentry","category-cartelera"],"acf":[],"_links":{"self":[{"href":"https:\/\/vocesparalelas.com.ar\/sitio\/wp-json\/wp\/v2\/posts\/57467","targetHints":{"allow":["GET"]}}],"collection":[{"href":"https:\/\/vocesparalelas.com.ar\/sitio\/wp-json\/wp\/v2\/posts"}],"about":[{"href":"https:\/\/vocesparalelas.com.ar\/sitio\/wp-json\/wp\/v2\/types\/post"}],"author":[{"embeddable":true,"href":"https:\/\/vocesparalelas.com.ar\/sitio\/wp-json\/wp\/v2\/users\/3"}],"replies":[{"embeddable":true,"href":"https:\/\/vocesparalelas.com.ar\/sitio\/wp-json\/wp\/v2\/comments?post=57467"}],"version-history":[{"count":1,"href":"https:\/\/vocesparalelas.com.ar\/sitio\/wp-json\/wp\/v2\/posts\/57467\/revisions"}],"predecessor-version":[{"id":57474,"href":"https:\/\/vocesparalelas.com.ar\/sitio\/wp-json\/wp\/v2\/posts\/57467\/revisions\/57474"}],"wp:featuredmedia":[{"embeddable":true,"href":"https:\/\/vocesparalelas.com.ar\/sitio\/wp-json\/wp\/v2\/media\/57473"}],"wp:attachment":[{"href":"https:\/\/vocesparalelas.com.ar\/sitio\/wp-json\/wp\/v2\/media?parent=57467"}],"wp:term":[{"taxonomy":"category","embeddable":true,"href":"https:\/\/vocesparalelas.com.ar\/sitio\/wp-json\/wp\/v2\/categories?post=57467"},{"taxonomy":"post_tag","embeddable":true,"href":"https:\/\/vocesparalelas.com.ar\/sitio\/wp-json\/wp\/v2\/tags?post=57467"}],"curies":[{"name":"wp","href":"https:\/\/api.w.org\/{rel}","templated":true}]}}