{"id":57462,"date":"2023-03-21T22:12:48","date_gmt":"2023-03-22T01:12:48","guid":{"rendered":"https:\/\/vocesparalelas.com.ar\/sitio\/?p=57462"},"modified":"2023-03-23T01:15:42","modified_gmt":"2023-03-23T04:15:42","slug":"deben-presentar-factura-marzo-2023-los-contratados-de-servicios-generales-y-personal-administrativo-de-educacion-de-san-juan","status":"publish","type":"post","link":"https:\/\/vocesparalelas.com.ar\/sitio\/deben-presentar-factura-marzo-2023-los-contratados-de-servicios-generales-y-personal-administrativo-de-educacion-de-san-juan\/","title":{"rendered":"Deben presentar factura \u00abMarzo 2023\u00bb los Contratados de Servicios Generales y personal administrativo de Educaci\u00f3n de San Juan"},"content":{"rendered":"<p>El Ministerio de Educaci\u00f3n del Gobierno de San Juan informa que las personas que poseen contratos Administrativos de Servicios de Colaboraci\u00f3n deber\u00e1n presentar la factura electr\u00f3nica correspondiente a marzo 2023 a su directivo para que la firme y selle al dorso.<\/p>\n<p>La factura puede realizarse a partir del 21 de Marzo y tienen que presentarla de acuerdo al cronograma.<\/p>\n<p><span style=\"color: #339966;\"><strong>Servicios Generales &#8211; porteros<\/strong><\/span><\/p>\n<p>&nbsp;<\/p>\n<p><img loading=\"lazy\" decoding=\"async\" class=\"alignnone size-full wp-image-57465\" src=\"https:\/\/vocesparalelas.com.ar\/sitio\/wp-content\/uploads\/2023\/03\/MARZO-EDUCACION.jpg\" alt=\"\" width=\"800\" height=\"261\" srcset=\"https:\/\/vocesparalelas.com.ar\/sitio\/wp-content\/uploads\/2023\/03\/MARZO-EDUCACION.jpg 800w, https:\/\/vocesparalelas.com.ar\/sitio\/wp-content\/uploads\/2023\/03\/MARZO-EDUCACION-300x98.jpg 300w, https:\/\/vocesparalelas.com.ar\/sitio\/wp-content\/uploads\/2023\/03\/MARZO-EDUCACION-768x251.jpg 768w\" sizes=\"auto, (max-width: 800px) 100vw, 800px\" \/><\/p>\n<p>Las facturas deben ser electr\u00f3nicas y confeccionadas de la siguiente manera:<\/p>\n<p><strong>Factura de marzo 2023:<\/strong><\/p>\n<p><strong>FECHA DE EMISI\u00d3N<\/strong>: 31\/03\/2023<\/p>\n<p><strong>PERIODO FACTURADO<\/strong>: DESDE EL 01\/03\/2023 Hasta 31\/03\/2023<\/p>\n<p><strong>VENCIMIENTO:<\/strong>\u00a028\/04\/2023<\/p>\n<p><strong>CUIT GOBIERNO DE LA PROVINCIA:<\/strong>\u00a030-99901516-2<\/p>\n<p><strong>CONDICI\u00d3N FRENTE AL IVA:<\/strong>\u00a0IVA SUJETO EXENTO<\/p>\n<p><strong>CONDICI\u00d3N DE VENTA:<\/strong>\u00a0OTRA<\/p>\n<p><strong>DETALLE:<\/strong>\u00a0Pago de honorarios por Contrato Administrativo de Servicios de Colaboraci\u00f3n correspondiente al mes de Marzo de 2023.-<\/p>\n<p><strong>MONTO A FACTURAR:<\/strong>\u00a0(PARA PORTEROS): $66.000,00.-<\/p>\n<p><strong>CONFORMACI\u00d3N DE FACTURA:<\/strong>\u00a0Al dorso de la factura (en la parte de atr\u00e1s) deber\u00e1 colocar lo siguiente: \u201cART\u00cdCULOS 6\u00b0 Y 11\u00ba LEY N\u00ba 793-A. CL\u00c1USULA CUARTA DEL CONTRATO ADMINISTRATIVO DE SERVICIOS DE COLABORACI\u00d3N\u201d.<\/p>\n<p>San Juan, 31 de marzo de 2023.<\/p>\n<p>Firma y sello del directivo<\/p>\n<p><span style=\"color: #339966;\"><strong>Presentaci\u00f3n de Seguro:<\/strong><\/span>\u00a0constancia de pago de marzo 2023. Fotocopia legible con datos del asegurado (nombre y apellido), legalizada en el frente por el directivo. En caso de presentar el comprobante de pago emitido por el seguro, este debe tener fecha de marzo 2023. Sin excepci\u00f3n.<\/p>\n<p><strong><span style=\"color: #339966;\">Contratados con funciones administrativas:<\/span>\u00a0<\/strong>tienen que presentar\u00e1n la factura en la Oficina de Personal Administrativo con el monto correspondiente a cada contrato, los d\u00edas 22, 23, 27, 28 de marzo de 2023, en horario de 7:30 a 13:30.<\/p>\n<p><span style=\"color: #339966;\"><strong>Zonas Alejadas<\/strong><\/span><\/p>\n<p>A los contratados que cumplen funciones en Valle F\u00e9rtil, Iglesia, Calingasta y J\u00e1chal, en breve se les informar\u00e1 fecha y lugar para la presentaci\u00f3n de facturas.<\/p>\n","protected":false},"excerpt":{"rendered":"<p>El Ministerio de Educaci\u00f3n del Gobierno de San Juan informa que las personas que poseen contratos Administrativos de Servicios de<\/p>\n","protected":false},"author":3,"featured_media":37957,"comment_status":"closed","ping_status":"closed","sticky":false,"template":"","format":"standard","meta":{"_acf_changed":false,"_seopress_robots_primary_cat":"none","_seopress_titles_title":"","_seopress_titles_desc":"","_seopress_robots_index":"","colormag_page_container_layout":"default_layout","colormag_page_sidebar_layout":"default_layout","footnotes":""},"categories":[5],"tags":[],"class_list":["post-57462","post","type-post","status-publish","format-standard","has-post-thumbnail","hentry","category-ofrecimientos"],"acf":[],"_links":{"self":[{"href":"https:\/\/vocesparalelas.com.ar\/sitio\/wp-json\/wp\/v2\/posts\/57462","targetHints":{"allow":["GET"]}}],"collection":[{"href":"https:\/\/vocesparalelas.com.ar\/sitio\/wp-json\/wp\/v2\/posts"}],"about":[{"href":"https:\/\/vocesparalelas.com.ar\/sitio\/wp-json\/wp\/v2\/types\/post"}],"author":[{"embeddable":true,"href":"https:\/\/vocesparalelas.com.ar\/sitio\/wp-json\/wp\/v2\/users\/3"}],"replies":[{"embeddable":true,"href":"https:\/\/vocesparalelas.com.ar\/sitio\/wp-json\/wp\/v2\/comments?post=57462"}],"version-history":[{"count":1,"href":"https:\/\/vocesparalelas.com.ar\/sitio\/wp-json\/wp\/v2\/posts\/57462\/revisions"}],"predecessor-version":[{"id":57466,"href":"https:\/\/vocesparalelas.com.ar\/sitio\/wp-json\/wp\/v2\/posts\/57462\/revisions\/57466"}],"wp:featuredmedia":[{"embeddable":true,"href":"https:\/\/vocesparalelas.com.ar\/sitio\/wp-json\/wp\/v2\/media\/37957"}],"wp:attachment":[{"href":"https:\/\/vocesparalelas.com.ar\/sitio\/wp-json\/wp\/v2\/media?parent=57462"}],"wp:term":[{"taxonomy":"category","embeddable":true,"href":"https:\/\/vocesparalelas.com.ar\/sitio\/wp-json\/wp\/v2\/categories?post=57462"},{"taxonomy":"post_tag","embeddable":true,"href":"https:\/\/vocesparalelas.com.ar\/sitio\/wp-json\/wp\/v2\/tags?post=57462"}],"curies":[{"name":"wp","href":"https:\/\/api.w.org\/{rel}","templated":true}]}}