{"id":57442,"date":"2023-03-20T23:03:54","date_gmt":"2023-03-21T02:03:54","guid":{"rendered":"https:\/\/vocesparalelas.com.ar\/sitio\/?p=57442"},"modified":"2023-03-26T23:59:43","modified_gmt":"2023-03-27T02:59:43","slug":"inscripcion-para-la-licenciatura-en-obstetricia-en-la-eucs-de-la-unsj","status":"publish","type":"post","link":"https:\/\/vocesparalelas.com.ar\/sitio\/inscripcion-para-la-licenciatura-en-obstetricia-en-la-eucs-de-la-unsj\/","title":{"rendered":"Inscripci\u00f3n para la Licenciatura en Obstetricia\u00bb en la EUCS de la UNSJ"},"content":{"rendered":"<p>La Escuela Universitaria de Ciencias de la Salud de la Universidad Nacional de San Juan informa que el Lunes, 27 de Marzo de 2023 abre la inscripci\u00f3n para la carrera de grado Licenciatura en Obstetricia, que fue aprobada en 2022 por el Consejo Superior de la UNSJ.<\/p>\n<p>La carrera tendr\u00e1 una duraci\u00f3n de 5 a\u00f1os. Se ocupa de la asistencia del embarazo, parto y puerperio normal con enfoque bio-psico-social, y de acciones de promoci\u00f3n y prevenci\u00f3n de la salud de la Mujer.<\/p>\n<p>Las preinscripciones para personas con secundario completo (sin l\u00edmite de edad), ser\u00e1n desde el lunes 27 de marzo al viernes 14 de abril a trav\u00e9s del SIU-Preinscripci\u00f3n. Generando un usuario y contrase\u00f1a, eligiendo la propuesta (Licenciatura en Obstetricia) y completando el formulario. En caso de tener usuario y contrase\u00f1a por haber hecho otras preinscripciones en a\u00f1os anteriores o por estar en otra carrera, deben ingresar a SIU-AUTOGESTION.<\/p>\n<p>Las preinscripciones para personas mayores de 25 a\u00f1os sin estudios secundarios completos, ser\u00e1n desde el lunes 27 al mi\u00e9rcoles 29 de marzo de manera presencial, deber\u00e1n presentar por la Escuela la siguiente documentaci\u00f3n:<\/p>\n<ul>\n<li>Fotocopia del D.N.I.<\/li>\n<li>Curr\u00edculum Vitae(obligatorio contener un correo electr\u00f3nico personal)<\/li>\n<li>Certificaci\u00f3n que acredite tener el primario completo<\/li>\n<\/ul>\n<p>Una vez presentada dicha documentaci\u00f3n, la preinscripci\u00f3n pasar\u00e1 a una comisi\u00f3n de admisi\u00f3n donde evaluar\u00e1n y decidir\u00e1n sobre la aceptaci\u00f3n o no de la misma.<\/p>\n<p>El Lunes, 3 de Abril se les informa a trav\u00e9s de un correo electr\u00f3nico, lo resuelto. En caso de ser aceptados, deben preinscribirse a trav\u00e9s del SIU-Preinscripci\u00f3n de la misma manera que las personas con secundario completo.<\/p>\n<p><span style=\"color: #339966;\"><strong>Fechas a tener en cuenta<\/strong><\/span><\/p>\n<ul>\n<li>Curso de Ingreso: Del 24 de abril al 16 de junio<\/li>\n<li>Ratificaci\u00f3n de Inscripci\u00f3n: Del 12 de junio al 16 de junio<\/li>\n<li>Examen de ingreso: 24 de junio<\/li>\n<\/ul>\n<p>Para mas informaci\u00f3n consultar a trav\u00e9s de mensajes de WhatsApp al 2644452211 o llamar al 2644320561 en horario de 14 a 19 hs.<\/p>\n<p><img loading=\"lazy\" decoding=\"async\" class=\"alignnone size-large wp-image-22965\" src=\"https:\/\/vocesparalelas.com.ar\/sitio\/wp-content\/uploads\/2019\/08\/FCEFN-SALUD-800x600.jpg\" alt=\"\" width=\"800\" height=\"600\" srcset=\"https:\/\/vocesparalelas.com.ar\/sitio\/wp-content\/uploads\/2019\/08\/FCEFN-SALUD-800x600.jpg 800w, https:\/\/vocesparalelas.com.ar\/sitio\/wp-content\/uploads\/2019\/08\/FCEFN-SALUD-300x225.jpg 300w, https:\/\/vocesparalelas.com.ar\/sitio\/wp-content\/uploads\/2019\/08\/FCEFN-SALUD-768x576.jpg 768w, https:\/\/vocesparalelas.com.ar\/sitio\/wp-content\/uploads\/2019\/08\/FCEFN-SALUD.jpg 1000w\" sizes=\"auto, (max-width: 800px) 100vw, 800px\" \/><\/p>\n<p>&nbsp;<\/p>\n<blockquote class=\"wp-embedded-content\" data-secret=\"RwiDgE6Z2l\"><p><a href=\"https:\/\/vocesparalelas.com.ar\/sitio\/el-cs-de-la-unsj-aprobo-la-creacion-de-la-carrera-de-grado-licenciatura-en-psicologia-de-la-eucs\/\">EL CS de la UNSJ aprob\u00f3 la creaci\u00f3n de la Carrera de Grado Licenciatura en Psicolog\u00eda de la EUCS<\/a><\/p><\/blockquote>\n<p><iframe loading=\"lazy\" class=\"wp-embedded-content\" sandbox=\"allow-scripts\" security=\"restricted\" style=\"position: absolute; clip: rect(1px, 1px, 1px, 1px);\" title=\"\u00abEL CS de la UNSJ aprob\u00f3 la creaci\u00f3n de la Carrera de Grado Licenciatura en Psicolog\u00eda de la EUCS\u00bb \u2014 Voces Paralelas\" src=\"https:\/\/vocesparalelas.com.ar\/sitio\/el-cs-de-la-unsj-aprobo-la-creacion-de-la-carrera-de-grado-licenciatura-en-psicologia-de-la-eucs\/embed\/#?secret=KwejIVKhJL#?secret=RwiDgE6Z2l\" data-secret=\"RwiDgE6Z2l\" width=\"600\" height=\"338\" frameborder=\"0\" marginwidth=\"0\" marginheight=\"0\" scrolling=\"no\"><\/iframe><\/p>\n","protected":false},"excerpt":{"rendered":"<p>La Escuela Universitaria de Ciencias de la Salud de la Universidad Nacional de San Juan informa que el Lunes, 27<\/p>\n","protected":false},"author":3,"featured_media":57445,"comment_status":"closed","ping_status":"closed","sticky":false,"template":"","format":"standard","meta":{"_acf_changed":false,"_seopress_robots_primary_cat":"none","_seopress_titles_title":"","_seopress_titles_desc":"","_seopress_robots_index":"","colormag_page_container_layout":"default_layout","colormag_page_sidebar_layout":"default_layout","footnotes":""},"categories":[9],"tags":[],"class_list":["post-57442","post","type-post","status-publish","format-standard","has-post-thumbnail","hentry","category-cursos"],"acf":[],"_links":{"self":[{"href":"https:\/\/vocesparalelas.com.ar\/sitio\/wp-json\/wp\/v2\/posts\/57442","targetHints":{"allow":["GET"]}}],"collection":[{"href":"https:\/\/vocesparalelas.com.ar\/sitio\/wp-json\/wp\/v2\/posts"}],"about":[{"href":"https:\/\/vocesparalelas.com.ar\/sitio\/wp-json\/wp\/v2\/types\/post"}],"author":[{"embeddable":true,"href":"https:\/\/vocesparalelas.com.ar\/sitio\/wp-json\/wp\/v2\/users\/3"}],"replies":[{"embeddable":true,"href":"https:\/\/vocesparalelas.com.ar\/sitio\/wp-json\/wp\/v2\/comments?post=57442"}],"version-history":[{"count":1,"href":"https:\/\/vocesparalelas.com.ar\/sitio\/wp-json\/wp\/v2\/posts\/57442\/revisions"}],"predecessor-version":[{"id":57446,"href":"https:\/\/vocesparalelas.com.ar\/sitio\/wp-json\/wp\/v2\/posts\/57442\/revisions\/57446"}],"wp:featuredmedia":[{"embeddable":true,"href":"https:\/\/vocesparalelas.com.ar\/sitio\/wp-json\/wp\/v2\/media\/57445"}],"wp:attachment":[{"href":"https:\/\/vocesparalelas.com.ar\/sitio\/wp-json\/wp\/v2\/media?parent=57442"}],"wp:term":[{"taxonomy":"category","embeddable":true,"href":"https:\/\/vocesparalelas.com.ar\/sitio\/wp-json\/wp\/v2\/categories?post=57442"},{"taxonomy":"post_tag","embeddable":true,"href":"https:\/\/vocesparalelas.com.ar\/sitio\/wp-json\/wp\/v2\/tags?post=57442"}],"curies":[{"name":"wp","href":"https:\/\/api.w.org\/{rel}","templated":true}]}}